{"id":4722,"date":"2021-09-05T22:07:02","date_gmt":"2021-09-06T01:07:02","guid":{"rendered":"http:\/\/www.labrujulaweb.com.ar\/blog\/?p=4722"},"modified":"2021-09-07T13:23:15","modified_gmt":"2021-09-07T16:23:15","slug":"ameghino-un-llamado-motivo-la-salida-de-bomberos-y-policia-a-ruta-188","status":"publish","type":"post","link":"https:\/\/www.labrujulaweb.com.ar\/blog\/interes-general\/ameghino-un-llamado-motivo-la-salida-de-bomberos-y-policia-a-ruta-188\/","title":{"rendered":"Ameghino:                                UN LLAMADO MOTIV\u00d3 LA SALIDA DE BOMBEROS Y POLICIA A RUTA 188"},"content":{"rendered":"\n<p>Ocurri\u00f3 este Domingo a las 21hs cuando un llamado recepcionado desde la comisaria de Ameghino, da cuenta a bomberos voluntarios sobre el incendio de un cami\u00f3n en ruta Nac. 188 a la altura del ex peaje (Km.298)<\/p>\n\n\n\n<p>Una dotaci\u00f3n de bomberos, unidad de rescate, polic\u00eda rural y personal de la comisaria partieron hacia el lugar se\u00f1alado sin encontrar el veh\u00edculo.<\/p>\n\n\n\n<p>Siguieron en su b\u00fasqueda hasta llegar al final de la jurisdicci\u00f3n Ameghino en cercan\u00edas de Coronel Granada sin hallar rastros del incidente del cual se hab\u00eda hecho el llamado de manera an\u00f3nima <\/p>\n\n\n\n<p>\u00bfOtra broma de mal gusto? \u00bfOtro juego de inconscientes? <\/p>\n\n\n\n<p>Vale destacar que para llegar al lugar se moviliz\u00f3 personal de bomberos, unidades, polic\u00eda y m\u00f3viles \u00bfSeguiremos sin entender que todo esto tiene un costo econ\u00f3mico para las instituciones involucradas pero fundamentalmente humana?&#8230;. <\/p>\n","protected":false},"excerpt":{"rendered":"<p>Ocurri\u00f3 este Domingo a las 21hs cuando un llamado recepcionado desde la comisaria de Ameghino, da cuenta a bomberos voluntarios sobre el incendio de un cami\u00f3n en ruta Nac. 188 a la altura del ex peaje (Km.298) Una dotaci\u00f3n de bomberos, unidad de rescate, polic\u00eda rural y personal de la comisaria partieron hacia el lugar [&hellip;]<\/p>\n","protected":false},"author":2,"featured_media":4723,"comment_status":"open","ping_status":"open","sticky":false,"template":"","format":"standard","meta":{"footnotes":"","jetpack_publicize_message":"","jetpack_publicize_feature_enabled":true,"jetpack_social_post_already_shared":true,"jetpack_social_options":{"image_generator_settings":{"template":"highway","default_image_id":0,"font":"","enabled":false},"version":2}},"categories":[24,31,6,9,34],"tags":[],"class_list":["post-4722","post","type-post","status-publish","format-standard","has-post-thumbnail","hentry","category-florentino-ameghino","category-importantes","category-interes-general","category-municipios","category-policial"],"jetpack_publicize_connections":[],"jetpack_featured_media_url":"https:\/\/i0.wp.com\/www.labrujulaweb.com.ar\/blog\/wp-content\/uploads\/2021\/09\/DOMING.jpg?fit=667%2C500&ssl=1","jetpack_sharing_enabled":true,"_links":{"self":[{"href":"https:\/\/www.labrujulaweb.com.ar\/blog\/wp-json\/wp\/v2\/posts\/4722","targetHints":{"allow":["GET"]}}],"collection":[{"href":"https:\/\/www.labrujulaweb.com.ar\/blog\/wp-json\/wp\/v2\/posts"}],"about":[{"href":"https:\/\/www.labrujulaweb.com.ar\/blog\/wp-json\/wp\/v2\/types\/post"}],"author":[{"embeddable":true,"href":"https:\/\/www.labrujulaweb.com.ar\/blog\/wp-json\/wp\/v2\/users\/2"}],"replies":[{"embeddable":true,"href":"https:\/\/www.labrujulaweb.com.ar\/blog\/wp-json\/wp\/v2\/comments?post=4722"}],"version-history":[{"count":3,"href":"https:\/\/www.labrujulaweb.com.ar\/blog\/wp-json\/wp\/v2\/posts\/4722\/revisions"}],"predecessor-version":[{"id":4730,"href":"https:\/\/www.labrujulaweb.com.ar\/blog\/wp-json\/wp\/v2\/posts\/4722\/revisions\/4730"}],"wp:featuredmedia":[{"embeddable":true,"href":"https:\/\/www.labrujulaweb.com.ar\/blog\/wp-json\/wp\/v2\/media\/4723"}],"wp:attachment":[{"href":"https:\/\/www.labrujulaweb.com.ar\/blog\/wp-json\/wp\/v2\/media?parent=4722"}],"wp:term":[{"taxonomy":"category","embeddable":true,"href":"https:\/\/www.labrujulaweb.com.ar\/blog\/wp-json\/wp\/v2\/categories?post=4722"},{"taxonomy":"post_tag","embeddable":true,"href":"https:\/\/www.labrujulaweb.com.ar\/blog\/wp-json\/wp\/v2\/tags?post=4722"}],"curies":[{"name":"wp","href":"https:\/\/api.w.org\/{rel}","templated":true}]}}