{"id":5196,"date":"2021-11-02T16:33:51","date_gmt":"2021-11-02T19:33:51","guid":{"rendered":"https:\/\/www.labrujulaweb.com.ar\/blog\/?p=5196"},"modified":"2021-11-05T09:50:10","modified_gmt":"2021-11-05T12:50:10","slug":"el-ministro-de-desarrollo-agrario-de-la-pcia-visito-tres-algarrobos-y-ameghino","status":"publish","type":"post","link":"https:\/\/www.labrujulaweb.com.ar\/blog\/interes-general\/el-ministro-de-desarrollo-agrario-de-la-pcia-visito-tres-algarrobos-y-ameghino\/","title":{"rendered":"El Ministro de Desarrollo Agrario de La Pcia Visit\u00f3 Tres Algarrobos y Ameghino"},"content":{"rendered":"\n<p><em><strong>\u201cfrente a la crisis es necesario impulsar la producci\u00f3n el trabajo y mejorar la calidad de vida de los bonaerenses\u201d&nbsp;<\/strong>afirm\u00f3 el Ministro en su recorrida por la zona.<\/em><\/p>\n\n\n\n<p>En la ma\u00f1ana de este Martes el Ministro de la cartera de Desarrollo Agrario de la Pcia de Bs As Javier Rodr\u00edguez visit\u00f3 la localidad de Tres Algarrobos, partido de C. Tejedor,  donde mantuvo -primeramente- una reuni\u00f3n de trabajo con la Intendenta Municipal para luego pasar a un encuentro con productores locales, Empresarios y recorrer emprendimientos del Distrito, finalizando con una conferencia a los medios.<\/p>\n\n\n\n<p>&nbsp;La mayor parte del dialogo con productores se centr\u00f3 en muchas de las acciones y pol\u00edticas que Viene llevando adelante el Ministerio tales como: &nbsp;<strong>Emergencia agropecuaria<\/strong>, la cual fue declarada por la comisi\u00f3n de Emergencia de la Pcia, en forma individual, con lo cual,  articulando con el Municipio se va a iniciar una inscripci\u00f3n de productores afectados por emergencia o por desastre \u2013dijo el Ministro- Consultado acerca del <strong>frigor\u00edfico de producci\u00f3n de cerdos<\/strong> \u2013que fue anunciado hace unos meses por la primera mandataria Tejedorense- con el objetivo faenar en la misma localidad y distrito, el Ministro asever\u00f3 que en breve se abrir\u00e1 la licitaci\u00f3n ya que esto genera puestos de trabajo y los consumidores podr\u00e1n acceder al producto con mejores precios de comercializaci\u00f3n, adem\u00e1s de fortalecer los programas productivos con financiamiento con los cuales viene trabajando el Municipio.<\/p>\n\n\n\n<p>En tanto la Intendenta Municipal <strong>Mar\u00eda Celia Gianini agradeci\u00f3 que los Ministros est\u00e9n en los pueblos y recorran la Pcia.<\/strong><\/p>\n\n\n\n<figure class=\"wp-block-gallery columns-2 is-cropped wp-block-gallery-1 is-layout-flex wp-block-gallery-is-layout-flex\"><ul class=\"blocks-gallery-grid\"><li class=\"blocks-gallery-item\"><figure><img data-recalc-dims=\"1\" loading=\"lazy\" decoding=\"async\" width=\"640\" height=\"427\" src=\"https:\/\/i0.wp.com\/www.labrujulaweb.com.ar\/blog\/wp-content\/uploads\/2021\/11\/TEJEDORVALIDA.jpeg?resize=640%2C427&#038;ssl=1\" alt=\"\" data-id=\"5198\" data-link=\"https:\/\/www.labrujulaweb.com.ar\/blog\/?attachment_id=5198\" class=\"wp-image-5198\" srcset=\"https:\/\/i0.wp.com\/www.labrujulaweb.com.ar\/blog\/wp-content\/uploads\/2021\/11\/TEJEDORVALIDA.jpeg?w=750&amp;ssl=1 750w, https:\/\/i0.wp.com\/www.labrujulaweb.com.ar\/blog\/wp-content\/uploads\/2021\/11\/TEJEDORVALIDA.jpeg?resize=300%2C200&amp;ssl=1 300w\" sizes=\"auto, (max-width: 640px) 100vw, 640px\" \/><\/figure><\/li><li class=\"blocks-gallery-item\"><figure><img data-recalc-dims=\"1\" loading=\"lazy\" decoding=\"async\" width=\"640\" height=\"427\" src=\"https:\/\/i0.wp.com\/www.labrujulaweb.com.ar\/blog\/wp-content\/uploads\/2021\/11\/TEJEDOR-VALIDA2.jpeg?resize=640%2C427&#038;ssl=1\" alt=\"\" data-id=\"5199\" data-full-url=\"https:\/\/www.labrujulaweb.com.ar\/blog\/wp-content\/uploads\/2021\/11\/TEJEDOR-VALIDA2.jpeg\" data-link=\"https:\/\/www.labrujulaweb.com.ar\/blog\/?attachment_id=5199\" class=\"wp-image-5199\" srcset=\"https:\/\/i0.wp.com\/www.labrujulaweb.com.ar\/blog\/wp-content\/uploads\/2021\/11\/TEJEDOR-VALIDA2.jpeg?w=750&amp;ssl=1 750w, https:\/\/i0.wp.com\/www.labrujulaweb.com.ar\/blog\/wp-content\/uploads\/2021\/11\/TEJEDOR-VALIDA2.jpeg?resize=300%2C200&amp;ssl=1 300w\" sizes=\"auto, (max-width: 640px) 100vw, 640px\" \/><\/figure><\/li><\/ul><figcaption class=\"blocks-gallery-caption\"><strong>MINISTRO CON PRODUCTORES-EMPRESARIOS Y CONCEJALES EN TRES ALGARROBOS<\/strong><\/figcaption><\/figure>\n\n\n\n<p>Seguidamente el Titular de la cartera Agropecuaria provincial se traslad\u00f3 a la ciudad de<strong> Florentino Ameghino <\/strong>donde fue recibido por concejales y candidatos del Frente de Todos llev\u00e1ndose a cabo una reuni\u00f3n en la casa partidaria fortaleciendo v\u00ednculos y compromisos orientados al \u00e1mbito local, fundamental para gestionar inversiones en beneficio de los habitantes del Distrito, destacaron los candidatos locales, para luego visitar emprendimientos de la ciudad:  <strong>Empresa L\u00e1ctea, Escuela Agraria y Sociedad Rural.&nbsp; <\/strong><\/p>\n\n\n\n<figure class=\"wp-block-gallery columns-2 is-cropped wp-block-gallery-2 is-layout-flex wp-block-gallery-is-layout-flex\"><ul class=\"blocks-gallery-grid\"><li class=\"blocks-gallery-item\"><figure><img data-recalc-dims=\"1\" loading=\"lazy\" decoding=\"async\" width=\"640\" height=\"480\" src=\"https:\/\/i0.wp.com\/www.labrujulaweb.com.ar\/blog\/wp-content\/uploads\/2021\/11\/Ministro-Ameghinovalida-1.jpeg?resize=640%2C480&#038;ssl=1\" alt=\"\" data-id=\"5200\" data-link=\"https:\/\/www.labrujulaweb.com.ar\/blog\/?attachment_id=5200\" class=\"wp-image-5200\" srcset=\"https:\/\/i0.wp.com\/www.labrujulaweb.com.ar\/blog\/wp-content\/uploads\/2021\/11\/Ministro-Ameghinovalida-1.jpeg?w=667&amp;ssl=1 667w, https:\/\/i0.wp.com\/www.labrujulaweb.com.ar\/blog\/wp-content\/uploads\/2021\/11\/Ministro-Ameghinovalida-1.jpeg?resize=300%2C225&amp;ssl=1 300w, https:\/\/i0.wp.com\/www.labrujulaweb.com.ar\/blog\/wp-content\/uploads\/2021\/11\/Ministro-Ameghinovalida-1.jpeg?resize=136%2C102&amp;ssl=1 136w\" sizes=\"auto, (max-width: 640px) 100vw, 640px\" \/><\/figure><\/li><li class=\"blocks-gallery-item\"><figure><img data-recalc-dims=\"1\" loading=\"lazy\" decoding=\"async\" width=\"640\" height=\"480\" src=\"https:\/\/i0.wp.com\/www.labrujulaweb.com.ar\/blog\/wp-content\/uploads\/2021\/11\/AMEGHINO-ESC-AGRARIA-VALIDA.jpeg?resize=640%2C480&#038;ssl=1\" alt=\"\" data-id=\"5201\" data-full-url=\"https:\/\/www.labrujulaweb.com.ar\/blog\/wp-content\/uploads\/2021\/11\/AMEGHINO-ESC-AGRARIA-VALIDA.jpeg\" data-link=\"https:\/\/www.labrujulaweb.com.ar\/blog\/?attachment_id=5201\" class=\"wp-image-5201\" srcset=\"https:\/\/i0.wp.com\/www.labrujulaweb.com.ar\/blog\/wp-content\/uploads\/2021\/11\/AMEGHINO-ESC-AGRARIA-VALIDA.jpeg?w=667&amp;ssl=1 667w, https:\/\/i0.wp.com\/www.labrujulaweb.com.ar\/blog\/wp-content\/uploads\/2021\/11\/AMEGHINO-ESC-AGRARIA-VALIDA.jpeg?resize=300%2C225&amp;ssl=1 300w, https:\/\/i0.wp.com\/www.labrujulaweb.com.ar\/blog\/wp-content\/uploads\/2021\/11\/AMEGHINO-ESC-AGRARIA-VALIDA.jpeg?resize=136%2C102&amp;ssl=1 136w\" sizes=\"auto, (max-width: 640px) 100vw, 640px\" \/><\/figure><\/li><\/ul><figcaption class=\"blocks-gallery-caption\"><strong>MINISTRO EN EMPRESA LACTEA Y ESC.AGRARIA AMEGHINO<\/strong><\/figcaption><\/figure>\n\n\n\n<p><strong>Algunas afirmaciones del Ministro Javier Rodr\u00edguez:<\/strong><\/p>\n\n\n\n<p>\u201c<em>Se han planteado hoy distintas l\u00edneas de financiamiento en articulaci\u00f3n con el BAPRO y otras l\u00edneas propias del Ministerio para quienes hayan enfrentado problemas clim\u00e1ticos, pero adem\u00e1s se agregaron l\u00edneas de financiamiento para producci\u00f3n ganadera que est\u00e1n vigentes, programa de buenas pr\u00e1cticas agr\u00edcolas y de prevenci\u00f3n de ven\u00e9reas<\/em>\u201d.<\/p>\n\n\n\n<p>\u201c<em>Nosotros decimos, junto al Gobernador Axel Kichillof que la agenda del sector agropecuario, de la producci\u00f3n de alimentos y de la ruralidad es una agenda muy amplia, por eso cuando se present\u00f3 el programa de desarrollo Rural Bonaerense, incluy\u00f3 a 9 ministerios al BAPRO y APRA\u201d.<\/em><\/p>\n\n\n\n<p>\u201c<em>Para la ruralidad y generalizando todo el interior de la Pcia de Bs As hay una enorme necesidad de infraestructura y muchas de esas obras ya est\u00e1n lanzadas o en proceso de licitaci\u00f3n. Todo esto nos permite cumplir con un objetivo fundamental que es impulsar la reactivaci\u00f3n econ\u00f3mica post-pandemia, fortaleciendo la demanda interna\u201d.<\/em><\/p>\n\n\n\n<p><em>\u201cEn cuanto a las obras h\u00eddricas en territorio climatol\u00f3gico tan variable, el ministro asegur\u00f3 que es una de las prioridades para el Gobierno Provincial el plan maestro del salado, es una obra que se paraliz\u00f3 en 2015 y no se reactiv\u00f3, incluso en 2019 llegaron multas de los organismos internacionales por el bajo nivel de ejecuci\u00f3n de los cr\u00e9ditos que se hab\u00edan otorgado\u00bb.<\/em><\/p>\n\n\n\n<p>-\u00ab<em>Desde el ministerio de Infraestructura en articulaci\u00f3n con el de Desarrollo se pas\u00f3 del 6% de ejecuci\u00f3n a ese a\u00f1o al m\u00e1s del 55% a la fecha, una obra que para dimensionar lo que significa equivale a tres veces el canal de Suecia, no tiene la visibilidad de la magnitud de la obra, pero s\u00ed se est\u00e1 trabajando, porque entendemos que son las soluciones estructurales que necesita la Pcia\u201d<\/em><\/p>\n\n\n\n<p>-\u00ab<em>En referencia al valor de la producci\u00f3n local dijo que es fundamental generar m\u00e1s producci\u00f3n local acentuando as\u00ed el arraigo de j\u00f3venes en los distritos bonaerenses, raz\u00f3n por la que vamos avanzando en producciones de lecher\u00eda, apicultura y otras, lo importante es que se industrialice local y regionalmente la producci\u00f3n agropecuaria que hay en la zona y que es mucha\u00bb &#8211;<\/em>concluy\u00f3-<\/p>\n","protected":false},"excerpt":{"rendered":"<p>\u201cfrente a la crisis es necesario impulsar la producci\u00f3n el trabajo y mejorar la calidad de vida de los bonaerenses\u201d&nbsp;afirm\u00f3 el Ministro en su recorrida por la zona. En la ma\u00f1ana de este Martes el Ministro de la cartera de Desarrollo Agrario de la Pcia de Bs As Javier Rodr\u00edguez visit\u00f3 la localidad de Tres [&hellip;]<\/p>\n","protected":false},"author":2,"featured_media":5197,"comment_status":"open","ping_status":"open","sticky":false,"template":"","format":"standard","meta":{"footnotes":"","jetpack_publicize_message":"","jetpack_publicize_feature_enabled":true,"jetpack_social_post_already_shared":true,"jetpack_social_options":{"image_generator_settings":{"template":"highway","default_image_id":0,"font":"","enabled":false},"version":2}},"categories":[26,24,11,31,6,9,29,33],"tags":[],"class_list":["post-5196","post","type-post","status-publish","format-standard","has-post-thumbnail","hentry","category-carlos-tejedor","category-florentino-ameghino","category-gobierno-provincial","category-importantes","category-interes-general","category-municipios","category-politica-estado","category-rural"],"jetpack_publicize_connections":[],"jetpack_featured_media_url":"https:\/\/i0.wp.com\/www.labrujulaweb.com.ar\/blog\/wp-content\/uploads\/2021\/11\/TEJEDORAMEGHINO-PORTADA-VALIDA.jpeg?fit=500%2C500&ssl=1","jetpack_sharing_enabled":true,"_links":{"self":[{"href":"https:\/\/www.labrujulaweb.com.ar\/blog\/wp-json\/wp\/v2\/posts\/5196","targetHints":{"allow":["GET"]}}],"collection":[{"href":"https:\/\/www.labrujulaweb.com.ar\/blog\/wp-json\/wp\/v2\/posts"}],"about":[{"href":"https:\/\/www.labrujulaweb.com.ar\/blog\/wp-json\/wp\/v2\/types\/post"}],"author":[{"embeddable":true,"href":"https:\/\/www.labrujulaweb.com.ar\/blog\/wp-json\/wp\/v2\/users\/2"}],"replies":[{"embeddable":true,"href":"https:\/\/www.labrujulaweb.com.ar\/blog\/wp-json\/wp\/v2\/comments?post=5196"}],"version-history":[{"count":2,"href":"https:\/\/www.labrujulaweb.com.ar\/blog\/wp-json\/wp\/v2\/posts\/5196\/revisions"}],"predecessor-version":[{"id":5219,"href":"https:\/\/www.labrujulaweb.com.ar\/blog\/wp-json\/wp\/v2\/posts\/5196\/revisions\/5219"}],"wp:featuredmedia":[{"embeddable":true,"href":"https:\/\/www.labrujulaweb.com.ar\/blog\/wp-json\/wp\/v2\/media\/5197"}],"wp:attachment":[{"href":"https:\/\/www.labrujulaweb.com.ar\/blog\/wp-json\/wp\/v2\/media?parent=5196"}],"wp:term":[{"taxonomy":"category","embeddable":true,"href":"https:\/\/www.labrujulaweb.com.ar\/blog\/wp-json\/wp\/v2\/categories?post=5196"},{"taxonomy":"post_tag","embeddable":true,"href":"https:\/\/www.labrujulaweb.com.ar\/blog\/wp-json\/wp\/v2\/tags?post=5196"}],"curies":[{"name":"wp","href":"https:\/\/api.w.org\/{rel}","templated":true}]}}