{"id":5335,"date":"2021-11-23T12:48:19","date_gmt":"2021-11-23T15:48:19","guid":{"rendered":"https:\/\/www.labrujulaweb.com.ar\/blog\/?p=5335"},"modified":"2021-11-26T23:58:24","modified_gmt":"2021-11-27T02:58:24","slug":"clima-alerta-por-condiciones-meteorologicas-severas-en-la-zona","status":"publish","type":"post","link":"https:\/\/www.labrujulaweb.com.ar\/blog\/interes-general\/clima-alerta-por-condiciones-meteorologicas-severas-en-la-zona\/","title":{"rendered":"Clima:                                   Alerta por condiciones meteorol\u00f3gicas severas en la zona"},"content":{"rendered":"\n<p>El anuncio que viene dando a conocer el <strong>S.M.N<\/strong> (Servicio Meteorol\u00f3gico Nacional) indica que <strong>se esperan condiciones meteorol\u00f3gicas severas en la zona para el Mi\u00e9rcoles 24 por la noche<\/strong>.<\/p>\n\n\n\n<p>El alerta registra lluvias y tormentas el\u00e9ctricas con r\u00e1fagas importantes de viento, en tanto que las temperaturas oscilaran entre los 33 y 34\u00b0 con un marcado descenso para el Domingo.<\/p>\n\n\n\n<p>Ante este posible evento se recomienda a los ciudadanos estar atentos y <strong>tomar las medidas preventivas como<\/strong>:<\/p>\n\n\n\n<p>&#8211; <em>T<\/em><strong><em>ratar de no salir de sus casas durante ese lapso de tiempo<\/em>.<\/strong><\/p>\n\n\n\n<p>&#8211;<strong><em> No permanecer en las piletas<\/em>.<\/strong><\/p>\n\n\n\n<p>&#8211;<strong><em>Desenchufar artefactos el\u00e9ctricos<\/em>.<\/strong><\/p>\n\n\n\n<p>&#8211;<strong><em>Evitar estar cerca de \u00e1rboles altos <\/em>.<\/strong><\/p>\n\n\n\n<p><strong>&#8211;<em>Y al salir prestar atenci\u00f3n que no haya cables del alumbrado p\u00fablico en las calles, as\u00ed como elementos cortantes, no manipular instalaciones el\u00e9ctricas<\/em><\/strong>.<\/p>\n","protected":false},"excerpt":{"rendered":"<p>El anuncio que viene dando a conocer el S.M.N (Servicio Meteorol\u00f3gico Nacional) indica que se esperan condiciones meteorol\u00f3gicas severas en la zona para el Mi\u00e9rcoles 24 por la noche. El alerta registra lluvias y tormentas el\u00e9ctricas con r\u00e1fagas importantes de viento, en tanto que las temperaturas oscilaran entre los 33 y 34\u00b0 con un marcado [&hellip;]<\/p>\n","protected":false},"author":2,"featured_media":5336,"comment_status":"open","ping_status":"open","sticky":false,"template":"","format":"standard","meta":{"footnotes":"","jetpack_publicize_message":"","jetpack_publicize_feature_enabled":true,"jetpack_social_post_already_shared":true,"jetpack_social_options":{"image_generator_settings":{"template":"highway","default_image_id":0,"font":"","enabled":false},"version":2}},"categories":[26,24,23,25,31,6,9,33],"tags":[],"class_list":["post-5335","post","type-post","status-publish","format-standard","has-post-thumbnail","hentry","category-carlos-tejedor","category-florentino-ameghino","category-general-pinto","category-general-villegas","category-importantes","category-interes-general","category-municipios","category-rural"],"jetpack_publicize_connections":[],"jetpack_featured_media_url":"https:\/\/i0.wp.com\/www.labrujulaweb.com.ar\/blog\/wp-content\/uploads\/2021\/11\/ALERTA-METEOROLOGICO-VALIDO.jpg?fit=567%2C500&ssl=1","jetpack_sharing_enabled":true,"_links":{"self":[{"href":"https:\/\/www.labrujulaweb.com.ar\/blog\/wp-json\/wp\/v2\/posts\/5335","targetHints":{"allow":["GET"]}}],"collection":[{"href":"https:\/\/www.labrujulaweb.com.ar\/blog\/wp-json\/wp\/v2\/posts"}],"about":[{"href":"https:\/\/www.labrujulaweb.com.ar\/blog\/wp-json\/wp\/v2\/types\/post"}],"author":[{"embeddable":true,"href":"https:\/\/www.labrujulaweb.com.ar\/blog\/wp-json\/wp\/v2\/users\/2"}],"replies":[{"embeddable":true,"href":"https:\/\/www.labrujulaweb.com.ar\/blog\/wp-json\/wp\/v2\/comments?post=5335"}],"version-history":[{"count":1,"href":"https:\/\/www.labrujulaweb.com.ar\/blog\/wp-json\/wp\/v2\/posts\/5335\/revisions"}],"predecessor-version":[{"id":5337,"href":"https:\/\/www.labrujulaweb.com.ar\/blog\/wp-json\/wp\/v2\/posts\/5335\/revisions\/5337"}],"wp:featuredmedia":[{"embeddable":true,"href":"https:\/\/www.labrujulaweb.com.ar\/blog\/wp-json\/wp\/v2\/media\/5336"}],"wp:attachment":[{"href":"https:\/\/www.labrujulaweb.com.ar\/blog\/wp-json\/wp\/v2\/media?parent=5335"}],"wp:term":[{"taxonomy":"category","embeddable":true,"href":"https:\/\/www.labrujulaweb.com.ar\/blog\/wp-json\/wp\/v2\/categories?post=5335"},{"taxonomy":"post_tag","embeddable":true,"href":"https:\/\/www.labrujulaweb.com.ar\/blog\/wp-json\/wp\/v2\/tags?post=5335"}],"curies":[{"name":"wp","href":"https:\/\/api.w.org\/{rel}","templated":true}]}}