{"id":5353,"date":"2021-11-26T23:55:12","date_gmt":"2021-11-27T02:55:12","guid":{"rendered":"https:\/\/www.labrujulaweb.com.ar\/blog\/?p=5353"},"modified":"2021-11-29T23:58:23","modified_gmt":"2021-11-30T02:58:23","slug":"g-villegas-vecinos-se-encuentran-reclamando-frente-al-municipio-por-trabajo-y-mejoras-en-la-ciudad","status":"publish","type":"post","link":"https:\/\/www.labrujulaweb.com.ar\/blog\/interes-general\/g-villegas-vecinos-se-encuentran-reclamando-frente-al-municipio-por-trabajo-y-mejoras-en-la-ciudad\/","title":{"rendered":"G. Villegas                        Vecinos se encuentran reclamando frente al Municipio por trabajo y mejoras en la ciudad"},"content":{"rendered":"\n<p>Se trata de un grupo de vecinos \u2013 hombres y mujeres- que despu\u00e9s de haber mantenido un encuentro con el Intendente Campana decidieron instalarse con una carpa en la Plaza c\u00e9ntrica frente al municipio.<\/p>\n\n\n\n<p>El reclamo esta acentuado en <strong>trabajo y mejora en las calles de los barrios<\/strong> a los que pertenecen.<\/p>\n\n\n\n<p>De acuerdo a fuentes consultadas, el primer mandatario les habr\u00eda explicado que <strong>el municipio &nbsp;tiene su capacidad de empleo agotada<\/strong> no pudiendo absorber m\u00e1s personas por lo que ofreci\u00f3 interceder ante empresas que est\u00e1n llevando adelante importantes obras como rutas, gasoducto y construcci\u00f3n de escuelas entre otras, &nbsp;a lo cual uno de los representantes del grupo de protesta dijo que hay mujeres y ellas no pueden realizar trabajos como bacheos y construcci\u00f3n, por lo que <strong>se gener\u00f3 un clima tenso <\/strong>y as\u00ed decidieron permanecer en el lugar hasta tanto no llegue una respuesta a su reclamo, destac\u00f3 la misma fuente.<\/p>\n\n\n\n<figure class=\"wp-block-embed-youtube wp-block-embed is-type-video is-provider-youtube wp-embed-aspect-16-9 wp-has-aspect-ratio\"><div class=\"wp-block-embed__wrapper\">\n<div class=\"jetpack-video-wrapper\"><iframe loading=\"lazy\" title=\"G.VILLEGAS: ACAMPE EN LA PLAZA\" width=\"640\" height=\"360\" src=\"https:\/\/www.youtube.com\/embed\/95NbCHRPOnQ?feature=oembed\" frameborder=\"0\" allow=\"accelerometer; autoplay; clipboard-write; encrypted-media; gyroscope; picture-in-picture; web-share\" referrerpolicy=\"strict-origin-when-cross-origin\" allowfullscreen><\/iframe><\/div>\n<\/div><figcaption>VIDEO CEDIDO POR CELINA FABREGUES<\/figcaption><\/figure>\n\n\n\n<p>De acuerdo a fuentes consultadas, el primer mandatario les habr\u00eda explicado que <strong>el municipio &nbsp;tiene su capacidad de empleo agotada<\/strong> no pudiendo absorber m\u00e1s personas por lo que ofreci\u00f3 interceder ante empresas que est\u00e1n llevando adelante importantes obras como rutas, gasoducto entre otras, &nbsp;a lo cual uno de los representantes del grupo de protesta dijo que hay mujeres y ellas no pueden realizar trabajos como bacheos y construcci\u00f3n, por lo que <strong>se gener\u00f3 un clima tenso<\/strong> y as\u00ed decidieron permanecer en el lugar<\/p>\n\n\n\n<p><strong>Es la tercera ves que pedimos un encuentro con el Intendente,  <\/strong>hoy nos dijo que iba a ver soluciones y nos mandan a pedir trabajo a una empresa a la cual ya fuimos y nos dijeron que dej\u00e1ramos nuestros curr\u00edculums.&nbsp;Manifest\u00f3 uno de los vecinos.<\/p>\n\n\n\n<p>&nbsp;hasta tanto no llegue una respuesta a su reclamo, <strong>el acampe permanecer\u00e1 en el lugar-<\/strong> afirmaron-<\/p>\n","protected":false},"excerpt":{"rendered":"<p>Se trata de un grupo de vecinos \u2013 hombres y mujeres- que despu\u00e9s de haber mantenido un encuentro con el Intendente Campana decidieron instalarse con una carpa en la Plaza c\u00e9ntrica frente al municipio. El reclamo esta acentuado en trabajo y mejora en las calles de los barrios a los que pertenecen. De acuerdo a [&hellip;]<\/p>\n","protected":false},"author":2,"featured_media":5354,"comment_status":"open","ping_status":"open","sticky":false,"template":"","format":"standard","meta":{"footnotes":"","jetpack_publicize_message":"","jetpack_publicize_feature_enabled":true,"jetpack_social_post_already_shared":true,"jetpack_social_options":{"image_generator_settings":{"template":"highway","default_image_id":0,"font":"","enabled":false},"version":2}},"categories":[25,31,6,9,29],"tags":[],"class_list":["post-5353","post","type-post","status-publish","format-standard","has-post-thumbnail","hentry","category-general-villegas","category-importantes","category-interes-general","category-municipios","category-politica-estado"],"jetpack_publicize_connections":[],"jetpack_featured_media_url":"https:\/\/i0.wp.com\/www.labrujulaweb.com.ar\/blog\/wp-content\/uploads\/2021\/11\/ACAMPEVALIDO.jpg?fit=933%2C500&ssl=1","jetpack_sharing_enabled":true,"_links":{"self":[{"href":"https:\/\/www.labrujulaweb.com.ar\/blog\/wp-json\/wp\/v2\/posts\/5353","targetHints":{"allow":["GET"]}}],"collection":[{"href":"https:\/\/www.labrujulaweb.com.ar\/blog\/wp-json\/wp\/v2\/posts"}],"about":[{"href":"https:\/\/www.labrujulaweb.com.ar\/blog\/wp-json\/wp\/v2\/types\/post"}],"author":[{"embeddable":true,"href":"https:\/\/www.labrujulaweb.com.ar\/blog\/wp-json\/wp\/v2\/users\/2"}],"replies":[{"embeddable":true,"href":"https:\/\/www.labrujulaweb.com.ar\/blog\/wp-json\/wp\/v2\/comments?post=5353"}],"version-history":[{"count":3,"href":"https:\/\/www.labrujulaweb.com.ar\/blog\/wp-json\/wp\/v2\/posts\/5353\/revisions"}],"predecessor-version":[{"id":5379,"href":"https:\/\/www.labrujulaweb.com.ar\/blog\/wp-json\/wp\/v2\/posts\/5353\/revisions\/5379"}],"wp:featuredmedia":[{"embeddable":true,"href":"https:\/\/www.labrujulaweb.com.ar\/blog\/wp-json\/wp\/v2\/media\/5354"}],"wp:attachment":[{"href":"https:\/\/www.labrujulaweb.com.ar\/blog\/wp-json\/wp\/v2\/media?parent=5353"}],"wp:term":[{"taxonomy":"category","embeddable":true,"href":"https:\/\/www.labrujulaweb.com.ar\/blog\/wp-json\/wp\/v2\/categories?post=5353"},{"taxonomy":"post_tag","embeddable":true,"href":"https:\/\/www.labrujulaweb.com.ar\/blog\/wp-json\/wp\/v2\/tags?post=5353"}],"curies":[{"name":"wp","href":"https:\/\/api.w.org\/{rel}","templated":true}]}}