{"id":5419,"date":"2021-12-03T14:47:16","date_gmt":"2021-12-03T17:47:16","guid":{"rendered":"https:\/\/www.labrujulaweb.com.ar\/blog\/?p=5419"},"modified":"2021-12-06T18:17:05","modified_gmt":"2021-12-06T21:17:05","slug":"ameghino-la-despedida-del-director-que-no-pudo-despedirse-por-una-expresion-de-sus-alumnos","status":"publish","type":"post","link":"https:\/\/www.labrujulaweb.com.ar\/blog\/interes-general\/ameghino-la-despedida-del-director-que-no-pudo-despedirse-por-una-expresion-de-sus-alumnos\/","title":{"rendered":"Ameghino:                                 \u00abLa despedida del Director que no pudo despedirse\u00bb por una expresi\u00f3n de sus alumnos."},"content":{"rendered":"\n<p>Se trata del Director de la Escuela Agraria de Ameghino <strong>Gerardo Berchi <\/strong>quien est\u00e1 al frente de la instituci\u00f3n desde el inicio de la misma, hace 22 a\u00f1os.<\/p>\n\n\n\n<p>El motivo de su alejamiento del cargo tiene que ver con que fue convocado al <strong>Ministerio de Agricultura de la Naci\u00f3n <\/strong>para el desarrollo de proyectos de las 500 Escuelas Agrarias del pa\u00eds, lo que hace que su experiencia en el \u00e1rea pueda proyectarse hacia un horizonte m\u00e1s amplio y de crecimiento para la educaci\u00f3n orientada al sector productivo.<\/p>\n\n\n\n<p>Conocido por los Ameghinenses es el compromiso y tes\u00f3n que Gerardo le ha puesto a la instituci\u00f3n y contenido de proyectos, haciendo casi propio cada adelanto y logros de alumnos y alumnas que han iniciado y finalizado su carrera a lo largo de estos 22 a\u00f1os. Tanto es as\u00ed que no pudo despedirse de ellos y decidi\u00f3 hacerlo a trav\u00e9s de su red social Facebook.<\/p>\n\n\n\n<p>No pude despedirme desde que me dijeron <strong>\u201cNos Deja\u201d en vez de \u201cSe Va<\/strong>\u201d expres\u00f3 el Director ahora funcionario del Ministerio de Agricultura Ganader\u00eda y Pesca a cargo del nuevo Ministro Juli\u00e1n Dom\u00ednguez, una frase que cal\u00f3 hondo en gran parte del alumnado y familiares con los cuales se han ido estableciendo v\u00ednculos educativos y de acercamiento mutuo.<\/p>\n\n\n\n<div class=\"wp-block-image\"><figure class=\"alignleft size-large is-resized\"><img data-recalc-dims=\"1\" loading=\"lazy\" decoding=\"async\" src=\"https:\/\/i0.wp.com\/www.labrujulaweb.com.ar\/blog\/wp-content\/uploads\/2021\/12\/GERI2VALIDA.jpg?resize=323%2C398&#038;ssl=1\" alt=\"\" class=\"wp-image-5422\" width=\"323\" height=\"398\" srcset=\"https:\/\/i0.wp.com\/www.labrujulaweb.com.ar\/blog\/wp-content\/uploads\/2021\/12\/GERI2VALIDA.jpg?w=406&amp;ssl=1 406w, https:\/\/i0.wp.com\/www.labrujulaweb.com.ar\/blog\/wp-content\/uploads\/2021\/12\/GERI2VALIDA.jpg?resize=244%2C300&amp;ssl=1 244w\" sizes=\"auto, (max-width: 323px) 100vw, 323px\" \/><figcaption>Director: Gerardo Berchi <\/figcaption><\/figure><\/div>\n\n\n\n<p><strong>POSTEO:<\/strong><\/p>\n\n\n\n<p class=\"has-text-color has-luminous-vivid-orange-color\"><strong><em>DESPU\u00c9S DE CASI 22 A\u00d1OS DE SER DIRECTOR DE LA ESCUELA AGRARIA, HAGO UN PAR\u00c9NTESIS.<\/em><\/strong><\/p>\n\n\n\n<p class=\"has-text-color has-luminous-vivid-orange-color\"><em>Fui convocado por el Ministro Juli\u00e1n Dom\u00ednguez a trabajar al Ministerio de Agricultura Ganader\u00eda y Pesca de la Naci\u00f3n en la vinculaci\u00f3n con las casi 500 Escuelas Agrarias de nuestro pa\u00eds.<\/em><\/p>\n\n\n\n<p class=\"has-text-color has-luminous-vivid-orange-color\"><em>Quiero agradecer infinitamente al equipo directivo que acompa\u00f1o mis aciertos y errores en mi tarea, a las preceptoras actores fundamentales de la instituci\u00f3n, que d\u00eda a d\u00eda cuidan y brindan amor a las chicas y chicos, a los docentes que me acompa\u00f1aron y me hicieron f\u00e1cil la tarea, a las porteras y cocineras que con su pasi\u00f3n y compromiso miman como si fueran sus propios hijos a nuestros alumnos, a todos los miembros de la cooperadora que compartimos proyectos y sue\u00f1os.<\/em><\/p>\n\n\n\n<p class=\"has-text-color has-luminous-vivid-orange-color\"><em>A esta escuela me toco so\u00f1arla, proyectarla y defenderla, sobre todo defenderla, y hoy es una realidad de nuestro Distrito.<\/em><\/p>\n\n\n\n<p class=\"has-text-color has-luminous-vivid-orange-color\"><em><strong>No pude despedirme de Uds<\/strong>., la raz\u00f3n de ser de nuestra escuela, los que llenan de vida ese lugar, NUESTRO ORGULLO, alumnas y alumnos de la Agraria, los que est\u00e1n y los que egresaron. <strong>Desde que me dijeron \u201cnos deja\u201d<\/strong> <strong>en vez de \u201cse va\u201d<\/strong>, supe que ser\u00eda imposible ponerme frente a Uds. y despedirme, aunque siento que nunca me voy a ir de ese lugar. Sepan que pude cometer miles de errores, pero nunca fui ajeno a los que les ocurr\u00eda, de sus alegr\u00edas y tristezas. Ver hoy la pertenencia que tienen, como sienten propia a la Escuela, y se van transformando en hombres y mujeres con responsabilidad ciudadana, amor a la tierra nos indica que hicimos las cosas bien.<\/em><\/p>\n\n\n\n<p class=\"has-text-color has-luminous-vivid-orange-color\"><em>S\u00e9 que la vida va a volver a cruzar nuestros caminos, un abrazo enorme, los quiero mucho.<\/em><\/p>\n\n\n\n<p class=\"has-text-color has-luminous-vivid-orange-color\"><strong>Geri<\/strong><\/p>\n","protected":false},"excerpt":{"rendered":"<p>Se trata del Director de la Escuela Agraria de Ameghino Gerardo Berchi quien est\u00e1 al frente de la instituci\u00f3n desde el inicio de la misma, hace 22 a\u00f1os. El motivo de su alejamiento del cargo tiene que ver con que fue convocado al Ministerio de Agricultura de la Naci\u00f3n para el desarrollo de proyectos de [&hellip;]<\/p>\n","protected":false},"author":2,"featured_media":5420,"comment_status":"open","ping_status":"open","sticky":false,"template":"","format":"standard","meta":{"footnotes":"","jetpack_publicize_message":"","jetpack_publicize_feature_enabled":true,"jetpack_social_post_already_shared":true,"jetpack_social_options":{"image_generator_settings":{"template":"highway","default_image_id":0,"font":"","enabled":false},"version":2}},"categories":[7,24,10,31,6,9],"tags":[],"class_list":["post-5419","post","type-post","status-publish","format-standard","has-post-thumbnail","hentry","category-cultura","category-florentino-ameghino","category-gobierno","category-importantes","category-interes-general","category-municipios"],"jetpack_publicize_connections":[],"jetpack_featured_media_url":"https:\/\/i0.wp.com\/www.labrujulaweb.com.ar\/blog\/wp-content\/uploads\/2021\/12\/GERIVALIDA.jpg?fit=838%2C500&ssl=1","jetpack_sharing_enabled":true,"_links":{"self":[{"href":"https:\/\/www.labrujulaweb.com.ar\/blog\/wp-json\/wp\/v2\/posts\/5419","targetHints":{"allow":["GET"]}}],"collection":[{"href":"https:\/\/www.labrujulaweb.com.ar\/blog\/wp-json\/wp\/v2\/posts"}],"about":[{"href":"https:\/\/www.labrujulaweb.com.ar\/blog\/wp-json\/wp\/v2\/types\/post"}],"author":[{"embeddable":true,"href":"https:\/\/www.labrujulaweb.com.ar\/blog\/wp-json\/wp\/v2\/users\/2"}],"replies":[{"embeddable":true,"href":"https:\/\/www.labrujulaweb.com.ar\/blog\/wp-json\/wp\/v2\/comments?post=5419"}],"version-history":[{"count":2,"href":"https:\/\/www.labrujulaweb.com.ar\/blog\/wp-json\/wp\/v2\/posts\/5419\/revisions"}],"predecessor-version":[{"id":5423,"href":"https:\/\/www.labrujulaweb.com.ar\/blog\/wp-json\/wp\/v2\/posts\/5419\/revisions\/5423"}],"wp:featuredmedia":[{"embeddable":true,"href":"https:\/\/www.labrujulaweb.com.ar\/blog\/wp-json\/wp\/v2\/media\/5420"}],"wp:attachment":[{"href":"https:\/\/www.labrujulaweb.com.ar\/blog\/wp-json\/wp\/v2\/media?parent=5419"}],"wp:term":[{"taxonomy":"category","embeddable":true,"href":"https:\/\/www.labrujulaweb.com.ar\/blog\/wp-json\/wp\/v2\/categories?post=5419"},{"taxonomy":"post_tag","embeddable":true,"href":"https:\/\/www.labrujulaweb.com.ar\/blog\/wp-json\/wp\/v2\/tags?post=5419"}],"curies":[{"name":"wp","href":"https:\/\/api.w.org\/{rel}","templated":true}]}}