{"id":5424,"date":"2021-12-05T16:36:15","date_gmt":"2021-12-05T19:36:15","guid":{"rendered":"https:\/\/www.labrujulaweb.com.ar\/blog\/?p=5424"},"modified":"2021-12-07T12:37:28","modified_gmt":"2021-12-07T15:37:28","slug":"ameghino-un-nuevo-deceso-por-coronavirus-este-domingo","status":"publish","type":"post","link":"https:\/\/www.labrujulaweb.com.ar\/blog\/interes-general\/ameghino-un-nuevo-deceso-por-coronavirus-este-domingo\/","title":{"rendered":"Ameghino:                                Un nuevo deceso por Coronavirus este Domingo"},"content":{"rendered":"\n<p>Se trata de una persona de 80 a\u00f1os de edad de sexo femenino que estaba hab\u00eda internada en Hospital Pel\u00e1ez.<\/p>\n\n\n\n<p>El deceso se produjo en horas de la tarde de este Domingo 5 de Diciembre habiendo contra\u00eddo la enfermedad confirmada por PCR el pasado 26 de Noviembre \u2013 seg\u00fan afirm\u00f3 un familiar directo- padeciendo adem\u00e1s una enfermedad preexistente.<\/p>\n\n\n\n<p>Hasta el momento en el Distrito de Ameghino son 31 los fallecidos por Covid-19<\/p>\n","protected":false},"excerpt":{"rendered":"<p>Se trata de una persona de 80 a\u00f1os de edad de sexo femenino que estaba hab\u00eda internada en Hospital Pel\u00e1ez. El deceso se produjo en horas de la tarde de este Domingo 5 de Diciembre habiendo contra\u00eddo la enfermedad confirmada por PCR el pasado 26 de Noviembre \u2013 seg\u00fan afirm\u00f3 un familiar directo- padeciendo adem\u00e1s [&hellip;]<\/p>\n","protected":false},"author":2,"featured_media":5425,"comment_status":"open","ping_status":"open","sticky":false,"template":"","format":"standard","meta":{"footnotes":"","jetpack_publicize_message":"","jetpack_publicize_feature_enabled":true,"jetpack_social_post_already_shared":true,"jetpack_social_options":{"image_generator_settings":{"template":"highway","default_image_id":0,"font":"","enabled":false},"version":2}},"categories":[28,24,31,6,9],"tags":[],"class_list":["post-5424","post","type-post","status-publish","format-standard","has-post-thumbnail","hentry","category-salud-covid19","category-florentino-ameghino","category-importantes","category-interes-general","category-municipios"],"jetpack_publicize_connections":[],"jetpack_featured_media_url":"https:\/\/i0.wp.com\/www.labrujulaweb.com.ar\/blog\/wp-content\/uploads\/2021\/12\/CORRRONAvalido.jpg?fit=886%2C500&ssl=1","jetpack_sharing_enabled":true,"_links":{"self":[{"href":"https:\/\/www.labrujulaweb.com.ar\/blog\/wp-json\/wp\/v2\/posts\/5424","targetHints":{"allow":["GET"]}}],"collection":[{"href":"https:\/\/www.labrujulaweb.com.ar\/blog\/wp-json\/wp\/v2\/posts"}],"about":[{"href":"https:\/\/www.labrujulaweb.com.ar\/blog\/wp-json\/wp\/v2\/types\/post"}],"author":[{"embeddable":true,"href":"https:\/\/www.labrujulaweb.com.ar\/blog\/wp-json\/wp\/v2\/users\/2"}],"replies":[{"embeddable":true,"href":"https:\/\/www.labrujulaweb.com.ar\/blog\/wp-json\/wp\/v2\/comments?post=5424"}],"version-history":[{"count":1,"href":"https:\/\/www.labrujulaweb.com.ar\/blog\/wp-json\/wp\/v2\/posts\/5424\/revisions"}],"predecessor-version":[{"id":5426,"href":"https:\/\/www.labrujulaweb.com.ar\/blog\/wp-json\/wp\/v2\/posts\/5424\/revisions\/5426"}],"wp:featuredmedia":[{"embeddable":true,"href":"https:\/\/www.labrujulaweb.com.ar\/blog\/wp-json\/wp\/v2\/media\/5425"}],"wp:attachment":[{"href":"https:\/\/www.labrujulaweb.com.ar\/blog\/wp-json\/wp\/v2\/media?parent=5424"}],"wp:term":[{"taxonomy":"category","embeddable":true,"href":"https:\/\/www.labrujulaweb.com.ar\/blog\/wp-json\/wp\/v2\/categories?post=5424"},{"taxonomy":"post_tag","embeddable":true,"href":"https:\/\/www.labrujulaweb.com.ar\/blog\/wp-json\/wp\/v2\/tags?post=5424"}],"curies":[{"name":"wp","href":"https:\/\/api.w.org\/{rel}","templated":true}]}}