{"id":5576,"date":"2021-12-22T12:37:22","date_gmt":"2021-12-22T15:37:22","guid":{"rendered":"https:\/\/www.labrujulaweb.com.ar\/blog\/?p=5576"},"modified":"2021-12-27T12:11:29","modified_gmt":"2021-12-27T15:11:29","slug":"ameghino-nota-de-un-productor-de-seguros-enviada-al-ejecutivo-municipal","status":"publish","type":"post","link":"https:\/\/www.labrujulaweb.com.ar\/blog\/interes-general\/ameghino-nota-de-un-productor-de-seguros-enviada-al-ejecutivo-municipal\/","title":{"rendered":"Ameghino:                            Nota de un productor de seguros enviada al Ejecutivo Municipal"},"content":{"rendered":"\n<p>D\u00edas pasados y despu\u00e9s de varios intentos de alcanzar una entrevista con el Intendente Municipal Calixto Tellechea, el productor de seguros La Segunda de Florentino Ameghino Sr: Raul S\u00e1nchez le envi\u00f3 nota al ejecutivo Municipal, buscando explicaci\u00f3n <strong>a la falta de  invitaci\u00f3n <\/strong>a participar de la  licitaci\u00f3n privada 10\/2021 para todos los veh\u00edculos Municipales.<\/p>\n\n\n\n<p>\u201cEs la primera ves que la compa\u00f1\u00eda a la que represento queda afuera de la licitacion, en tanto que todas las aseguradoras de la ciudad fueron llamadas a participar- explic\u00f3 Raul a La Br\u00fajula- sosteniendo que s\u00f3lo necesita saber el motivo por el cual no se le otorg\u00f3 la posibilidad y agregando que la misma nota fue elevada al Concejo Deliberante y al Bloque F.D.T para su tratamiento.<\/p>\n\n\n\n<p><strong>A continuacion copia de la nota<\/strong><\/p>\n\n\n\n<p>Ameghino, 20 de diciembre de 2020.-&nbsp;<\/p>\n\n\n\n<p><strong><u>Sr. Intendente Municipal<\/u> <\/strong>&nbsp;<\/p>\n\n\n\n<p><strong>S&#8212;&#8212;&#8212;&#8212;\/&#8212;&#8212;&#8212;&#8212;&#8212;-D <\/strong>&nbsp;<\/p>\n\n\n\n<p>En mi car\u00e1cter de Proveedor y Productor de Seguros de \u00abLA SEGUNDA COOPERATIVA LTDA DE SEGUROS GENERALES.<\/p>\n\n\n\n<p> Me dirijo a Ud. a fin de solicitarle se sirva considerar y remediar&nbsp; (de ser&nbsp; posible),&nbsp; el hecho -sin antecedentes en mi caso- por el que he sido excluido de la invitaci\u00f3n mediante la cual la Municipalidad de&nbsp;&nbsp;F. Ameghino llam\u00f3 a participar de la&nbsp; <strong>Licitaci\u00f3n Privada Nro. 10\/2021 <\/strong>para cotizar la compra del Seguro Civil Obligatorio correspondiente diversos veh\u00edculos municipales.<\/p>\n\n\n\n<p>Cabe se\u00f1alar que desde que Ud. asumi\u00f3 como Intendente Municipal de F. Ameghino, esta es la primera vez que no fui invitado&nbsp; a cotizar la compra del Seguro Civil Obligatorio de los veh\u00edculos municipales en el marco de una Licitaci\u00f3n Privada.&nbsp;<\/p>\n\n\n\n<p>Concretamente, desde su asunci\u00f3n, cada a\u00f1o he recibido -como el resto de los Proveedores de Seguros de nuestra ciudad-&nbsp;&nbsp;&nbsp;&nbsp;&nbsp;&nbsp;&nbsp;&nbsp;&nbsp;&nbsp;&nbsp;&nbsp; la correspondiente invitaci\u00f3n de parte del&nbsp; Sr. Jefe de Compras de la Municipalidad. Precisamente, el Sr. Eduardo Badino (quien se desempe\u00f1\u00f3 como Jefe de Compras hasta el a\u00f1o 2020), nunca dej\u00f3 de invitarme a participar de la referida Licitaci\u00f3n Privada anual.<\/p>\n\n\n\n<p>He solicitado audiencias, y tratado de comunicarme con Ud. telef\u00f3nicamente para tratar \u00e9ste tema con resultado negativo.&nbsp; Ello -seguramente- en virtud del c\u00famulo de trabajo y ocupaciones propias de su funci\u00f3n.<\/p>\n\n\n\n<p>Es por lo expuesto, que le solicito en su car\u00e1cter de titular del Ejecutivo Municipal tenga la amabilidad de concederme una audiencia a fin de tratar en forma personal \u00e9sta cuesti\u00f3n. Desde ya descarto, que el hecho referido tenga alg\u00fan tinte discriminatorio por razones particulares, ideol\u00f3gicas o pol\u00edticas, y seguramente ha sido una omisi\u00f3n involuntaria.<\/p>\n\n\n\n<p>En tal caso, seguramente a trav\u00e9s del di\u00e1logo y exposici\u00f3n de razones, se pueda encontrar una soluci\u00f3n satisfactoria a la referida omisi\u00f3n.<\/p>\n\n\n\n<p>Sin otro particular y descontando su inter\u00e9s en resolver una situaci\u00f3n que obviamente resulta injusta, aprovecho la oportunidad para saludarle con atenta y distinguida consideraci\u00f3n.-<\/p>\n\n\n\n<p>Mario Raul Sanchez<\/p>\n\n\n\n<p><strong>D.N.I. Nro. 8.365.453<\/strong><\/p>\n","protected":false},"excerpt":{"rendered":"<p>D\u00edas pasados y despu\u00e9s de varios intentos de alcanzar una entrevista con el Intendente Municipal Calixto Tellechea, el productor de seguros La Segunda de Florentino Ameghino Sr: Raul S\u00e1nchez le envi\u00f3 nota al ejecutivo Municipal, buscando explicaci\u00f3n a la falta de invitaci\u00f3n a participar de la licitaci\u00f3n privada 10\/2021 para todos los veh\u00edculos Municipales. \u201cEs [&hellip;]<\/p>\n","protected":false},"author":2,"featured_media":5577,"comment_status":"open","ping_status":"open","sticky":false,"template":"","format":"standard","meta":{"footnotes":"","jetpack_publicize_message":"","jetpack_publicize_feature_enabled":true,"jetpack_social_post_already_shared":true,"jetpack_social_options":{"image_generator_settings":{"template":"highway","default_image_id":0,"font":"","enabled":false},"version":2}},"categories":[35,24,31,6,9],"tags":[],"class_list":["post-5576","post","type-post","status-publish","format-standard","has-post-thumbnail","hentry","category-comunicacion","category-florentino-ameghino","category-importantes","category-interes-general","category-municipios"],"jetpack_publicize_connections":[],"jetpack_featured_media_url":"https:\/\/i0.wp.com\/www.labrujulaweb.com.ar\/blog\/wp-content\/uploads\/2021\/12\/RAUL-SANCHEZ-VALIDA.jpeg?fit=667%2C500&ssl=1","jetpack_sharing_enabled":true,"_links":{"self":[{"href":"https:\/\/www.labrujulaweb.com.ar\/blog\/wp-json\/wp\/v2\/posts\/5576","targetHints":{"allow":["GET"]}}],"collection":[{"href":"https:\/\/www.labrujulaweb.com.ar\/blog\/wp-json\/wp\/v2\/posts"}],"about":[{"href":"https:\/\/www.labrujulaweb.com.ar\/blog\/wp-json\/wp\/v2\/types\/post"}],"author":[{"embeddable":true,"href":"https:\/\/www.labrujulaweb.com.ar\/blog\/wp-json\/wp\/v2\/users\/2"}],"replies":[{"embeddable":true,"href":"https:\/\/www.labrujulaweb.com.ar\/blog\/wp-json\/wp\/v2\/comments?post=5576"}],"version-history":[{"count":2,"href":"https:\/\/www.labrujulaweb.com.ar\/blog\/wp-json\/wp\/v2\/posts\/5576\/revisions"}],"predecessor-version":[{"id":5601,"href":"https:\/\/www.labrujulaweb.com.ar\/blog\/wp-json\/wp\/v2\/posts\/5576\/revisions\/5601"}],"wp:featuredmedia":[{"embeddable":true,"href":"https:\/\/www.labrujulaweb.com.ar\/blog\/wp-json\/wp\/v2\/media\/5577"}],"wp:attachment":[{"href":"https:\/\/www.labrujulaweb.com.ar\/blog\/wp-json\/wp\/v2\/media?parent=5576"}],"wp:term":[{"taxonomy":"category","embeddable":true,"href":"https:\/\/www.labrujulaweb.com.ar\/blog\/wp-json\/wp\/v2\/categories?post=5576"},{"taxonomy":"post_tag","embeddable":true,"href":"https:\/\/www.labrujulaweb.com.ar\/blog\/wp-json\/wp\/v2\/tags?post=5576"}],"curies":[{"name":"wp","href":"https:\/\/api.w.org\/{rel}","templated":true}]}}