{"id":5579,"date":"2021-12-22T14:04:24","date_gmt":"2021-12-22T17:04:24","guid":{"rendered":"https:\/\/www.labrujulaweb.com.ar\/blog\/?p=5579"},"modified":"2021-12-29T07:05:07","modified_gmt":"2021-12-29T10:05:07","slug":"salud-entro-en-vigencia-el-pase-sanitario-en-general-villegas","status":"publish","type":"post","link":"https:\/\/www.labrujulaweb.com.ar\/blog\/interes-general\/salud-entro-en-vigencia-el-pase-sanitario-en-general-villegas\/","title":{"rendered":"Salud:                                   Entr\u00f3 en vigencia el pase sanitario en General Villegas"},"content":{"rendered":"\n<p>Tal como lo comunic\u00f3 el Gobierno Provincial, en el Partido de General Villegas tambi\u00e9n se exigir\u00e1 el <strong>\u201cpase libre con Vacuna<\/strong>\u201d o \u201c<strong>pase libre Covid<\/strong>\u201d que implica la acreditaci\u00f3n de al menos dos dosis de la vacuna contra el Covid o una sola y que no haya transcurrido el tiempo fijado para completar el esquema.<\/p>\n\n\n\n<p><strong>\u00bfQu\u00e9 es el pase libre con vacuna?<\/strong><\/p>\n\n\n\n<ul class=\"wp-block-list\"><li>Es el requisito de acreditaci\u00f3n de al menos dos dosis de la vacuna contra el Covid que es necesario presentar si ten\u00e9s m\u00e1s de 13 a\u00f1os para poder asistir a actividades, que puedan presentar mayor riesgo epidemiol\u00f3gico.<\/li><\/ul>\n\n\n\n<p>(Para quienes solo se dieron la primer dosis y no se cumpli\u00f3 el tiempo interdosis se puede acreditar el pase libre. Una vez cumplido ese plazo, se deber\u00e1 acreditar tambi\u00e9n la segunda.)<\/p>\n\n\n\n<p><strong>\u00bfC\u00f3mo hago para tramitar el esquema de vacunaci\u00f3n?<\/strong><\/p>\n\n\n\n<ul class=\"wp-block-list\"><li>Pod\u00e9s acreditar las dosis de la vacuna con el carnet en cart\u00f3n o en tarjeta, en el portal miargentina.gob.ar, en las App Mi Argentina y en las App VacunatePBA, Cuidar y MiArgentina.<\/li><\/ul>\n\n\n\n<p><strong>\u00bfD\u00f3nde se requerir\u00e1 el pase libre?<\/strong><\/p>\n\n\n\n<ul class=\"wp-block-list\"><li>Eventos masivos<\/li><li>Actividades culturales, deportivas, religiosas y recreativas en espacios cerrados.<\/li><li>Realizaci\u00f3n de tr\u00e1mites en organismos p\u00fablicos<\/li><li>Actividades y\/o realizaci\u00f3n de tr\u00e1mites en entidades privadas que impliquen aglomeraci\u00f3n de personas.<\/li><li>Trabajadores que realicen atenci\u00f3n al p\u00fablico, ya sea en entidades p\u00fablicas o privadas.<\/li><\/ul>\n\n\n\n<p><strong>\u00bfQui\u00e9n lo requerir\u00e1?<\/strong><\/p>\n\n\n\n<p>Deber\u00e1 ser exigido por los responsables y\/o organizadores de las actividades antes descriptas en los ingresos a las mismas.<\/p>\n\n\n\n<p>Si todav\u00eda no te diste la primera dosis o te falta la segunda dosis de la vacuna podes ir al vacunatorio del Prado Espa\u00f1ol en General Villegas sin turno.<\/p>\n\n\n\n<p>La primera y segunda dosis es libre a partir de los 3 a\u00f1os.<\/p>\n","protected":false},"excerpt":{"rendered":"<p>Tal como lo comunic\u00f3 el Gobierno Provincial, en el Partido de General Villegas tambi\u00e9n se exigir\u00e1 el \u201cpase libre con Vacuna\u201d o \u201cpase libre Covid\u201d que implica la acreditaci\u00f3n de al menos dos dosis de la vacuna contra el Covid o una sola y que no haya transcurrido el tiempo fijado para completar el esquema. [&hellip;]<\/p>\n","protected":false},"author":2,"featured_media":5580,"comment_status":"open","ping_status":"open","sticky":false,"template":"","format":"standard","meta":{"footnotes":"","jetpack_publicize_message":"","jetpack_publicize_feature_enabled":true,"jetpack_social_post_already_shared":true,"jetpack_social_options":{"image_generator_settings":{"template":"highway","default_image_id":0,"font":"","enabled":false},"version":2}},"categories":[35,28,25,31,6,9],"tags":[],"class_list":["post-5579","post","type-post","status-publish","format-standard","has-post-thumbnail","hentry","category-comunicacion","category-salud-covid19","category-general-villegas","category-importantes","category-interes-general","category-municipios"],"jetpack_publicize_connections":[],"jetpack_featured_media_url":"https:\/\/i0.wp.com\/www.labrujulaweb.com.ar\/blog\/wp-content\/uploads\/2021\/12\/PPASE-SANITARIOVALIDO.jpg?fit=666%2C500&ssl=1","jetpack_sharing_enabled":true,"_links":{"self":[{"href":"https:\/\/www.labrujulaweb.com.ar\/blog\/wp-json\/wp\/v2\/posts\/5579","targetHints":{"allow":["GET"]}}],"collection":[{"href":"https:\/\/www.labrujulaweb.com.ar\/blog\/wp-json\/wp\/v2\/posts"}],"about":[{"href":"https:\/\/www.labrujulaweb.com.ar\/blog\/wp-json\/wp\/v2\/types\/post"}],"author":[{"embeddable":true,"href":"https:\/\/www.labrujulaweb.com.ar\/blog\/wp-json\/wp\/v2\/users\/2"}],"replies":[{"embeddable":true,"href":"https:\/\/www.labrujulaweb.com.ar\/blog\/wp-json\/wp\/v2\/comments?post=5579"}],"version-history":[{"count":1,"href":"https:\/\/www.labrujulaweb.com.ar\/blog\/wp-json\/wp\/v2\/posts\/5579\/revisions"}],"predecessor-version":[{"id":5581,"href":"https:\/\/www.labrujulaweb.com.ar\/blog\/wp-json\/wp\/v2\/posts\/5579\/revisions\/5581"}],"wp:featuredmedia":[{"embeddable":true,"href":"https:\/\/www.labrujulaweb.com.ar\/blog\/wp-json\/wp\/v2\/media\/5580"}],"wp:attachment":[{"href":"https:\/\/www.labrujulaweb.com.ar\/blog\/wp-json\/wp\/v2\/media?parent=5579"}],"wp:term":[{"taxonomy":"category","embeddable":true,"href":"https:\/\/www.labrujulaweb.com.ar\/blog\/wp-json\/wp\/v2\/categories?post=5579"},{"taxonomy":"post_tag","embeddable":true,"href":"https:\/\/www.labrujulaweb.com.ar\/blog\/wp-json\/wp\/v2\/tags?post=5579"}],"curies":[{"name":"wp","href":"https:\/\/api.w.org\/{rel}","templated":true}]}}