{"id":5597,"date":"2021-12-27T12:07:18","date_gmt":"2021-12-27T15:07:18","guid":{"rendered":"https:\/\/www.labrujulaweb.com.ar\/blog\/?p=5597"},"modified":"2021-12-30T14:15:41","modified_gmt":"2021-12-30T17:15:41","slug":"un-policia-de-ameghino-salvo-la-vida-de-una-nina-de-5-anos-en-junin","status":"publish","type":"post","link":"https:\/\/www.labrujulaweb.com.ar\/blog\/interes-general\/un-policia-de-ameghino-salvo-la-vida-de-una-nina-de-5-anos-en-junin\/","title":{"rendered":"Un polic\u00eda de Ameghino salv\u00f3 la vida de una ni\u00f1a de 5 a\u00f1os en Jun\u00edn"},"content":{"rendered":"\n<p><em>El efectivo Luis Guzm\u00e1n, junto a su compa\u00f1era acudieron a una emergencia en un domicilio donde una peque\u00f1a ten\u00eda convulsiones, signos de ahogamiento y no respiraba.<\/em><\/p>\n\n\n\n<p>El polic\u00eda<strong>&nbsp;Ameghinense Luis Guzm\u00e1n,&nbsp;<\/strong>se encontraba junto a su compa\u00f1era&nbsp;<strong>Elizabeth Soria<\/strong>&nbsp;de recorrida por la&nbsp;<strong>zona III<\/strong>&nbsp;de la ciudad de&nbsp;<strong>Jun\u00edn&nbsp;<\/strong>el 24 de diciembre por la ma\u00f1ana. Un llamado de&nbsp;<strong>emergencia<\/strong>&nbsp;alertaba que en una&nbsp;<strong>vivienda&nbsp;<\/strong>de la calle&nbsp;<strong>Ituzaing\u00f3<\/strong>, hab\u00eda&nbsp;una ni\u00f1a de 5 a\u00f1os con signos de ahogamientos, convulsiones y sin respiraci\u00f3n, cuando los efectivos llegan al lugar se encuentran con la abuela de la peque\u00f1a.<\/p>\n\n\n\n<p>&nbsp;&nbsp;<strong>Guzm\u00e1n y Soria<\/strong>&nbsp;comenzaron a practicarle tareas de<strong>&nbsp;RCP<\/strong>&nbsp;para poder&nbsp;<strong>reanimarla<\/strong>&nbsp;y decidieron trasladarla al<strong>&nbsp;hospital&nbsp;<\/strong>en un&nbsp;<strong>patrullero<\/strong>.<\/p>\n\n\n\n<p>El camino desde la vivienda hasta el&nbsp;<strong>nosocomio<\/strong>&nbsp;no iba a resultar&nbsp;<strong>f\u00e1cil<\/strong>&nbsp;por el tr\u00e1nsito, es por eso que, sus compa\u00f1eros utilizaron&nbsp;<strong>m\u00f3viles<\/strong>&nbsp;para cortar las&nbsp;<strong>calles<\/strong>&nbsp;y as\u00ed facilitar la&nbsp;<strong>r\u00e1pida<\/strong>&nbsp;llegada de la&nbsp;<strong>ni\u00f1a<\/strong>&nbsp;para su intervenci\u00f3n&nbsp;<strong>m\u00e9dica<\/strong>.<\/p>\n\n\n\n<div class=\"wp-block-image\"><figure class=\"alignleft size-large is-resized\"><img data-recalc-dims=\"1\" loading=\"lazy\" decoding=\"async\" src=\"https:\/\/i0.wp.com\/www.labrujulaweb.com.ar\/blog\/wp-content\/uploads\/2021\/12\/GUZMAN-VALIDA.jpeg?resize=317%2C423&#038;ssl=1\" alt=\"\" class=\"wp-image-5599\" width=\"317\" height=\"423\" srcset=\"https:\/\/i0.wp.com\/www.labrujulaweb.com.ar\/blog\/wp-content\/uploads\/2021\/12\/GUZMAN-VALIDA.jpeg?w=375&amp;ssl=1 375w, https:\/\/i0.wp.com\/www.labrujulaweb.com.ar\/blog\/wp-content\/uploads\/2021\/12\/GUZMAN-VALIDA.jpeg?resize=225%2C300&amp;ssl=1 225w\" sizes=\"auto, (max-width: 317px) 100vw, 317px\" \/><\/figure><\/div>\n\n\n\n<p>La peque\u00f1a de 5 a\u00f1os lleg\u00f3 a la guardia del<strong>&nbsp;HIGA<\/strong>&nbsp;<strong>Jun\u00edn<\/strong>&nbsp;con los&nbsp;<strong>signos vitales<\/strong>&nbsp;restablecidos y por la tarde recibi\u00f3 el&nbsp;<strong>alta m\u00e9dica<\/strong>.<\/p>\n\n\n\n<p>Fuente: <strong>Diario Democracia<\/strong><\/p>\n","protected":false},"excerpt":{"rendered":"<p>El efectivo Luis Guzm\u00e1n, junto a su compa\u00f1era acudieron a una emergencia en un domicilio donde una peque\u00f1a ten\u00eda convulsiones, signos de ahogamiento y no respiraba. El polic\u00eda&nbsp;Ameghinense Luis Guzm\u00e1n,&nbsp;se encontraba junto a su compa\u00f1era&nbsp;Elizabeth Soria&nbsp;de recorrida por la&nbsp;zona III&nbsp;de la ciudad de&nbsp;Jun\u00edn&nbsp;el 24 de diciembre por la ma\u00f1ana. Un llamado de&nbsp;emergencia&nbsp;alertaba que en una&nbsp;vivienda&nbsp;de [&hellip;]<\/p>\n","protected":false},"author":2,"featured_media":5598,"comment_status":"open","ping_status":"open","sticky":false,"template":"","format":"standard","meta":{"footnotes":"","jetpack_publicize_message":"","jetpack_publicize_feature_enabled":true,"jetpack_social_post_already_shared":true,"jetpack_social_options":{"image_generator_settings":{"template":"highway","default_image_id":0,"font":"","enabled":false},"version":2}},"categories":[35,31,6,9,34],"tags":[],"class_list":["post-5597","post","type-post","status-publish","format-standard","has-post-thumbnail","hentry","category-comunicacion","category-importantes","category-interes-general","category-municipios","category-policial"],"jetpack_publicize_connections":[],"jetpack_featured_media_url":"https:\/\/i0.wp.com\/www.labrujulaweb.com.ar\/blog\/wp-content\/uploads\/2021\/12\/GUZMAN-VALIDA2.jpeg?fit=1111%2C500&ssl=1","jetpack_sharing_enabled":true,"_links":{"self":[{"href":"https:\/\/www.labrujulaweb.com.ar\/blog\/wp-json\/wp\/v2\/posts\/5597","targetHints":{"allow":["GET"]}}],"collection":[{"href":"https:\/\/www.labrujulaweb.com.ar\/blog\/wp-json\/wp\/v2\/posts"}],"about":[{"href":"https:\/\/www.labrujulaweb.com.ar\/blog\/wp-json\/wp\/v2\/types\/post"}],"author":[{"embeddable":true,"href":"https:\/\/www.labrujulaweb.com.ar\/blog\/wp-json\/wp\/v2\/users\/2"}],"replies":[{"embeddable":true,"href":"https:\/\/www.labrujulaweb.com.ar\/blog\/wp-json\/wp\/v2\/comments?post=5597"}],"version-history":[{"count":2,"href":"https:\/\/www.labrujulaweb.com.ar\/blog\/wp-json\/wp\/v2\/posts\/5597\/revisions"}],"predecessor-version":[{"id":5620,"href":"https:\/\/www.labrujulaweb.com.ar\/blog\/wp-json\/wp\/v2\/posts\/5597\/revisions\/5620"}],"wp:featuredmedia":[{"embeddable":true,"href":"https:\/\/www.labrujulaweb.com.ar\/blog\/wp-json\/wp\/v2\/media\/5598"}],"wp:attachment":[{"href":"https:\/\/www.labrujulaweb.com.ar\/blog\/wp-json\/wp\/v2\/media?parent=5597"}],"wp:term":[{"taxonomy":"category","embeddable":true,"href":"https:\/\/www.labrujulaweb.com.ar\/blog\/wp-json\/wp\/v2\/categories?post=5597"},{"taxonomy":"post_tag","embeddable":true,"href":"https:\/\/www.labrujulaweb.com.ar\/blog\/wp-json\/wp\/v2\/tags?post=5597"}],"curies":[{"name":"wp","href":"https:\/\/api.w.org\/{rel}","templated":true}]}}