{"id":5694,"date":"2022-01-18T23:44:53","date_gmt":"2022-01-19T02:44:53","guid":{"rendered":"https:\/\/www.labrujulaweb.com.ar\/blog\/?p=5694"},"modified":"2022-01-20T16:09:04","modified_gmt":"2022-01-20T19:09:04","slug":"pehuajo-una-beba-de-siete-meses-murio-tras-un-accidente-en-la-ruta-5","status":"publish","type":"post","link":"https:\/\/www.labrujulaweb.com.ar\/blog\/interes-general\/pehuajo-una-beba-de-siete-meses-murio-tras-un-accidente-en-la-ruta-5\/","title":{"rendered":"Pehuaj\u00f3:                                  Una beba de siete meses muri\u00f3 tras un accidente en la ruta 5"},"content":{"rendered":"\n<p>El choque fue entre una camioneta y un cami\u00f3n, por causas que se investigan. Los padres resultaron con heridas y el camionero ileso.<\/p>\n\n\n\n<p>Un beb\u00e9 de siete meses falleci\u00f3 y dos personas mayores resultaron heridas como consecuencia de un violento choque entre la camioneta en la que viajaban y un cami\u00f3n a la altura del kil\u00f3metro 371 de la ruta nacional N\u00b05, cerca de la entrada a Pehuaj\u00f3.<\/p>\n\n\n\n<p>De acuerdo al informe policial, en la colisi\u00f3n participaron un cami\u00f3n Fiat Iveco, conducido por un hombre de 33 a\u00f1os, oriundo de la localidad bonaerense de Am\u00e9rica, quien resultando ileso, y una camioneta marca Toyota Hilux, con tres pasajeros de Pehuaj\u00f3. All\u00ed iban un joven de 26 a\u00f1os y una mujer de 30, junto a su peque\u00f1a beb\u00e9 de siete meses, quien pese a ser llevada al hospital falleci\u00f3 por la gravedad de sus heridas.<\/p>\n\n\n\n<p>El hombre result\u00f3 solo con contusiones y est\u00e1 en observaci\u00f3n, mientras que la mujer se encuentra en terapia con respirador, aunque por el momento est\u00e1 estable.<\/p>\n\n\n\n<p>En el lugar del accidente se desempe\u00f1\u00f3 personal de Polic\u00eda de Seguridad Vial y efectivos de la Cient\u00edfica, quienes intentaban determinar las razones del accidente. Una versi\u00f3n indicaba que al cami\u00f3n se le desprendi\u00f3 el acoplado.<\/p>\n\n\n\n<p> (DIB) FD<\/p>\n","protected":false},"excerpt":{"rendered":"<p>El choque fue entre una camioneta y un cami\u00f3n, por causas que se investigan. Los padres resultaron con heridas y el camionero ileso. Un beb\u00e9 de siete meses falleci\u00f3 y dos personas mayores resultaron heridas como consecuencia de un violento choque entre la camioneta en la que viajaban y un cami\u00f3n a la altura del [&hellip;]<\/p>\n","protected":false},"author":2,"featured_media":5695,"comment_status":"open","ping_status":"open","sticky":false,"template":"","format":"standard","meta":{"footnotes":"","jetpack_publicize_message":"","jetpack_publicize_feature_enabled":true,"jetpack_social_post_already_shared":true,"jetpack_social_options":{"image_generator_settings":{"template":"highway","default_image_id":0,"font":"","enabled":false},"version":2}},"categories":[35,31,6,34],"tags":[],"class_list":["post-5694","post","type-post","status-publish","format-standard","has-post-thumbnail","hentry","category-comunicacion","category-importantes","category-interes-general","category-policial"],"jetpack_publicize_connections":[],"jetpack_featured_media_url":"https:\/\/i0.wp.com\/www.labrujulaweb.com.ar\/blog\/wp-content\/uploads\/2022\/01\/PEHUAJOVALIDO.jpg?fit=667%2C500&ssl=1","jetpack_sharing_enabled":true,"_links":{"self":[{"href":"https:\/\/www.labrujulaweb.com.ar\/blog\/wp-json\/wp\/v2\/posts\/5694","targetHints":{"allow":["GET"]}}],"collection":[{"href":"https:\/\/www.labrujulaweb.com.ar\/blog\/wp-json\/wp\/v2\/posts"}],"about":[{"href":"https:\/\/www.labrujulaweb.com.ar\/blog\/wp-json\/wp\/v2\/types\/post"}],"author":[{"embeddable":true,"href":"https:\/\/www.labrujulaweb.com.ar\/blog\/wp-json\/wp\/v2\/users\/2"}],"replies":[{"embeddable":true,"href":"https:\/\/www.labrujulaweb.com.ar\/blog\/wp-json\/wp\/v2\/comments?post=5694"}],"version-history":[{"count":1,"href":"https:\/\/www.labrujulaweb.com.ar\/blog\/wp-json\/wp\/v2\/posts\/5694\/revisions"}],"predecessor-version":[{"id":5696,"href":"https:\/\/www.labrujulaweb.com.ar\/blog\/wp-json\/wp\/v2\/posts\/5694\/revisions\/5696"}],"wp:featuredmedia":[{"embeddable":true,"href":"https:\/\/www.labrujulaweb.com.ar\/blog\/wp-json\/wp\/v2\/media\/5695"}],"wp:attachment":[{"href":"https:\/\/www.labrujulaweb.com.ar\/blog\/wp-json\/wp\/v2\/media?parent=5694"}],"wp:term":[{"taxonomy":"category","embeddable":true,"href":"https:\/\/www.labrujulaweb.com.ar\/blog\/wp-json\/wp\/v2\/categories?post=5694"},{"taxonomy":"post_tag","embeddable":true,"href":"https:\/\/www.labrujulaweb.com.ar\/blog\/wp-json\/wp\/v2\/tags?post=5694"}],"curies":[{"name":"wp","href":"https:\/\/api.w.org\/{rel}","templated":true}]}}