{"id":6079,"date":"2022-03-21T21:23:41","date_gmt":"2022-03-22T00:23:41","guid":{"rendered":"https:\/\/www.labrujulaweb.com.ar\/blog\/?p=6079"},"modified":"2022-03-25T09:51:22","modified_gmt":"2022-03-25T12:51:22","slug":"ameghino-inseguridad-violentaron-rompieron-y-robaron-en-instalaciones-del-club-atletico","status":"publish","type":"post","link":"https:\/\/www.labrujulaweb.com.ar\/blog\/interes-general\/ameghino-inseguridad-violentaron-rompieron-y-robaron-en-instalaciones-del-club-atletico\/","title":{"rendered":"Ameghino: \u00abInseguridad\u00bb- Violentaron-Rompieron y Robaron en instalaciones del Club Atl\u00e9tico."},"content":{"rendered":"\n<p>Nuevamente <em>el Club Atl\u00e9tico Ameghino fue la instituci\u00f3n v\u00edctima de la delincuencia que avanza a diario<\/em>.<\/p>\n\n\n\n<p><strong>\u201cHartazgo\u201d<\/strong> con esta palabra defini\u00f3 la comisi\u00f3n del Club v\u00edctima de<strong> robos <\/strong>perpetrados en las \u00faltimas horas<\/p>\n\n\n\n<p>\u201cEsta es la palabra que usamos nosotros\u00bb-manifestaron integrantes de la comisi\u00f3n en las redes sociales de la instituci\u00f3n deportiva- \u00abUds. pongan el t\u00e9rmino que quieran\u201d.<\/p>\n\n\n\n<p>El hecho esta vez sucedi\u00f3 en las instalaciones del <strong>quincho de la cancha de futbol<\/strong> ubicada sobre Av. San Martin e\/ 13 y 17 de la ciudad que desde hace un corto tiempo est\u00e1 en <strong>reparaci\u00f3n<\/strong> y <strong>ampliaci\u00f3n<\/strong>. Si bien al momento no hay una evaluaci\u00f3n concreta de las p\u00e9rdidas ocasionadas pudimos saber que para ingresar se rompieron instalaciones, violentando puertas y llev\u00e1ndose <strong>electrodom\u00e9sticos, herramientas y alimentos<\/strong>.<\/p>\n\n\n\n<p>\u201cEs la <strong>segunda vez<\/strong> que nuestro Club pasa por un robo de estas caracter\u00edsticas en menos de 4 meses, a\u00fan no se esclareci\u00f3 la denuncia anterior que ya estamos haciendo otra y por el mismo motivo\u201d \u2013coment\u00f3 a la Br\u00fajula el Presidente Jorge M\u00fcller &#8211; \u201cNos sentimos con una sensaci\u00f3n de <strong>fastidio y amargura<\/strong>, agobiados de ser nuevamente victimas de malvivientes\u201d con estas palabras el Presidente dio a conocer a todos los <strong>asociados<\/strong> que r\u00e1pidamente se radic\u00f3 la denuncia confiando en que esta vez la justicia encuentre a los culpables- sentenci\u00f3-<\/p>\n\n\n\n<figure class=\"wp-block-image size-large\"><img data-recalc-dims=\"1\" loading=\"lazy\" decoding=\"async\" width=\"375\" height=\"500\" src=\"https:\/\/i0.wp.com\/www.labrujulaweb.com.ar\/blog\/wp-content\/uploads\/2022\/03\/CLUB-ATLETICVALIDA.jpg?resize=375%2C500&#038;ssl=1\" alt=\"\" class=\"wp-image-6081\" srcset=\"https:\/\/i0.wp.com\/www.labrujulaweb.com.ar\/blog\/wp-content\/uploads\/2022\/03\/CLUB-ATLETICVALIDA.jpg?w=375&amp;ssl=1 375w, https:\/\/i0.wp.com\/www.labrujulaweb.com.ar\/blog\/wp-content\/uploads\/2022\/03\/CLUB-ATLETICVALIDA.jpg?resize=225%2C300&amp;ssl=1 225w\" sizes=\"auto, (max-width: 375px) 100vw, 375px\" \/><\/figure>\n\n\n\n<p>\u201c<strong>Robarle a un club es robarles a ni\u00f1os, ni\u00f1as, j\u00f3venes y adultos<\/strong>, robarle a una instituci\u00f3n es pegarle a un pilar de nuestra sociedad\u201d expresaron desde la instituci\u00f3n <strong>naranja<\/strong> en las redes sociales.<\/p>\n","protected":false},"excerpt":{"rendered":"<p>Nuevamente el Club Atl\u00e9tico Ameghino fue la instituci\u00f3n v\u00edctima de la delincuencia que avanza a diario. \u201cHartazgo\u201d con esta palabra defini\u00f3 la comisi\u00f3n del Club v\u00edctima de robos perpetrados en las \u00faltimas horas \u201cEsta es la palabra que usamos nosotros\u00bb-manifestaron integrantes de la comisi\u00f3n en las redes sociales de la instituci\u00f3n deportiva- \u00abUds. pongan el [&hellip;]<\/p>\n","protected":false},"author":2,"featured_media":6080,"comment_status":"open","ping_status":"open","sticky":false,"template":"","format":"standard","meta":{"footnotes":"","jetpack_publicize_message":"","jetpack_publicize_feature_enabled":true,"jetpack_social_post_already_shared":true,"jetpack_social_options":{"image_generator_settings":{"template":"highway","default_image_id":0,"font":"","enabled":false},"version":2}},"categories":[35,24,31,6,9,34],"tags":[],"class_list":["post-6079","post","type-post","status-publish","format-standard","has-post-thumbnail","hentry","category-comunicacion","category-florentino-ameghino","category-importantes","category-interes-general","category-municipios","category-policial"],"jetpack_publicize_connections":[],"jetpack_featured_media_url":"https:\/\/i0.wp.com\/www.labrujulaweb.com.ar\/blog\/wp-content\/uploads\/2022\/03\/CLUB-A2VALIDA.jpg?fit=1536%2C2048&ssl=1","jetpack_sharing_enabled":true,"_links":{"self":[{"href":"https:\/\/www.labrujulaweb.com.ar\/blog\/wp-json\/wp\/v2\/posts\/6079","targetHints":{"allow":["GET"]}}],"collection":[{"href":"https:\/\/www.labrujulaweb.com.ar\/blog\/wp-json\/wp\/v2\/posts"}],"about":[{"href":"https:\/\/www.labrujulaweb.com.ar\/blog\/wp-json\/wp\/v2\/types\/post"}],"author":[{"embeddable":true,"href":"https:\/\/www.labrujulaweb.com.ar\/blog\/wp-json\/wp\/v2\/users\/2"}],"replies":[{"embeddable":true,"href":"https:\/\/www.labrujulaweb.com.ar\/blog\/wp-json\/wp\/v2\/comments?post=6079"}],"version-history":[{"count":1,"href":"https:\/\/www.labrujulaweb.com.ar\/blog\/wp-json\/wp\/v2\/posts\/6079\/revisions"}],"predecessor-version":[{"id":6082,"href":"https:\/\/www.labrujulaweb.com.ar\/blog\/wp-json\/wp\/v2\/posts\/6079\/revisions\/6082"}],"wp:featuredmedia":[{"embeddable":true,"href":"https:\/\/www.labrujulaweb.com.ar\/blog\/wp-json\/wp\/v2\/media\/6080"}],"wp:attachment":[{"href":"https:\/\/www.labrujulaweb.com.ar\/blog\/wp-json\/wp\/v2\/media?parent=6079"}],"wp:term":[{"taxonomy":"category","embeddable":true,"href":"https:\/\/www.labrujulaweb.com.ar\/blog\/wp-json\/wp\/v2\/categories?post=6079"},{"taxonomy":"post_tag","embeddable":true,"href":"https:\/\/www.labrujulaweb.com.ar\/blog\/wp-json\/wp\/v2\/tags?post=6079"}],"curies":[{"name":"wp","href":"https:\/\/api.w.org\/{rel}","templated":true}]}}