{"id":6213,"date":"2022-04-06T23:16:01","date_gmt":"2022-04-07T02:16:01","guid":{"rendered":"https:\/\/www.labrujulaweb.com.ar\/blog\/?p=6213"},"modified":"2023-01-04T08:42:26","modified_gmt":"2023-01-04T11:42:26","slug":"ameghino-villegas-encontraron-a-un-hombre-apunalado-en-zona-rural","status":"publish","type":"post","link":"https:\/\/www.labrujulaweb.com.ar\/blog\/interes-general\/ameghino-villegas-encontraron-a-un-hombre-apunalado-en-zona-rural\/","title":{"rendered":"Ameghino-Villegas:  Encontraron a un hombre apu\u00f1alado en zona rural."},"content":{"rendered":"\n<p class=\"has-text-color has-very-dark-gray-color\">Se pudo conocer que esta noche (Miercoles 6) aproximadamente a las 22hs, <strong>efectivos de C.P.R<\/strong> (polic\u00eda rural) se hicieron presentes en un establecimiento rural ubicado entre <strong>Villegas y Ameghino <\/strong>junto a una ambulancia del<strong> SAME.<\/strong><\/p>\n\n\n\n<p class=\"has-text-color has-very-dark-gray-color\">En el lugar \u2013 seg\u00fan se estableci\u00f3- &nbsp;yac\u00eda una <strong>persona de sexo masculin<\/strong>o con heridas que habr\u00edan sido a ra\u00edz de <strong>una pu\u00f1alada.<\/strong><\/p>\n\n\n\n<p class=\"has-text-color has-very-dark-gray-color\">De acuerdo a la informaci\u00f3n -el herido- del cual no se han dado detalles aun de su estado, fue trasladado al Hospital de Villegas, desconoci\u00e9ndose como sucedieron los hechos.<\/p>\n","protected":false},"excerpt":{"rendered":"<p>Se pudo conocer que esta noche (Miercoles 6) aproximadamente a las 22hs, efectivos de C.P.R (polic\u00eda rural) se hicieron presentes en un establecimiento rural ubicado entre Villegas y Ameghino junto a una ambulancia del SAME. En el lugar \u2013 seg\u00fan se estableci\u00f3- &nbsp;yac\u00eda una persona de sexo masculino con heridas que habr\u00edan sido a ra\u00edz [&hellip;]<\/p>\n","protected":false},"author":2,"featured_media":6214,"comment_status":"open","ping_status":"open","sticky":false,"template":"","format":"standard","meta":{"footnotes":"","jetpack_publicize_message":"","jetpack_publicize_feature_enabled":true,"jetpack_social_post_already_shared":true,"jetpack_social_options":{"image_generator_settings":{"template":"highway","default_image_id":0,"font":"","enabled":false},"version":2}},"categories":[35,24,25,31,6,9,34],"tags":[],"class_list":["post-6213","post","type-post","status-publish","format-standard","has-post-thumbnail","hentry","category-comunicacion","category-florentino-ameghino","category-general-villegas","category-importantes","category-interes-general","category-municipios","category-policial"],"jetpack_publicize_connections":[],"jetpack_featured_media_url":"https:\/\/i0.wp.com\/www.labrujulaweb.com.ar\/blog\/wp-content\/uploads\/2022\/04\/INFORMACION-POLICIALVALIDA.jpg?fit=593%2C312&ssl=1","jetpack_sharing_enabled":true,"_links":{"self":[{"href":"https:\/\/www.labrujulaweb.com.ar\/blog\/wp-json\/wp\/v2\/posts\/6213","targetHints":{"allow":["GET"]}}],"collection":[{"href":"https:\/\/www.labrujulaweb.com.ar\/blog\/wp-json\/wp\/v2\/posts"}],"about":[{"href":"https:\/\/www.labrujulaweb.com.ar\/blog\/wp-json\/wp\/v2\/types\/post"}],"author":[{"embeddable":true,"href":"https:\/\/www.labrujulaweb.com.ar\/blog\/wp-json\/wp\/v2\/users\/2"}],"replies":[{"embeddable":true,"href":"https:\/\/www.labrujulaweb.com.ar\/blog\/wp-json\/wp\/v2\/comments?post=6213"}],"version-history":[{"count":3,"href":"https:\/\/www.labrujulaweb.com.ar\/blog\/wp-json\/wp\/v2\/posts\/6213\/revisions"}],"predecessor-version":[{"id":7333,"href":"https:\/\/www.labrujulaweb.com.ar\/blog\/wp-json\/wp\/v2\/posts\/6213\/revisions\/7333"}],"wp:featuredmedia":[{"embeddable":true,"href":"https:\/\/www.labrujulaweb.com.ar\/blog\/wp-json\/wp\/v2\/media\/6214"}],"wp:attachment":[{"href":"https:\/\/www.labrujulaweb.com.ar\/blog\/wp-json\/wp\/v2\/media?parent=6213"}],"wp:term":[{"taxonomy":"category","embeddable":true,"href":"https:\/\/www.labrujulaweb.com.ar\/blog\/wp-json\/wp\/v2\/categories?post=6213"},{"taxonomy":"post_tag","embeddable":true,"href":"https:\/\/www.labrujulaweb.com.ar\/blog\/wp-json\/wp\/v2\/tags?post=6213"}],"curies":[{"name":"wp","href":"https:\/\/api.w.org\/{rel}","templated":true}]}}