{"id":644,"date":"2020-08-27T15:34:05","date_gmt":"2020-08-27T15:34:05","guid":{"rendered":"http:\/\/www.labrujulaweb.com.ar\/blog\/?p=644"},"modified":"2020-08-28T13:40:38","modified_gmt":"2020-08-28T13:40:38","slug":"procrear-ya-tienen-fecha-los-creditos-para-la-construccion-de-viviendas","status":"publish","type":"post","link":"https:\/\/www.labrujulaweb.com.ar\/blog\/destacadas\/procrear-ya-tienen-fecha-los-creditos-para-la-construccion-de-viviendas\/","title":{"rendered":"Procrear: ya tienen fecha los cr\u00e9ditos para la construcci\u00f3n de viviendas"},"content":{"rendered":"\n<p>La ministra de Desarrollo Territorial y H\u00e1bitat, Mar\u00eda Eugenia Bielsa, dijo hoy que este viernes se realizar\u00e1 el primer sorteo de la nueva etapa del Procrear, y que en septiembre pr\u00f3ximo se lanzar\u00e1n cinco l\u00edneas de cr\u00e9dito hipotecario para ampliaci\u00f3n, construcci\u00f3n y desarrollos urban\u00edsticos.<\/p>\n\n\n\n<p>\u00abEl relanzamiento del Procrear se hizo el 4 de agosto y el viernes 28 vamos a hacer el primer sorteo, a las 5 de la tarde; lo que se habilitaron fueron las l\u00edneas de cr\u00e9ditos personales, microcr\u00e9ditos y refacci\u00f3n. Hubo 160 mil inscriptos en todo el pa\u00eds y se van a sortear 40 mil\u00bb, detall\u00f3 Bielsa <\/p>\n\n\n\n<p>Agreg\u00f3 que, \u00aba partir de la segunda semana de septiembre\u00bb ser\u00e1n iniciadas \u00ablas l\u00edneas de cr\u00e9dito hipotecario, que son las cuatro tradicionales que tuvo siempre Procrear: ampliaci\u00f3n, construcci\u00f3n, lotes con servicios y desarrollos urban\u00edsticos, e incluimos una m\u00e1s que son desarrollos habitacionales, de edificios de viviendas multifamiliares, entre 20 y 80 viviendas en complejos urbanos m\u00e1s consolidados\u00bb. <\/p>\n\n\n\n<div class=\"wp-block-image\"><figure class=\"alignleft size-large is-resized\"><img data-recalc-dims=\"1\" loading=\"lazy\" decoding=\"async\" src=\"https:\/\/i0.wp.com\/www.labrujulaweb.com.ar\/blog\/wp-content\/uploads\/2020\/08\/PROCREARRR-1024x512.jpg?resize=395%2C198\" alt=\"\" class=\"wp-image-646\" width=\"395\" height=\"198\" srcset=\"https:\/\/i0.wp.com\/www.labrujulaweb.com.ar\/blog\/wp-content\/uploads\/2020\/08\/PROCREARRR.jpg?resize=1024%2C512&amp;ssl=1 1024w, https:\/\/i0.wp.com\/www.labrujulaweb.com.ar\/blog\/wp-content\/uploads\/2020\/08\/PROCREARRR.jpg?resize=300%2C150&amp;ssl=1 300w, https:\/\/i0.wp.com\/www.labrujulaweb.com.ar\/blog\/wp-content\/uploads\/2020\/08\/PROCREARRR.jpg?resize=768%2C384&amp;ssl=1 768w, https:\/\/i0.wp.com\/www.labrujulaweb.com.ar\/blog\/wp-content\/uploads\/2020\/08\/PROCREARRR.jpg?w=1200&amp;ssl=1 1200w\" sizes=\"auto, (max-width: 395px) 100vw, 395px\" \/><\/figure><\/div>\n\n\n\n<p>En este sentido, reafirm\u00f3 la convicci\u00f3n del Gobierno de que \u00abla construcci\u00f3n es un reactivador important\u00edsimo de la econom\u00eda\u00bb y \u00abuna industria que r\u00e1pidamente genera dinamismo. Cuando hay una peque\u00f1a reactivaci\u00f3n de la econom\u00eda, eso r\u00e1pidamente se refleja en la compra de materiales, en mejoras de las casas, el 95% son consumos nacionales\u00bb, remarc\u00f3.<\/p>\n","protected":false},"excerpt":{"rendered":"<p>La ministra de Desarrollo Territorial y H\u00e1bitat, Mar\u00eda Eugenia Bielsa, dijo hoy que en septiembre pr\u00f3ximo se lanzar\u00e1n cinco l\u00edneas de cr\u00e9dito hipotecario para ampliaci\u00f3n, construcci\u00f3n y desarrollos urban\u00edsticos<\/p>\n","protected":false},"author":2,"featured_media":645,"comment_status":"open","ping_status":"open","sticky":false,"template":"","format":"standard","meta":{"footnotes":"","jetpack_publicize_message":"","jetpack_publicize_feature_enabled":true,"jetpack_social_post_already_shared":true,"jetpack_social_options":{"image_generator_settings":{"template":"highway","default_image_id":0,"font":"","enabled":false},"version":2}},"categories":[2,10],"tags":[],"class_list":["post-644","post","type-post","status-publish","format-standard","has-post-thumbnail","hentry","category-destacadas","category-gobierno"],"jetpack_publicize_connections":[],"jetpack_featured_media_url":"https:\/\/i0.wp.com\/www.labrujulaweb.com.ar\/blog\/wp-content\/uploads\/2020\/08\/PROCREA.jpg?fit=863%2C575&ssl=1","jetpack_sharing_enabled":true,"_links":{"self":[{"href":"https:\/\/www.labrujulaweb.com.ar\/blog\/wp-json\/wp\/v2\/posts\/644","targetHints":{"allow":["GET"]}}],"collection":[{"href":"https:\/\/www.labrujulaweb.com.ar\/blog\/wp-json\/wp\/v2\/posts"}],"about":[{"href":"https:\/\/www.labrujulaweb.com.ar\/blog\/wp-json\/wp\/v2\/types\/post"}],"author":[{"embeddable":true,"href":"https:\/\/www.labrujulaweb.com.ar\/blog\/wp-json\/wp\/v2\/users\/2"}],"replies":[{"embeddable":true,"href":"https:\/\/www.labrujulaweb.com.ar\/blog\/wp-json\/wp\/v2\/comments?post=644"}],"version-history":[{"count":1,"href":"https:\/\/www.labrujulaweb.com.ar\/blog\/wp-json\/wp\/v2\/posts\/644\/revisions"}],"predecessor-version":[{"id":647,"href":"https:\/\/www.labrujulaweb.com.ar\/blog\/wp-json\/wp\/v2\/posts\/644\/revisions\/647"}],"wp:featuredmedia":[{"embeddable":true,"href":"https:\/\/www.labrujulaweb.com.ar\/blog\/wp-json\/wp\/v2\/media\/645"}],"wp:attachment":[{"href":"https:\/\/www.labrujulaweb.com.ar\/blog\/wp-json\/wp\/v2\/media?parent=644"}],"wp:term":[{"taxonomy":"category","embeddable":true,"href":"https:\/\/www.labrujulaweb.com.ar\/blog\/wp-json\/wp\/v2\/categories?post=644"},{"taxonomy":"post_tag","embeddable":true,"href":"https:\/\/www.labrujulaweb.com.ar\/blog\/wp-json\/wp\/v2\/tags?post=644"}],"curies":[{"name":"wp","href":"https:\/\/api.w.org\/{rel}","templated":true}]}}