{"id":6577,"date":"2022-06-26T22:44:04","date_gmt":"2022-06-27T01:44:04","guid":{"rendered":"https:\/\/www.labrujulaweb.com.ar\/blog\/?p=6577"},"modified":"2022-07-07T13:08:57","modified_gmt":"2022-07-07T16:08:57","slug":"el-gobernador-kicillof-estara-el-martes-en-ameghino","status":"publish","type":"post","link":"https:\/\/www.labrujulaweb.com.ar\/blog\/interes-general\/el-gobernador-kicillof-estara-el-martes-en-ameghino\/","title":{"rendered":"El Gobernador Kicillof estar\u00e1 el Martes en Ameghino"},"content":{"rendered":"\n<p><em>El gobernador de la Provincia de Buenos Aires <strong>Axel Kicillof <\/strong>llegar\u00eda este Martes 28 a Florentino Ameghino<\/em><\/p>\n\n\n\n<p>El arribo est\u00e1 previsto a partir de la 15.30hs al Centro Cultural de la ciudad donde se aguarda la entrega de <strong>escrituras <\/strong>de viviendas sociales de los distintos planes de viviendas construidos en a\u00f1os anteriores. a m\u00e1s de <strong>100 familias<\/strong> Ameghinenses. Seg\u00fan trascendi\u00f3 el gobernador har\u00eda otros <strong>anuncios<\/strong> para el distrito.<\/p>\n\n\n\n<p>De acuerdo a la agenda del primer mandatario Provincial el mismo estar\u00eda visitando tres distritos m\u00e1s de la zona entre los que figura <strong>Trenque Lauquen Am\u00e9rica y Carlos Tejedor<\/strong>. Lo har\u00e1 junto a diferentes autoridades del gobierno Provincial.<\/p>\n","protected":false},"excerpt":{"rendered":"<p>El gobernador de la Provincia de Buenos Aires Axel Kicillof llegar\u00eda este Martes 28 a Florentino Ameghino El arribo est\u00e1 previsto a partir de la 15.30hs al Centro Cultural de la ciudad donde se aguarda la entrega de escrituras de viviendas sociales de los distintos planes de viviendas construidos en a\u00f1os anteriores. a m\u00e1s de [&hellip;]<\/p>\n","protected":false},"author":2,"featured_media":6578,"comment_status":"open","ping_status":"open","sticky":false,"template":"","format":"standard","meta":{"footnotes":"","jetpack_publicize_message":"","jetpack_publicize_feature_enabled":true,"jetpack_social_post_already_shared":true,"jetpack_social_options":{"image_generator_settings":{"template":"highway","default_image_id":0,"font":"","enabled":false},"version":2}},"categories":[24,11,31,6,9,29,37],"tags":[],"class_list":["post-6577","post","type-post","status-publish","format-standard","has-post-thumbnail","hentry","category-florentino-ameghino","category-gobierno-provincial","category-importantes","category-interes-general","category-municipios","category-politica-estado","category-sociedad"],"jetpack_publicize_connections":[],"jetpack_featured_media_url":"https:\/\/i0.wp.com\/www.labrujulaweb.com.ar\/blog\/wp-content\/uploads\/2022\/06\/KICILLO32VALIDAAA.jpg?fit=585%2C500&ssl=1","jetpack_sharing_enabled":true,"_links":{"self":[{"href":"https:\/\/www.labrujulaweb.com.ar\/blog\/wp-json\/wp\/v2\/posts\/6577","targetHints":{"allow":["GET"]}}],"collection":[{"href":"https:\/\/www.labrujulaweb.com.ar\/blog\/wp-json\/wp\/v2\/posts"}],"about":[{"href":"https:\/\/www.labrujulaweb.com.ar\/blog\/wp-json\/wp\/v2\/types\/post"}],"author":[{"embeddable":true,"href":"https:\/\/www.labrujulaweb.com.ar\/blog\/wp-json\/wp\/v2\/users\/2"}],"replies":[{"embeddable":true,"href":"https:\/\/www.labrujulaweb.com.ar\/blog\/wp-json\/wp\/v2\/comments?post=6577"}],"version-history":[{"count":1,"href":"https:\/\/www.labrujulaweb.com.ar\/blog\/wp-json\/wp\/v2\/posts\/6577\/revisions"}],"predecessor-version":[{"id":6579,"href":"https:\/\/www.labrujulaweb.com.ar\/blog\/wp-json\/wp\/v2\/posts\/6577\/revisions\/6579"}],"wp:featuredmedia":[{"embeddable":true,"href":"https:\/\/www.labrujulaweb.com.ar\/blog\/wp-json\/wp\/v2\/media\/6578"}],"wp:attachment":[{"href":"https:\/\/www.labrujulaweb.com.ar\/blog\/wp-json\/wp\/v2\/media?parent=6577"}],"wp:term":[{"taxonomy":"category","embeddable":true,"href":"https:\/\/www.labrujulaweb.com.ar\/blog\/wp-json\/wp\/v2\/categories?post=6577"},{"taxonomy":"post_tag","embeddable":true,"href":"https:\/\/www.labrujulaweb.com.ar\/blog\/wp-json\/wp\/v2\/tags?post=6577"}],"curies":[{"name":"wp","href":"https:\/\/api.w.org\/{rel}","templated":true}]}}