{"id":6599,"date":"2022-07-07T13:03:31","date_gmt":"2022-07-07T16:03:31","guid":{"rendered":"https:\/\/www.labrujulaweb.com.ar\/blog\/?p=6599"},"modified":"2022-07-26T16:16:04","modified_gmt":"2022-07-26T19:16:04","slug":"ameghino-alumnos-del-taller-protegido-venderan-escarapelas-por-el-9-de-julio","status":"publish","type":"post","link":"https:\/\/www.labrujulaweb.com.ar\/blog\/interes-general\/ameghino-alumnos-del-taller-protegido-venderan-escarapelas-por-el-9-de-julio\/","title":{"rendered":"Ameghino:                    Alumnos del taller protegido vender\u00e1n escarapelas por el 9 de Julio"},"content":{"rendered":"\n<p><strong><em>Los concurrentes vender\u00e1n los s\u00edmbolos patrios por las calles c\u00e9ntricas de la ciudad<\/em><\/strong><\/p>\n\n\n\n<p>El <strong>viernes 8 de Julio <\/strong>los concurrentes al taller protegido <strong>\u201cNuevo horizonte\u201d <\/strong>de Ameghino estar\u00e1n vendiendo escarapelas que ellos mismos han fabricado en el centro de la ciudad, lo har\u00e1n <strong>a partir de las 10hs.<\/strong><\/p>\n\n\n\n<p>De acuerdo a lo informado por el municipio, todos los vecinos podr\u00e1n obtener la suya acerc\u00e1ndose a los lugares de venta que van a estar identificados y as\u00ed lucir su escarapela fabricada por los propios integrantes de taller.<\/p>\n","protected":false},"excerpt":{"rendered":"<p>Los concurrentes vender\u00e1n los s\u00edmbolos patrios por las calles c\u00e9ntricas de la ciudad El viernes 8 de Julio los concurrentes al taller protegido \u201cNuevo horizonte\u201d de Ameghino estar\u00e1n vendiendo escarapelas que ellos mismos han fabricado en el centro de la ciudad, lo har\u00e1n a partir de las 10hs. De acuerdo a lo informado por el [&hellip;]<\/p>\n","protected":false},"author":2,"featured_media":6600,"comment_status":"open","ping_status":"open","sticky":false,"template":"","format":"standard","meta":{"footnotes":"","jetpack_publicize_message":"","jetpack_publicize_feature_enabled":true,"jetpack_social_post_already_shared":true,"jetpack_social_options":{"image_generator_settings":{"template":"highway","default_image_id":0,"font":"","enabled":false},"version":2}},"categories":[35,24,31,6,9,37],"tags":[],"class_list":["post-6599","post","type-post","status-publish","format-standard","has-post-thumbnail","hentry","category-comunicacion","category-florentino-ameghino","category-importantes","category-interes-general","category-municipios","category-sociedad"],"jetpack_publicize_connections":[],"jetpack_featured_media_url":"https:\/\/i0.wp.com\/www.labrujulaweb.com.ar\/blog\/wp-content\/uploads\/2022\/07\/taller-protegibdvalido.jpg?fit=882%2C500&ssl=1","jetpack_sharing_enabled":true,"_links":{"self":[{"href":"https:\/\/www.labrujulaweb.com.ar\/blog\/wp-json\/wp\/v2\/posts\/6599","targetHints":{"allow":["GET"]}}],"collection":[{"href":"https:\/\/www.labrujulaweb.com.ar\/blog\/wp-json\/wp\/v2\/posts"}],"about":[{"href":"https:\/\/www.labrujulaweb.com.ar\/blog\/wp-json\/wp\/v2\/types\/post"}],"author":[{"embeddable":true,"href":"https:\/\/www.labrujulaweb.com.ar\/blog\/wp-json\/wp\/v2\/users\/2"}],"replies":[{"embeddable":true,"href":"https:\/\/www.labrujulaweb.com.ar\/blog\/wp-json\/wp\/v2\/comments?post=6599"}],"version-history":[{"count":1,"href":"https:\/\/www.labrujulaweb.com.ar\/blog\/wp-json\/wp\/v2\/posts\/6599\/revisions"}],"predecessor-version":[{"id":6601,"href":"https:\/\/www.labrujulaweb.com.ar\/blog\/wp-json\/wp\/v2\/posts\/6599\/revisions\/6601"}],"wp:featuredmedia":[{"embeddable":true,"href":"https:\/\/www.labrujulaweb.com.ar\/blog\/wp-json\/wp\/v2\/media\/6600"}],"wp:attachment":[{"href":"https:\/\/www.labrujulaweb.com.ar\/blog\/wp-json\/wp\/v2\/media?parent=6599"}],"wp:term":[{"taxonomy":"category","embeddable":true,"href":"https:\/\/www.labrujulaweb.com.ar\/blog\/wp-json\/wp\/v2\/categories?post=6599"},{"taxonomy":"post_tag","embeddable":true,"href":"https:\/\/www.labrujulaweb.com.ar\/blog\/wp-json\/wp\/v2\/tags?post=6599"}],"curies":[{"name":"wp","href":"https:\/\/api.w.org\/{rel}","templated":true}]}}