{"id":6643,"date":"2022-07-30T02:52:24","date_gmt":"2022-07-30T05:52:24","guid":{"rendered":"https:\/\/www.labrujulaweb.com.ar\/blog\/?p=6643"},"modified":"2022-08-05T14:17:19","modified_gmt":"2022-08-05T17:17:19","slug":"ameghino-la-policia-encontro-al-conductor-de-la-moto-abandonada-en-ruta-nac-188","status":"publish","type":"post","link":"https:\/\/www.labrujulaweb.com.ar\/blog\/interes-general\/ameghino-la-policia-encontro-al-conductor-de-la-moto-abandonada-en-ruta-nac-188\/","title":{"rendered":"Ameghino:                                 La polic\u00eda encontr\u00f3 al conductor de la moto abandonada en Ruta Nac. 188"},"content":{"rendered":"\n<p>\u00ab<strong><em>Se trata de una persona de sexo masculino oriunda de Rufino\u00bb.<\/em><\/strong><\/p>\n\n\n\n<p>El aviso fue dado a la polic\u00eda comunal de Ameghino a la una de la ma\u00f1ana de este s\u00e1bado por un transe\u00fante que pasaba por el lugar y vio una moto a orillas de la ruta Nac. 188 sentido Villegas Ameghino a la altura del Km 316 (Laguna de Prida)<\/p>\n\n\n\n<p>Inmediatamente dan aviso al cuerpo de bomberos quienes se dirigen con <strong>dos dotaciones<\/strong> a realizar <strong>operativo rastrillaje<\/strong>. Despu\u00e9s de una intensa b\u00fasqueda en las inmediaciones y sin encontrar ning\u00fan rastro de persona que condujera el veh\u00edculo se dispone el <strong>secuestro<\/strong> del mismo traslad\u00e1ndolo a la comisaria de Ameghino.<\/p>\n\n\n\n<p>A trav\u00e9s de la identificaci\u00f3n del dominio La polic\u00eda detecta que el veh\u00edculo es de la ciudad de <strong>Rufino<\/strong> y su conductor est\u00e1 alojado en un hotel de la ciudad de Ameghino.<\/p>\n\n\n\n<figure class=\"wp-block-gallery columns-2 is-cropped wp-block-gallery-1 is-layout-flex wp-block-gallery-is-layout-flex\"><ul class=\"blocks-gallery-grid\"><li class=\"blocks-gallery-item\"><figure><img data-recalc-dims=\"1\" loading=\"lazy\" decoding=\"async\" width=\"640\" height=\"603\" src=\"https:\/\/i0.wp.com\/www.labrujulaweb.com.ar\/blog\/wp-content\/uploads\/2022\/07\/RUTA33VALIDA.jpeg?resize=640%2C603&#038;ssl=1\" alt=\"\" data-id=\"6646\" data-link=\"https:\/\/www.labrujulaweb.com.ar\/blog\/?attachment_id=6646\" class=\"wp-image-6646\" srcset=\"https:\/\/i0.wp.com\/www.labrujulaweb.com.ar\/blog\/wp-content\/uploads\/2022\/07\/RUTA33VALIDA.jpeg?w=707&amp;ssl=1 707w, https:\/\/i0.wp.com\/www.labrujulaweb.com.ar\/blog\/wp-content\/uploads\/2022\/07\/RUTA33VALIDA.jpeg?resize=300%2C283&amp;ssl=1 300w\" sizes=\"auto, (max-width: 640px) 100vw, 640px\" \/><\/figure><\/li><li class=\"blocks-gallery-item\"><figure><img data-recalc-dims=\"1\" loading=\"lazy\" decoding=\"async\" width=\"640\" height=\"288\" src=\"https:\/\/i0.wp.com\/www.labrujulaweb.com.ar\/blog\/wp-content\/uploads\/2022\/07\/RUTAVALIDA-1.jpeg?resize=640%2C288&#038;ssl=1\" alt=\"\" data-id=\"6648\" data-full-url=\"https:\/\/www.labrujulaweb.com.ar\/blog\/wp-content\/uploads\/2022\/07\/RUTAVALIDA-1.jpeg\" data-link=\"https:\/\/www.labrujulaweb.com.ar\/blog\/?attachment_id=6648\" class=\"wp-image-6648\" srcset=\"https:\/\/i0.wp.com\/www.labrujulaweb.com.ar\/blog\/wp-content\/uploads\/2022\/07\/RUTAVALIDA-1.jpeg?resize=1024%2C461&amp;ssl=1 1024w, https:\/\/i0.wp.com\/www.labrujulaweb.com.ar\/blog\/wp-content\/uploads\/2022\/07\/RUTAVALIDA-1.jpeg?resize=300%2C135&amp;ssl=1 300w, https:\/\/i0.wp.com\/www.labrujulaweb.com.ar\/blog\/wp-content\/uploads\/2022\/07\/RUTAVALIDA-1.jpeg?resize=768%2C346&amp;ssl=1 768w, https:\/\/i0.wp.com\/www.labrujulaweb.com.ar\/blog\/wp-content\/uploads\/2022\/07\/RUTAVALIDA-1.jpeg?w=1110&amp;ssl=1 1110w\" sizes=\"auto, (max-width: 640px) 100vw, 640px\" \/><\/figure><\/li><\/ul><\/figure>\n\n\n\n<p>Se trata de una persona de sexo masculino de mediana edad que al ser interceptado por la polic\u00eda accede sin ning\u00fan tipo de negaci\u00f3n a ser investigado por <strong>averiguaci\u00f3n de antecedentes<\/strong> que es un tr\u00e1mite de rigor- de acuerdo a lo manifestado a este medio por uno de los oficiales a cargo del operativo- El mismo manifiesta que su veh\u00edculo se rompi\u00f3 en ruta y al salir caminando lo levanta un veh\u00edculo que lo deja en la ciudad m\u00e1s cercana.<\/p>\n\n\n\n<p>&nbsp;F\u00edsicamente se encuentra en perfectas condiciones.<\/p>\n","protected":false},"excerpt":{"rendered":"<p>\u00abSe trata de una persona de sexo masculino oriunda de Rufino\u00bb. El aviso fue dado a la polic\u00eda comunal de Ameghino a la una de la ma\u00f1ana de este s\u00e1bado por un transe\u00fante que pasaba por el lugar y vio una moto a orillas de la ruta Nac. 188 sentido Villegas Ameghino a la altura [&hellip;]<\/p>\n","protected":false},"author":2,"featured_media":6647,"comment_status":"open","ping_status":"open","sticky":false,"template":"","format":"standard","meta":{"footnotes":"","jetpack_publicize_message":"","jetpack_publicize_feature_enabled":true,"jetpack_social_post_already_shared":true,"jetpack_social_options":{"image_generator_settings":{"template":"highway","default_image_id":0,"font":"","enabled":false},"version":2}},"categories":[35,24,31,6,9,34],"tags":[],"class_list":["post-6643","post","type-post","status-publish","format-standard","has-post-thumbnail","hentry","category-comunicacion","category-florentino-ameghino","category-importantes","category-interes-general","category-municipios","category-policial"],"jetpack_publicize_connections":[],"jetpack_featured_media_url":"https:\/\/i0.wp.com\/www.labrujulaweb.com.ar\/blog\/wp-content\/uploads\/2022\/07\/RUTA2VALIDA-1.jpeg?fit=1110%2C500&ssl=1","jetpack_sharing_enabled":true,"_links":{"self":[{"href":"https:\/\/www.labrujulaweb.com.ar\/blog\/wp-json\/wp\/v2\/posts\/6643","targetHints":{"allow":["GET"]}}],"collection":[{"href":"https:\/\/www.labrujulaweb.com.ar\/blog\/wp-json\/wp\/v2\/posts"}],"about":[{"href":"https:\/\/www.labrujulaweb.com.ar\/blog\/wp-json\/wp\/v2\/types\/post"}],"author":[{"embeddable":true,"href":"https:\/\/www.labrujulaweb.com.ar\/blog\/wp-json\/wp\/v2\/users\/2"}],"replies":[{"embeddable":true,"href":"https:\/\/www.labrujulaweb.com.ar\/blog\/wp-json\/wp\/v2\/comments?post=6643"}],"version-history":[{"count":1,"href":"https:\/\/www.labrujulaweb.com.ar\/blog\/wp-json\/wp\/v2\/posts\/6643\/revisions"}],"predecessor-version":[{"id":6649,"href":"https:\/\/www.labrujulaweb.com.ar\/blog\/wp-json\/wp\/v2\/posts\/6643\/revisions\/6649"}],"wp:featuredmedia":[{"embeddable":true,"href":"https:\/\/www.labrujulaweb.com.ar\/blog\/wp-json\/wp\/v2\/media\/6647"}],"wp:attachment":[{"href":"https:\/\/www.labrujulaweb.com.ar\/blog\/wp-json\/wp\/v2\/media?parent=6643"}],"wp:term":[{"taxonomy":"category","embeddable":true,"href":"https:\/\/www.labrujulaweb.com.ar\/blog\/wp-json\/wp\/v2\/categories?post=6643"},{"taxonomy":"post_tag","embeddable":true,"href":"https:\/\/www.labrujulaweb.com.ar\/blog\/wp-json\/wp\/v2\/tags?post=6643"}],"curies":[{"name":"wp","href":"https:\/\/api.w.org\/{rel}","templated":true}]}}