{"id":6686,"date":"2022-08-11T08:40:00","date_gmt":"2022-08-11T11:40:00","guid":{"rendered":"https:\/\/www.labrujulaweb.com.ar\/blog\/?p=6686"},"modified":"2022-08-16T15:10:34","modified_gmt":"2022-08-16T18:10:34","slug":"ameghino-extraccion-de-eucaliptos-de-calle-1-que-resolvio-la-justicia","status":"publish","type":"post","link":"https:\/\/www.labrujulaweb.com.ar\/blog\/interes-general\/ameghino-extraccion-de-eucaliptos-de-calle-1-que-resolvio-la-justicia\/","title":{"rendered":"Ameghino.                Extracci\u00f3n de Eucaliptos de calle 1 \u00bfQue resolvi\u00f3 la justicia?"},"content":{"rendered":"\n<p class=\"has-text-color has-very-dark-gray-color\">Ante la situaci\u00f3n que se dio por la <strong>tala de \u00e1rboles<\/strong> de calle N\u00b0 1 en Ameghino por parte del municipio y la oposici\u00f3n de una importante parte de la comunidad que deriv\u00f3 en pedio de una medida cautelar en los tribunales de Jun\u00edn, se lleg\u00f3 este Mi\u00e9rcoles a la siguiente resoluci\u00f3n:<\/p>\n\n\n\n<p class=\"has-text-color has-very-dark-gray-color\">&nbsp;Los vecinos\/as que representan al resto de los ciudadanos en el pedido al municipio que no avance en la extracci\u00f3n de los eucaliptus (Mar\u00eda C. Arrieta, N\u00e9stor Leschiutta y Noelia Becerra) se presentaron \u2013con fecha de citaci\u00f3n- junto a su asesor letrado el Dr. Juan Sebasti\u00e1n Jaca en el <strong>tribunal criminal N\u00b0 1 de Jun\u00edn<\/strong> donde recay\u00f3 por sorteo el amparo, por otro lado, tambi\u00e9n lo hicieron \u2013representando al municipio- la Dra. Victoria Secco y el Secretario de obras p\u00fablicas Marcos Ceretta.<\/p>\n\n\n\n<p class=\"has-text-color has-very-dark-gray-color\">&nbsp;En audiencia conciliatoria se acord\u00f3 ante el Juez <strong>que la medida cautelar sigue vigente<\/strong> hasta tanto no se haga un informe <strong>neutro<\/strong> de impacto ambiental por un perito <strong>elegido por la justicia<\/strong>.<\/p>\n\n\n\n<div class=\"wp-block-image\"><figure class=\"alignleft size-large is-resized\"><img data-recalc-dims=\"1\" loading=\"lazy\" decoding=\"async\" src=\"https:\/\/i0.wp.com\/www.labrujulaweb.com.ar\/blog\/wp-content\/uploads\/2022\/08\/ARBOL3VALIDO.jpeg?resize=207%2C461&#038;ssl=1\" alt=\"\" class=\"wp-image-6693\" width=\"207\" height=\"461\" srcset=\"https:\/\/i0.wp.com\/www.labrujulaweb.com.ar\/blog\/wp-content\/uploads\/2022\/08\/ARBOL3VALIDO.jpeg?w=225&amp;ssl=1 225w, https:\/\/i0.wp.com\/www.labrujulaweb.com.ar\/blog\/wp-content\/uploads\/2022\/08\/ARBOL3VALIDO.jpeg?resize=135%2C300&amp;ssl=1 135w\" sizes=\"auto, (max-width: 207px) 100vw, 207px\" \/><\/figure><\/div>\n\n\n\n<p class=\"has-text-color has-very-dark-gray-color\">Al momento de haberse presentado la cautelar y suspenderse la extracci\u00f3n de los arboles eran <strong>21 de los 150<\/strong> eucaliptus retirados de calle 1.<\/p>\n","protected":false},"excerpt":{"rendered":"<p>Ante la situaci\u00f3n que se dio por la tala de \u00e1rboles de calle N\u00b0 1 en Ameghino por parte del municipio y la oposici\u00f3n de una importante parte de la comunidad que deriv\u00f3 en pedio de una medida cautelar en los tribunales de Jun\u00edn, se lleg\u00f3 este Mi\u00e9rcoles a la siguiente resoluci\u00f3n: &nbsp;Los vecinos\/as que [&hellip;]<\/p>\n","protected":false},"author":2,"featured_media":6688,"comment_status":"open","ping_status":"open","sticky":false,"template":"","format":"standard","meta":{"footnotes":"","jetpack_publicize_message":"","jetpack_publicize_feature_enabled":true,"jetpack_social_post_already_shared":true,"jetpack_social_options":{"image_generator_settings":{"template":"highway","default_image_id":0,"font":"","enabled":false},"version":2}},"categories":[35,24,31,6,9,37],"tags":[],"class_list":["post-6686","post","type-post","status-publish","format-standard","has-post-thumbnail","hentry","category-comunicacion","category-florentino-ameghino","category-importantes","category-interes-general","category-municipios","category-sociedad"],"jetpack_publicize_connections":[],"jetpack_featured_media_url":"https:\/\/i0.wp.com\/www.labrujulaweb.com.ar\/blog\/wp-content\/uploads\/2022\/08\/ARBOL33VALIDA.jpg?fit=2023%2C1239&ssl=1","jetpack_sharing_enabled":true,"_links":{"self":[{"href":"https:\/\/www.labrujulaweb.com.ar\/blog\/wp-json\/wp\/v2\/posts\/6686","targetHints":{"allow":["GET"]}}],"collection":[{"href":"https:\/\/www.labrujulaweb.com.ar\/blog\/wp-json\/wp\/v2\/posts"}],"about":[{"href":"https:\/\/www.labrujulaweb.com.ar\/blog\/wp-json\/wp\/v2\/types\/post"}],"author":[{"embeddable":true,"href":"https:\/\/www.labrujulaweb.com.ar\/blog\/wp-json\/wp\/v2\/users\/2"}],"replies":[{"embeddable":true,"href":"https:\/\/www.labrujulaweb.com.ar\/blog\/wp-json\/wp\/v2\/comments?post=6686"}],"version-history":[{"count":4,"href":"https:\/\/www.labrujulaweb.com.ar\/blog\/wp-json\/wp\/v2\/posts\/6686\/revisions"}],"predecessor-version":[{"id":6719,"href":"https:\/\/www.labrujulaweb.com.ar\/blog\/wp-json\/wp\/v2\/posts\/6686\/revisions\/6719"}],"wp:featuredmedia":[{"embeddable":true,"href":"https:\/\/www.labrujulaweb.com.ar\/blog\/wp-json\/wp\/v2\/media\/6688"}],"wp:attachment":[{"href":"https:\/\/www.labrujulaweb.com.ar\/blog\/wp-json\/wp\/v2\/media?parent=6686"}],"wp:term":[{"taxonomy":"category","embeddable":true,"href":"https:\/\/www.labrujulaweb.com.ar\/blog\/wp-json\/wp\/v2\/categories?post=6686"},{"taxonomy":"post_tag","embeddable":true,"href":"https:\/\/www.labrujulaweb.com.ar\/blog\/wp-json\/wp\/v2\/tags?post=6686"}],"curies":[{"name":"wp","href":"https:\/\/api.w.org\/{rel}","templated":true}]}}