{"id":6736,"date":"2022-08-20T19:38:08","date_gmt":"2022-08-20T22:38:08","guid":{"rendered":"https:\/\/www.labrujulaweb.com.ar\/blog\/?p=6736"},"modified":"2022-08-26T20:59:33","modified_gmt":"2022-08-26T23:59:33","slug":"ameghino-multitudinario-festejo-del-dia-de-las-infancias-en-plaza-de-plan-federal-lll","status":"publish","type":"post","link":"https:\/\/www.labrujulaweb.com.ar\/blog\/interes-general\/ameghino-multitudinario-festejo-del-dia-de-las-infancias-en-plaza-de-plan-federal-lll\/","title":{"rendered":"Ameghino.        Multitudinario festejo del \u201cD\u00eda de las Infancias\u201d en Plaza de Plan Federal lll"},"content":{"rendered":"\n<p class=\"has-text-color has-very-dark-gray-color\">En el marco del \u00ab<strong>d\u00eda de las infancias<\/strong>\u00bb este s\u00e1bado los <strong>concejales de<\/strong>l<strong> F.D.T<\/strong> junto a toda la militancia del espacio realizaron un cierre con festejos en la plaza del Plan Federal lll.<\/p>\n\n\n\n<p class=\"has-text-color has-very-dark-gray-color\">El lugar se encontr\u00f3 desde que comenz\u00f3 la tarde colmada de familias, rueda de amigos y muchos ni\u00f1os\/as que pudieron acceder a los juegos, pinturas, actividades f\u00edsicas con profesores que militan en el espacio, lectura para chicos con el obsequio de libros y dem\u00e1s actividades recreativas.<\/p>\n\n\n\n<figure class=\"wp-block-gallery columns-2 is-cropped wp-block-gallery-1 is-layout-flex wp-block-gallery-is-layout-flex\"><ul class=\"blocks-gallery-grid\"><li class=\"blocks-gallery-item\"><figure><img data-recalc-dims=\"1\" loading=\"lazy\" decoding=\"async\" width=\"640\" height=\"288\" src=\"https:\/\/i0.wp.com\/www.labrujulaweb.com.ar\/blog\/wp-content\/uploads\/2022\/08\/DIA-DE-LAS-INFAVALIDA.jpeg?resize=640%2C288&#038;ssl=1\" alt=\"\" data-id=\"6737\" data-link=\"https:\/\/www.labrujulaweb.com.ar\/blog\/?attachment_id=6737\" class=\"wp-image-6737\" srcset=\"https:\/\/i0.wp.com\/www.labrujulaweb.com.ar\/blog\/wp-content\/uploads\/2022\/08\/DIA-DE-LAS-INFAVALIDA.jpeg?resize=1024%2C460&amp;ssl=1 1024w, https:\/\/i0.wp.com\/www.labrujulaweb.com.ar\/blog\/wp-content\/uploads\/2022\/08\/DIA-DE-LAS-INFAVALIDA.jpeg?resize=300%2C135&amp;ssl=1 300w, https:\/\/i0.wp.com\/www.labrujulaweb.com.ar\/blog\/wp-content\/uploads\/2022\/08\/DIA-DE-LAS-INFAVALIDA.jpeg?resize=768%2C345&amp;ssl=1 768w, https:\/\/i0.wp.com\/www.labrujulaweb.com.ar\/blog\/wp-content\/uploads\/2022\/08\/DIA-DE-LAS-INFAVALIDA.jpeg?w=1113&amp;ssl=1 1113w\" sizes=\"auto, (max-width: 640px) 100vw, 640px\" \/><\/figure><\/li><li class=\"blocks-gallery-item\"><figure><img data-recalc-dims=\"1\" loading=\"lazy\" decoding=\"async\" width=\"640\" height=\"462\" src=\"https:\/\/i0.wp.com\/www.labrujulaweb.com.ar\/blog\/wp-content\/uploads\/2022\/08\/DIA-DELNI%C3%91OVALIDA.jpeg?resize=640%2C462&#038;ssl=1\" alt=\"\" data-id=\"6738\" data-full-url=\"https:\/\/www.labrujulaweb.com.ar\/blog\/wp-content\/uploads\/2022\/08\/DIA-DELNI\u00d1OVALIDA.jpeg\" data-link=\"https:\/\/www.labrujulaweb.com.ar\/blog\/?attachment_id=6738\" class=\"wp-image-6738\" srcset=\"https:\/\/i0.wp.com\/www.labrujulaweb.com.ar\/blog\/wp-content\/uploads\/2022\/08\/DIA-DELNI%C3%91OVALIDA.jpeg?w=693&amp;ssl=1 693w, https:\/\/i0.wp.com\/www.labrujulaweb.com.ar\/blog\/wp-content\/uploads\/2022\/08\/DIA-DELNI%C3%91OVALIDA.jpeg?resize=300%2C216&amp;ssl=1 300w\" sizes=\"auto, (max-width: 640px) 100vw, 640px\" \/><\/figure><\/li><\/ul><\/figure>\n\n\n\n<p class=\"has-text-color has-very-dark-gray-color\">Entre la gran cantidad de familias y chicos se encontraban dos postas, por un lado, la de vacunaci\u00f3n, asesorando sobre la vacuna y en otro sector la posta \u201cProgresar\u201d para quienes se inscribieron y quieren saber de qu\u00e9 se trata.<\/p>\n\n\n\n<p class=\"has-text-color has-very-dark-gray-color\">&nbsp;La nutrida cantidad de gente que se acerc\u00f3 al lugar se encontraba con servicio de agua caliente, a quienes adem\u00e1s se les obsequiaba un paquete de yerba para disfrutar del mate en familia como s\u00edmbolo del encuentro, golosinas y masas.<\/p>\n\n\n\n<p class=\"has-text-color has-very-dark-gray-color\">Ya finalizando la tarde se realiz\u00f3 un cierre musical aportado por el<strong> Instituto Cultural de la Pcia de Bs As<\/strong>  culminando con la entrega de juguetes a todos los ni\u00f1os y ni\u00f1as presentes.<\/p>\n\n\n\n<p class=\"has-text-color has-very-dark-gray-color\">IMAGENES DE UNA TARDE DESTINADA A CELEBRAR LAS INFANCIAS<\/p>\n\n\n\n<figure class=\"wp-block-gallery columns-2 is-cropped wp-block-gallery-2 is-layout-flex wp-block-gallery-is-layout-flex\"><ul class=\"blocks-gallery-grid\"><li class=\"blocks-gallery-item\"><figure><img data-recalc-dims=\"1\" loading=\"lazy\" decoding=\"async\" width=\"640\" height=\"289\" src=\"https:\/\/i0.wp.com\/www.labrujulaweb.com.ar\/blog\/wp-content\/uploads\/2022\/08\/DIA-D-LAS-INFAVALIDA.jpeg?resize=640%2C289&#038;ssl=1\" alt=\"\" data-id=\"6739\" data-link=\"https:\/\/www.labrujulaweb.com.ar\/blog\/?attachment_id=6739\" class=\"wp-image-6739\" srcset=\"https:\/\/i0.wp.com\/www.labrujulaweb.com.ar\/blog\/wp-content\/uploads\/2022\/08\/DIA-D-LAS-INFAVALIDA.jpeg?resize=1024%2C462&amp;ssl=1 1024w, https:\/\/i0.wp.com\/www.labrujulaweb.com.ar\/blog\/wp-content\/uploads\/2022\/08\/DIA-D-LAS-INFAVALIDA.jpeg?resize=300%2C135&amp;ssl=1 300w, https:\/\/i0.wp.com\/www.labrujulaweb.com.ar\/blog\/wp-content\/uploads\/2022\/08\/DIA-D-LAS-INFAVALIDA.jpeg?resize=768%2C346&amp;ssl=1 768w, https:\/\/i0.wp.com\/www.labrujulaweb.com.ar\/blog\/wp-content\/uploads\/2022\/08\/DIA-D-LAS-INFAVALIDA.jpeg?w=1109&amp;ssl=1 1109w\" sizes=\"auto, (max-width: 640px) 100vw, 640px\" \/><\/figure><\/li><li class=\"blocks-gallery-item\"><figure><img data-recalc-dims=\"1\" loading=\"lazy\" decoding=\"async\" width=\"640\" height=\"289\" src=\"https:\/\/i0.wp.com\/www.labrujulaweb.com.ar\/blog\/wp-content\/uploads\/2022\/08\/DIA-DE-LAS-INFANCIASAAVALIDA.jpeg?resize=640%2C289&#038;ssl=1\" alt=\"\" data-id=\"6740\" data-full-url=\"https:\/\/www.labrujulaweb.com.ar\/blog\/wp-content\/uploads\/2022\/08\/DIA-DE-LAS-INFANCIASAAVALIDA.jpeg\" data-link=\"https:\/\/www.labrujulaweb.com.ar\/blog\/?attachment_id=6740\" class=\"wp-image-6740\" srcset=\"https:\/\/i0.wp.com\/www.labrujulaweb.com.ar\/blog\/wp-content\/uploads\/2022\/08\/DIA-DE-LAS-INFANCIASAAVALIDA.jpeg?resize=1024%2C462&amp;ssl=1 1024w, https:\/\/i0.wp.com\/www.labrujulaweb.com.ar\/blog\/wp-content\/uploads\/2022\/08\/DIA-DE-LAS-INFANCIASAAVALIDA.jpeg?resize=300%2C135&amp;ssl=1 300w, https:\/\/i0.wp.com\/www.labrujulaweb.com.ar\/blog\/wp-content\/uploads\/2022\/08\/DIA-DE-LAS-INFANCIASAAVALIDA.jpeg?resize=768%2C346&amp;ssl=1 768w, https:\/\/i0.wp.com\/www.labrujulaweb.com.ar\/blog\/wp-content\/uploads\/2022\/08\/DIA-DE-LAS-INFANCIASAAVALIDA.jpeg?w=1109&amp;ssl=1 1109w\" sizes=\"auto, (max-width: 640px) 100vw, 640px\" \/><\/figure><\/li><\/ul><\/figure>\n\n\n\n<figure class=\"wp-block-gallery columns-2 is-cropped wp-block-gallery-3 is-layout-flex wp-block-gallery-is-layout-flex\"><ul class=\"blocks-gallery-grid\"><li class=\"blocks-gallery-item\"><figure><img data-recalc-dims=\"1\" loading=\"lazy\" decoding=\"async\" width=\"640\" height=\"288\" src=\"https:\/\/i0.wp.com\/www.labrujulaweb.com.ar\/blog\/wp-content\/uploads\/2022\/08\/DIA-DE-LAS-INGANDVALIDO.jpeg?resize=640%2C288&#038;ssl=1\" alt=\"\" data-id=\"6741\" data-link=\"https:\/\/www.labrujulaweb.com.ar\/blog\/?attachment_id=6741\" class=\"wp-image-6741\" srcset=\"https:\/\/i0.wp.com\/www.labrujulaweb.com.ar\/blog\/wp-content\/uploads\/2022\/08\/DIA-DE-LAS-INGANDVALIDO.jpeg?resize=1024%2C461&amp;ssl=1 1024w, https:\/\/i0.wp.com\/www.labrujulaweb.com.ar\/blog\/wp-content\/uploads\/2022\/08\/DIA-DE-LAS-INGANDVALIDO.jpeg?resize=300%2C135&amp;ssl=1 300w, https:\/\/i0.wp.com\/www.labrujulaweb.com.ar\/blog\/wp-content\/uploads\/2022\/08\/DIA-DE-LAS-INGANDVALIDO.jpeg?resize=768%2C346&amp;ssl=1 768w, https:\/\/i0.wp.com\/www.labrujulaweb.com.ar\/blog\/wp-content\/uploads\/2022\/08\/DIA-DE-LAS-INGANDVALIDO.jpeg?w=1110&amp;ssl=1 1110w\" sizes=\"auto, (max-width: 640px) 100vw, 640px\" \/><\/figure><\/li><li class=\"blocks-gallery-item\"><figure><img data-recalc-dims=\"1\" loading=\"lazy\" decoding=\"async\" width=\"640\" height=\"289\" src=\"https:\/\/i0.wp.com\/www.labrujulaweb.com.ar\/blog\/wp-content\/uploads\/2022\/08\/DIA-DE-LAS-VALIDO.jpeg?resize=640%2C289&#038;ssl=1\" alt=\"\" data-id=\"6742\" data-full-url=\"https:\/\/www.labrujulaweb.com.ar\/blog\/wp-content\/uploads\/2022\/08\/DIA-DE-LAS-VALIDO.jpeg\" data-link=\"https:\/\/www.labrujulaweb.com.ar\/blog\/?attachment_id=6742\" class=\"wp-image-6742\" srcset=\"https:\/\/i0.wp.com\/www.labrujulaweb.com.ar\/blog\/wp-content\/uploads\/2022\/08\/DIA-DE-LAS-VALIDO.jpeg?resize=1024%2C462&amp;ssl=1 1024w, https:\/\/i0.wp.com\/www.labrujulaweb.com.ar\/blog\/wp-content\/uploads\/2022\/08\/DIA-DE-LAS-VALIDO.jpeg?resize=300%2C135&amp;ssl=1 300w, https:\/\/i0.wp.com\/www.labrujulaweb.com.ar\/blog\/wp-content\/uploads\/2022\/08\/DIA-DE-LAS-VALIDO.jpeg?resize=768%2C346&amp;ssl=1 768w, https:\/\/i0.wp.com\/www.labrujulaweb.com.ar\/blog\/wp-content\/uploads\/2022\/08\/DIA-DE-LAS-VALIDO.jpeg?w=1109&amp;ssl=1 1109w\" sizes=\"auto, (max-width: 640px) 100vw, 640px\" \/><\/figure><\/li><\/ul><\/figure>\n\n\n\n<figure class=\"wp-block-gallery columns-2 is-cropped wp-block-gallery-4 is-layout-flex wp-block-gallery-is-layout-flex\"><ul class=\"blocks-gallery-grid\"><li class=\"blocks-gallery-item\"><figure><img data-recalc-dims=\"1\" loading=\"lazy\" decoding=\"async\" width=\"640\" height=\"288\" src=\"https:\/\/i0.wp.com\/www.labrujulaweb.com.ar\/blog\/wp-content\/uploads\/2022\/08\/DIA-DE-LASSSVALIDAA.jpeg?resize=640%2C288&#038;ssl=1\" alt=\"\" data-id=\"6743\" data-link=\"https:\/\/www.labrujulaweb.com.ar\/blog\/?attachment_id=6743\" class=\"wp-image-6743\" srcset=\"https:\/\/i0.wp.com\/www.labrujulaweb.com.ar\/blog\/wp-content\/uploads\/2022\/08\/DIA-DE-LASSSVALIDAA.jpeg?resize=1024%2C461&amp;ssl=1 1024w, https:\/\/i0.wp.com\/www.labrujulaweb.com.ar\/blog\/wp-content\/uploads\/2022\/08\/DIA-DE-LASSSVALIDAA.jpeg?resize=300%2C135&amp;ssl=1 300w, https:\/\/i0.wp.com\/www.labrujulaweb.com.ar\/blog\/wp-content\/uploads\/2022\/08\/DIA-DE-LASSSVALIDAA.jpeg?resize=768%2C346&amp;ssl=1 768w, https:\/\/i0.wp.com\/www.labrujulaweb.com.ar\/blog\/wp-content\/uploads\/2022\/08\/DIA-DE-LASSSVALIDAA.jpeg?w=1110&amp;ssl=1 1110w\" sizes=\"auto, (max-width: 640px) 100vw, 640px\" \/><\/figure><\/li><li class=\"blocks-gallery-item\"><figure><img data-recalc-dims=\"1\" loading=\"lazy\" decoding=\"async\" width=\"640\" height=\"288\" src=\"https:\/\/i0.wp.com\/www.labrujulaweb.com.ar\/blog\/wp-content\/uploads\/2022\/08\/DIAD-LAS-INFANCIASSS.jpeg?resize=640%2C288&#038;ssl=1\" alt=\"\" data-id=\"6744\" data-full-url=\"https:\/\/www.labrujulaweb.com.ar\/blog\/wp-content\/uploads\/2022\/08\/DIAD-LAS-INFANCIASSS.jpeg\" data-link=\"https:\/\/www.labrujulaweb.com.ar\/blog\/?attachment_id=6744\" class=\"wp-image-6744\" srcset=\"https:\/\/i0.wp.com\/www.labrujulaweb.com.ar\/blog\/wp-content\/uploads\/2022\/08\/DIAD-LAS-INFANCIASSS.jpeg?resize=1024%2C461&amp;ssl=1 1024w, https:\/\/i0.wp.com\/www.labrujulaweb.com.ar\/blog\/wp-content\/uploads\/2022\/08\/DIAD-LAS-INFANCIASSS.jpeg?resize=300%2C135&amp;ssl=1 300w, https:\/\/i0.wp.com\/www.labrujulaweb.com.ar\/blog\/wp-content\/uploads\/2022\/08\/DIAD-LAS-INFANCIASSS.jpeg?resize=768%2C346&amp;ssl=1 768w, https:\/\/i0.wp.com\/www.labrujulaweb.com.ar\/blog\/wp-content\/uploads\/2022\/08\/DIAD-LAS-INFANCIASSS.jpeg?w=1110&amp;ssl=1 1110w\" sizes=\"auto, (max-width: 640px) 100vw, 640px\" \/><\/figure><\/li><\/ul><\/figure>\n\n\n\n<figure class=\"wp-block-gallery columns-1 is-cropped wp-block-gallery-5 is-layout-flex wp-block-gallery-is-layout-flex\"><ul class=\"blocks-gallery-grid\"><li class=\"blocks-gallery-item\"><figure><img data-recalc-dims=\"1\" loading=\"lazy\" decoding=\"async\" width=\"640\" height=\"288\" src=\"https:\/\/i0.wp.com\/www.labrujulaweb.com.ar\/blog\/wp-content\/uploads\/2022\/08\/DIADELASVALIDO.jpeg?resize=640%2C288&#038;ssl=1\" alt=\"\" data-id=\"6745\" data-full-url=\"https:\/\/www.labrujulaweb.com.ar\/blog\/wp-content\/uploads\/2022\/08\/DIADELASVALIDO.jpeg\" data-link=\"https:\/\/www.labrujulaweb.com.ar\/blog\/?attachment_id=6745\" class=\"wp-image-6745\" srcset=\"https:\/\/i0.wp.com\/www.labrujulaweb.com.ar\/blog\/wp-content\/uploads\/2022\/08\/DIADELASVALIDO.jpeg?resize=1024%2C461&amp;ssl=1 1024w, https:\/\/i0.wp.com\/www.labrujulaweb.com.ar\/blog\/wp-content\/uploads\/2022\/08\/DIADELASVALIDO.jpeg?resize=300%2C135&amp;ssl=1 300w, https:\/\/i0.wp.com\/www.labrujulaweb.com.ar\/blog\/wp-content\/uploads\/2022\/08\/DIADELASVALIDO.jpeg?resize=768%2C346&amp;ssl=1 768w, https:\/\/i0.wp.com\/www.labrujulaweb.com.ar\/blog\/wp-content\/uploads\/2022\/08\/DIADELASVALIDO.jpeg?w=1110&amp;ssl=1 1110w\" sizes=\"auto, (max-width: 640px) 100vw, 640px\" \/><\/figure><\/li><\/ul><\/figure>\n\n\n\n<figure class=\"wp-block-gallery columns-2 is-cropped wp-block-gallery-6 is-layout-flex wp-block-gallery-is-layout-flex\"><ul class=\"blocks-gallery-grid\"><li class=\"blocks-gallery-item\"><figure><img data-recalc-dims=\"1\" loading=\"lazy\" decoding=\"async\" width=\"640\" height=\"288\" src=\"https:\/\/i0.wp.com\/www.labrujulaweb.com.ar\/blog\/wp-content\/uploads\/2022\/08\/DIADELNI%C3%91OVALIDA.jpeg?resize=640%2C288&#038;ssl=1\" alt=\"\" data-id=\"6746\" data-link=\"https:\/\/www.labrujulaweb.com.ar\/blog\/?attachment_id=6746\" class=\"wp-image-6746\" srcset=\"https:\/\/i0.wp.com\/www.labrujulaweb.com.ar\/blog\/wp-content\/uploads\/2022\/08\/DIADELNI%C3%91OVALIDA.jpeg?resize=1024%2C460&amp;ssl=1 1024w, https:\/\/i0.wp.com\/www.labrujulaweb.com.ar\/blog\/wp-content\/uploads\/2022\/08\/DIADELNI%C3%91OVALIDA.jpeg?resize=300%2C135&amp;ssl=1 300w, https:\/\/i0.wp.com\/www.labrujulaweb.com.ar\/blog\/wp-content\/uploads\/2022\/08\/DIADELNI%C3%91OVALIDA.jpeg?resize=768%2C345&amp;ssl=1 768w, https:\/\/i0.wp.com\/www.labrujulaweb.com.ar\/blog\/wp-content\/uploads\/2022\/08\/DIADELNI%C3%91OVALIDA.jpeg?w=1113&amp;ssl=1 1113w\" sizes=\"auto, (max-width: 640px) 100vw, 640px\" \/><\/figure><\/li><li class=\"blocks-gallery-item\"><figure><img data-recalc-dims=\"1\" loading=\"lazy\" decoding=\"async\" width=\"640\" height=\"288\" src=\"https:\/\/i0.wp.com\/www.labrujulaweb.com.ar\/blog\/wp-content\/uploads\/2022\/08\/DIADELNI%C3%91OVALIDAA.jpeg?resize=640%2C288&#038;ssl=1\" alt=\"\" data-id=\"6747\" data-full-url=\"https:\/\/www.labrujulaweb.com.ar\/blog\/wp-content\/uploads\/2022\/08\/DIADELNI\u00d1OVALIDAA.jpeg\" data-link=\"https:\/\/www.labrujulaweb.com.ar\/blog\/?attachment_id=6747\" class=\"wp-image-6747\" srcset=\"https:\/\/i0.wp.com\/www.labrujulaweb.com.ar\/blog\/wp-content\/uploads\/2022\/08\/DIADELNI%C3%91OVALIDAA.jpeg?resize=1024%2C461&amp;ssl=1 1024w, https:\/\/i0.wp.com\/www.labrujulaweb.com.ar\/blog\/wp-content\/uploads\/2022\/08\/DIADELNI%C3%91OVALIDAA.jpeg?resize=300%2C135&amp;ssl=1 300w, https:\/\/i0.wp.com\/www.labrujulaweb.com.ar\/blog\/wp-content\/uploads\/2022\/08\/DIADELNI%C3%91OVALIDAA.jpeg?resize=768%2C346&amp;ssl=1 768w, https:\/\/i0.wp.com\/www.labrujulaweb.com.ar\/blog\/wp-content\/uploads\/2022\/08\/DIADELNI%C3%91OVALIDAA.jpeg?w=1110&amp;ssl=1 1110w\" sizes=\"auto, (max-width: 640px) 100vw, 640px\" \/><\/figure><\/li><\/ul><\/figure>\n","protected":false},"excerpt":{"rendered":"<p>En el marco del \u00abd\u00eda de las infancias\u00bb este s\u00e1bado los concejales del F.D.T junto a toda la militancia del espacio realizaron un cierre con festejos en la plaza del Plan Federal lll. El lugar se encontr\u00f3 desde que comenz\u00f3 la tarde colmada de familias, rueda de amigos y muchos ni\u00f1os\/as que pudieron acceder a [&hellip;]<\/p>\n","protected":false},"author":2,"featured_media":6749,"comment_status":"open","ping_status":"open","sticky":false,"template":"","format":"standard","meta":{"footnotes":"","jetpack_publicize_message":"","jetpack_publicize_feature_enabled":true,"jetpack_social_post_already_shared":true,"jetpack_social_options":{"image_generator_settings":{"template":"highway","default_image_id":0,"font":"","enabled":false},"version":2}},"categories":[35,7,8,24,31,6,37],"tags":[],"class_list":["post-6736","post","type-post","status-publish","format-standard","has-post-thumbnail","hentry","category-comunicacion","category-cultura","category-deportes","category-florentino-ameghino","category-importantes","category-interes-general","category-sociedad"],"jetpack_publicize_connections":[],"jetpack_featured_media_url":"https:\/\/i0.wp.com\/www.labrujulaweb.com.ar\/blog\/wp-content\/uploads\/2022\/08\/PORTADA-DIAD-LASVALIDO.jpeg?fit=1110%2C500&ssl=1","jetpack_sharing_enabled":true,"_links":{"self":[{"href":"https:\/\/www.labrujulaweb.com.ar\/blog\/wp-json\/wp\/v2\/posts\/6736","targetHints":{"allow":["GET"]}}],"collection":[{"href":"https:\/\/www.labrujulaweb.com.ar\/blog\/wp-json\/wp\/v2\/posts"}],"about":[{"href":"https:\/\/www.labrujulaweb.com.ar\/blog\/wp-json\/wp\/v2\/types\/post"}],"author":[{"embeddable":true,"href":"https:\/\/www.labrujulaweb.com.ar\/blog\/wp-json\/wp\/v2\/users\/2"}],"replies":[{"embeddable":true,"href":"https:\/\/www.labrujulaweb.com.ar\/blog\/wp-json\/wp\/v2\/comments?post=6736"}],"version-history":[{"count":2,"href":"https:\/\/www.labrujulaweb.com.ar\/blog\/wp-json\/wp\/v2\/posts\/6736\/revisions"}],"predecessor-version":[{"id":6786,"href":"https:\/\/www.labrujulaweb.com.ar\/blog\/wp-json\/wp\/v2\/posts\/6736\/revisions\/6786"}],"wp:featuredmedia":[{"embeddable":true,"href":"https:\/\/www.labrujulaweb.com.ar\/blog\/wp-json\/wp\/v2\/media\/6749"}],"wp:attachment":[{"href":"https:\/\/www.labrujulaweb.com.ar\/blog\/wp-json\/wp\/v2\/media?parent=6736"}],"wp:term":[{"taxonomy":"category","embeddable":true,"href":"https:\/\/www.labrujulaweb.com.ar\/blog\/wp-json\/wp\/v2\/categories?post=6736"},{"taxonomy":"post_tag","embeddable":true,"href":"https:\/\/www.labrujulaweb.com.ar\/blog\/wp-json\/wp\/v2\/tags?post=6736"}],"curies":[{"name":"wp","href":"https:\/\/api.w.org\/{rel}","templated":true}]}}