{"id":6766,"date":"2022-08-21T19:39:03","date_gmt":"2022-08-21T22:39:03","guid":{"rendered":"https:\/\/www.labrujulaweb.com.ar\/blog\/?p=6766"},"modified":"2022-08-28T20:34:01","modified_gmt":"2022-08-28T23:34:01","slug":"dia-de-las-infancias-en-ameghino","status":"publish","type":"post","link":"https:\/\/www.labrujulaweb.com.ar\/blog\/interes-general\/dia-de-las-infancias-en-ameghino\/","title":{"rendered":"\u201cDIA DE LAS INFANCIAS\u201d EN AMEGHINO"},"content":{"rendered":"\n<p class=\"has-text-color has-very-dark-gray-color\">Con una denominaci\u00f3n diferente, pero con el sentido m\u00e1s amplio de la palabra en el distrito de Ameghino y desde la Direcci\u00f3n de Cultura tambi\u00e9n se celebr\u00f3 el <strong>\u201cD\u00eda de las infancias\u201d<\/strong><\/p>\n\n\n\n<p class=\"has-text-color has-very-dark-gray-color\">El s\u00e1bado los festejos se realizaron en las localidades del distrito \u2013<strong>Blaquier y Porvenir<\/strong>&#8211; con el Show de <strong>\u201cTricletas\u201d<\/strong> quienes hace muchos a\u00f1os se dedican a recorrer el pa\u00eds llevando el humor, malabares y cuenta cuentos y en diferentes horarios se presentaron en las dos localidades.<\/p>\n\n\n\n<figure class=\"wp-block-image size-large\"><img data-recalc-dims=\"1\" loading=\"lazy\" decoding=\"async\" width=\"640\" height=\"288\" src=\"https:\/\/i0.wp.com\/www.labrujulaweb.com.ar\/blog\/wp-content\/uploads\/2022\/08\/AMEGHINO-INFANCIAS-.jpeg?resize=640%2C288&#038;ssl=1\" alt=\"\" class=\"wp-image-6768\" srcset=\"https:\/\/i0.wp.com\/www.labrujulaweb.com.ar\/blog\/wp-content\/uploads\/2022\/08\/AMEGHINO-INFANCIAS-.jpeg?resize=1024%2C461&amp;ssl=1 1024w, https:\/\/i0.wp.com\/www.labrujulaweb.com.ar\/blog\/wp-content\/uploads\/2022\/08\/AMEGHINO-INFANCIAS-.jpeg?resize=300%2C135&amp;ssl=1 300w, https:\/\/i0.wp.com\/www.labrujulaweb.com.ar\/blog\/wp-content\/uploads\/2022\/08\/AMEGHINO-INFANCIAS-.jpeg?resize=768%2C346&amp;ssl=1 768w, https:\/\/i0.wp.com\/www.labrujulaweb.com.ar\/blog\/wp-content\/uploads\/2022\/08\/AMEGHINO-INFANCIAS-.jpeg?w=1110&amp;ssl=1 1110w\" sizes=\"auto, (max-width: 640px) 100vw, 640px\" \/><\/figure>\n\n\n\n<p class=\"has-text-color has-very-dark-gray-color\">En tanto que el <strong>Domingo<\/strong> chicos y familias se reunieron en la plaza principal de <strong>Ameghino<\/strong> a celebrar junto a los m\u00e1s peque\u00f1os su d\u00eda. As\u00ed es que se pudo apreciar un espacio para disfrutar de la actuaci\u00f3n de <strong>\u201cTricletas\u201d<\/strong> para luego, en otro sector de la plaza se colocara un inflable.<\/p>\n\n\n\n<figure class=\"wp-block-gallery columns-2 is-cropped wp-block-gallery-1 is-layout-flex wp-block-gallery-is-layout-flex\"><ul class=\"blocks-gallery-grid\"><li class=\"blocks-gallery-item\"><figure><img data-recalc-dims=\"1\" loading=\"lazy\" decoding=\"async\" width=\"640\" height=\"288\" src=\"https:\/\/i0.wp.com\/www.labrujulaweb.com.ar\/blog\/wp-content\/uploads\/2022\/08\/AMEGHINO-INFANCIAS3.jpeg?resize=640%2C288&#038;ssl=1\" alt=\"\" data-id=\"6769\" data-link=\"https:\/\/www.labrujulaweb.com.ar\/blog\/?attachment_id=6769\" class=\"wp-image-6769\" srcset=\"https:\/\/i0.wp.com\/www.labrujulaweb.com.ar\/blog\/wp-content\/uploads\/2022\/08\/AMEGHINO-INFANCIAS3.jpeg?resize=1024%2C461&amp;ssl=1 1024w, https:\/\/i0.wp.com\/www.labrujulaweb.com.ar\/blog\/wp-content\/uploads\/2022\/08\/AMEGHINO-INFANCIAS3.jpeg?resize=300%2C135&amp;ssl=1 300w, https:\/\/i0.wp.com\/www.labrujulaweb.com.ar\/blog\/wp-content\/uploads\/2022\/08\/AMEGHINO-INFANCIAS3.jpeg?resize=768%2C346&amp;ssl=1 768w, https:\/\/i0.wp.com\/www.labrujulaweb.com.ar\/blog\/wp-content\/uploads\/2022\/08\/AMEGHINO-INFANCIAS3.jpeg?w=1111&amp;ssl=1 1111w\" sizes=\"auto, (max-width: 640px) 100vw, 640px\" \/><\/figure><\/li><li class=\"blocks-gallery-item\"><figure><img data-recalc-dims=\"1\" loading=\"lazy\" decoding=\"async\" width=\"640\" height=\"288\" src=\"https:\/\/i0.wp.com\/www.labrujulaweb.com.ar\/blog\/wp-content\/uploads\/2022\/08\/AMEGHINO-NI%C3%91EZ6.jpeg?resize=640%2C288&#038;ssl=1\" alt=\"\" data-id=\"6770\" data-full-url=\"https:\/\/www.labrujulaweb.com.ar\/blog\/wp-content\/uploads\/2022\/08\/AMEGHINO-NI\u00d1EZ6.jpeg\" data-link=\"https:\/\/www.labrujulaweb.com.ar\/blog\/?attachment_id=6770\" class=\"wp-image-6770\" srcset=\"https:\/\/i0.wp.com\/www.labrujulaweb.com.ar\/blog\/wp-content\/uploads\/2022\/08\/AMEGHINO-NI%C3%91EZ6.jpeg?resize=1024%2C461&amp;ssl=1 1024w, https:\/\/i0.wp.com\/www.labrujulaweb.com.ar\/blog\/wp-content\/uploads\/2022\/08\/AMEGHINO-NI%C3%91EZ6.jpeg?resize=300%2C135&amp;ssl=1 300w, https:\/\/i0.wp.com\/www.labrujulaweb.com.ar\/blog\/wp-content\/uploads\/2022\/08\/AMEGHINO-NI%C3%91EZ6.jpeg?resize=768%2C346&amp;ssl=1 768w, https:\/\/i0.wp.com\/www.labrujulaweb.com.ar\/blog\/wp-content\/uploads\/2022\/08\/AMEGHINO-NI%C3%91EZ6.jpeg?w=1111&amp;ssl=1 1111w\" sizes=\"auto, (max-width: 640px) 100vw, 640px\" \/><\/figure><\/li><\/ul><\/figure>\n\n\n\n<figure class=\"wp-block-gallery columns-2 is-cropped wp-block-gallery-2 is-layout-flex wp-block-gallery-is-layout-flex\"><ul class=\"blocks-gallery-grid\"><li class=\"blocks-gallery-item\"><figure><img data-recalc-dims=\"1\" loading=\"lazy\" decoding=\"async\" width=\"640\" height=\"288\" src=\"https:\/\/i0.wp.com\/www.labrujulaweb.com.ar\/blog\/wp-content\/uploads\/2022\/08\/AMEGHINO-INFANCIAS5.jpeg?resize=640%2C288&#038;ssl=1\" alt=\"\" data-id=\"6771\" data-link=\"https:\/\/www.labrujulaweb.com.ar\/blog\/?attachment_id=6771\" class=\"wp-image-6771\" srcset=\"https:\/\/i0.wp.com\/www.labrujulaweb.com.ar\/blog\/wp-content\/uploads\/2022\/08\/AMEGHINO-INFANCIAS5.jpeg?resize=1024%2C461&amp;ssl=1 1024w, https:\/\/i0.wp.com\/www.labrujulaweb.com.ar\/blog\/wp-content\/uploads\/2022\/08\/AMEGHINO-INFANCIAS5.jpeg?resize=300%2C135&amp;ssl=1 300w, https:\/\/i0.wp.com\/www.labrujulaweb.com.ar\/blog\/wp-content\/uploads\/2022\/08\/AMEGHINO-INFANCIAS5.jpeg?resize=768%2C346&amp;ssl=1 768w, https:\/\/i0.wp.com\/www.labrujulaweb.com.ar\/blog\/wp-content\/uploads\/2022\/08\/AMEGHINO-INFANCIAS5.jpeg?w=1110&amp;ssl=1 1110w\" sizes=\"auto, (max-width: 640px) 100vw, 640px\" \/><\/figure><\/li><li class=\"blocks-gallery-item\"><figure><img data-recalc-dims=\"1\" loading=\"lazy\" decoding=\"async\" width=\"640\" height=\"288\" src=\"https:\/\/i0.wp.com\/www.labrujulaweb.com.ar\/blog\/wp-content\/uploads\/2022\/08\/AMEGHINO-INFANCIAS4.jpeg?resize=640%2C288&#038;ssl=1\" alt=\"\" data-id=\"6772\" data-full-url=\"https:\/\/www.labrujulaweb.com.ar\/blog\/wp-content\/uploads\/2022\/08\/AMEGHINO-INFANCIAS4.jpeg\" data-link=\"https:\/\/www.labrujulaweb.com.ar\/blog\/?attachment_id=6772\" class=\"wp-image-6772\" srcset=\"https:\/\/i0.wp.com\/www.labrujulaweb.com.ar\/blog\/wp-content\/uploads\/2022\/08\/AMEGHINO-INFANCIAS4.jpeg?resize=1024%2C461&amp;ssl=1 1024w, https:\/\/i0.wp.com\/www.labrujulaweb.com.ar\/blog\/wp-content\/uploads\/2022\/08\/AMEGHINO-INFANCIAS4.jpeg?resize=300%2C135&amp;ssl=1 300w, https:\/\/i0.wp.com\/www.labrujulaweb.com.ar\/blog\/wp-content\/uploads\/2022\/08\/AMEGHINO-INFANCIAS4.jpeg?resize=768%2C346&amp;ssl=1 768w, https:\/\/i0.wp.com\/www.labrujulaweb.com.ar\/blog\/wp-content\/uploads\/2022\/08\/AMEGHINO-INFANCIAS4.jpeg?w=1111&amp;ssl=1 1111w\" sizes=\"auto, (max-width: 640px) 100vw, 640px\" \/><\/figure><\/li><\/ul><\/figure>\n\n\n\n<p class=\"has-text-color has-very-dark-gray-color\">&nbsp;All\u00ed pudimos encontramos a muchos grupos en rueda de mate disfrutando de la tarde soleada y acompa\u00f1ando un d\u00eda especial de <strong>las infancias<\/strong>.<\/p>\n","protected":false},"excerpt":{"rendered":"<p>Con una denominaci\u00f3n diferente, pero con el sentido m\u00e1s amplio de la palabra en el distrito de Ameghino y desde la Direcci\u00f3n de Cultura tambi\u00e9n se celebr\u00f3 el \u201cD\u00eda de las infancias\u201d El s\u00e1bado los festejos se realizaron en las localidades del distrito \u2013Blaquier y Porvenir&#8211; con el Show de \u201cTricletas\u201d quienes hace muchos a\u00f1os [&hellip;]<\/p>\n","protected":false},"author":2,"featured_media":6767,"comment_status":"open","ping_status":"open","sticky":false,"template":"","format":"standard","meta":{"footnotes":"","jetpack_publicize_message":"","jetpack_publicize_feature_enabled":true,"jetpack_social_post_already_shared":true,"jetpack_social_options":{"image_generator_settings":{"template":"highway","default_image_id":0,"font":"","enabled":false},"version":2}},"categories":[35,7,24,31,6,37],"tags":[],"class_list":["post-6766","post","type-post","status-publish","format-standard","has-post-thumbnail","hentry","category-comunicacion","category-cultura","category-florentino-ameghino","category-importantes","category-interes-general","category-sociedad"],"jetpack_publicize_connections":[],"jetpack_featured_media_url":"https:\/\/i0.wp.com\/www.labrujulaweb.com.ar\/blog\/wp-content\/uploads\/2022\/08\/AMEGHINO-PORTADA.jpeg?fit=1113%2C500&ssl=1","jetpack_sharing_enabled":true,"_links":{"self":[{"href":"https:\/\/www.labrujulaweb.com.ar\/blog\/wp-json\/wp\/v2\/posts\/6766","targetHints":{"allow":["GET"]}}],"collection":[{"href":"https:\/\/www.labrujulaweb.com.ar\/blog\/wp-json\/wp\/v2\/posts"}],"about":[{"href":"https:\/\/www.labrujulaweb.com.ar\/blog\/wp-json\/wp\/v2\/types\/post"}],"author":[{"embeddable":true,"href":"https:\/\/www.labrujulaweb.com.ar\/blog\/wp-json\/wp\/v2\/users\/2"}],"replies":[{"embeddable":true,"href":"https:\/\/www.labrujulaweb.com.ar\/blog\/wp-json\/wp\/v2\/comments?post=6766"}],"version-history":[{"count":1,"href":"https:\/\/www.labrujulaweb.com.ar\/blog\/wp-json\/wp\/v2\/posts\/6766\/revisions"}],"predecessor-version":[{"id":6773,"href":"https:\/\/www.labrujulaweb.com.ar\/blog\/wp-json\/wp\/v2\/posts\/6766\/revisions\/6773"}],"wp:featuredmedia":[{"embeddable":true,"href":"https:\/\/www.labrujulaweb.com.ar\/blog\/wp-json\/wp\/v2\/media\/6767"}],"wp:attachment":[{"href":"https:\/\/www.labrujulaweb.com.ar\/blog\/wp-json\/wp\/v2\/media?parent=6766"}],"wp:term":[{"taxonomy":"category","embeddable":true,"href":"https:\/\/www.labrujulaweb.com.ar\/blog\/wp-json\/wp\/v2\/categories?post=6766"},{"taxonomy":"post_tag","embeddable":true,"href":"https:\/\/www.labrujulaweb.com.ar\/blog\/wp-json\/wp\/v2\/tags?post=6766"}],"curies":[{"name":"wp","href":"https:\/\/api.w.org\/{rel}","templated":true}]}}