{"id":7304,"date":"2022-12-25T11:36:40","date_gmt":"2022-12-25T14:36:40","guid":{"rendered":"https:\/\/www.labrujulaweb.com.ar\/blog\/?p=7304"},"modified":"2023-01-03T13:43:50","modified_gmt":"2023-01-03T16:43:50","slug":"ameghino-una-persona-de-mediana-edad-fallecio-esta-manana-por-covid-positivo","status":"publish","type":"post","link":"https:\/\/www.labrujulaweb.com.ar\/blog\/interes-general\/ameghino-una-persona-de-mediana-edad-fallecio-esta-manana-por-covid-positivo\/","title":{"rendered":"Ameghino:                             Una persona de mediana edad falleci\u00f3 esta ma\u00f1ana por \u00abCovid positivo\u00bb."},"content":{"rendered":"\n<p class=\"has-text-color has-very-dark-gray-color\">En la ma\u00f1ana de este Domingo 25 se dio a conocer desde el servicio de sepelio que una ciudadana de sexo <strong>femenino <\/strong>de 56 a\u00f1os de edad hab\u00eda fallecido a causa de <strong>Covid positivo<\/strong>.<\/p>\n\n\n\n<p class=\"has-text-color has-very-dark-gray-color\">La Sra. se encontraba internada en el nosocomio local (Hospital Felipe Pelaez) y sus familiares decidieron trasladar los restos a su morada final sin velatorio, como recomienda el protocolo.<\/p>\n\n\n\n<p class=\"has-text-color has-very-dark-gray-color\">En esta nueva ola del virus -variante \u00d3micron es la <strong>segunda<\/strong> persona que fallece a causa del mismo en el distrito<\/p>\n","protected":false},"excerpt":{"rendered":"<p>En la ma\u00f1ana de este Domingo 25 se dio a conocer desde el servicio de sepelio que una ciudadana de sexo femenino de 56 a\u00f1os de edad hab\u00eda fallecido a causa de Covid positivo. La Sra. se encontraba internada en el nosocomio local (Hospital Felipe Pelaez) y sus familiares decidieron trasladar los restos a su [&hellip;]<\/p>\n","protected":false},"author":2,"featured_media":7305,"comment_status":"open","ping_status":"open","sticky":false,"template":"","format":"standard","meta":{"footnotes":"","jetpack_publicize_message":"","jetpack_publicize_feature_enabled":true,"jetpack_social_post_already_shared":true,"jetpack_social_options":{"image_generator_settings":{"template":"highway","default_image_id":0,"font":"","enabled":false},"version":2}},"categories":[35,28,24,31,6,9,36],"tags":[],"class_list":["post-7304","post","type-post","status-publish","format-standard","has-post-thumbnail","hentry","category-comunicacion","category-salud-covid19","category-florentino-ameghino","category-importantes","category-interes-general","category-municipios","category-salud"],"jetpack_publicize_connections":[],"jetpack_featured_media_url":"https:\/\/i0.wp.com\/www.labrujulaweb.com.ar\/blog\/wp-content\/uploads\/2022\/12\/OMICRONVALIDA.jpg?fit=730%2C500&ssl=1","jetpack_sharing_enabled":true,"_links":{"self":[{"href":"https:\/\/www.labrujulaweb.com.ar\/blog\/wp-json\/wp\/v2\/posts\/7304","targetHints":{"allow":["GET"]}}],"collection":[{"href":"https:\/\/www.labrujulaweb.com.ar\/blog\/wp-json\/wp\/v2\/posts"}],"about":[{"href":"https:\/\/www.labrujulaweb.com.ar\/blog\/wp-json\/wp\/v2\/types\/post"}],"author":[{"embeddable":true,"href":"https:\/\/www.labrujulaweb.com.ar\/blog\/wp-json\/wp\/v2\/users\/2"}],"replies":[{"embeddable":true,"href":"https:\/\/www.labrujulaweb.com.ar\/blog\/wp-json\/wp\/v2\/comments?post=7304"}],"version-history":[{"count":2,"href":"https:\/\/www.labrujulaweb.com.ar\/blog\/wp-json\/wp\/v2\/posts\/7304\/revisions"}],"predecessor-version":[{"id":7307,"href":"https:\/\/www.labrujulaweb.com.ar\/blog\/wp-json\/wp\/v2\/posts\/7304\/revisions\/7307"}],"wp:featuredmedia":[{"embeddable":true,"href":"https:\/\/www.labrujulaweb.com.ar\/blog\/wp-json\/wp\/v2\/media\/7305"}],"wp:attachment":[{"href":"https:\/\/www.labrujulaweb.com.ar\/blog\/wp-json\/wp\/v2\/media?parent=7304"}],"wp:term":[{"taxonomy":"category","embeddable":true,"href":"https:\/\/www.labrujulaweb.com.ar\/blog\/wp-json\/wp\/v2\/categories?post=7304"},{"taxonomy":"post_tag","embeddable":true,"href":"https:\/\/www.labrujulaweb.com.ar\/blog\/wp-json\/wp\/v2\/tags?post=7304"}],"curies":[{"name":"wp","href":"https:\/\/api.w.org\/{rel}","templated":true}]}}