{"id":7309,"date":"2022-12-29T21:39:39","date_gmt":"2022-12-30T00:39:39","guid":{"rendered":"https:\/\/www.labrujulaweb.com.ar\/blog\/?p=7309"},"modified":"2023-01-08T11:11:21","modified_gmt":"2023-01-08T14:11:21","slug":"la-ciudad-bonaerense-de-ameghino-tendra-su-sede-de-unnoba","status":"publish","type":"post","link":"https:\/\/www.labrujulaweb.com.ar\/blog\/cultura\/la-ciudad-bonaerense-de-ameghino-tendra-su-sede-de-unnoba\/","title":{"rendered":"La ciudad bonaerense de Ameghino tendr\u00e1 su sede de UNNOBA"},"content":{"rendered":"\n<p class=\"has-text-color has-very-dark-gray-color\">Lo anuncio este Jueves el Ministro de educaci\u00f3n de la Nacion <strong>Jaime Perczyk, <\/strong>quien se refiri\u00f3 a la <strong>construcci\u00f3n<\/strong> de un Centro&nbsp;de Actividades Universitarias en la ciudad bonaerense de Florentino Ameghino que depender\u00e1 de la <strong>Universidad Nacional del Noroeste <\/strong>(UNNOBA), durante una reuni\u00f3n que mantuvo con el rector de esa Casa de Estudios, <strong>Guillermo Tamarit <\/strong>y la secretaria de Cooperaci\u00f3n Educativa y Acciones Prioritarias, <strong>Andrea Garc\u00eda.<\/strong><\/p>\n\n\n\n<p class=\"has-text-color has-very-dark-gray-color\">\u201cEsta obra permitir\u00e1 que m\u00e1s j\u00f3venes y trabajadores de la provincia de Buenos Aires puedan acercarse a la universidad. Nosotros creemos que la educaci\u00f3n superior tiene que llegar a cada rinc\u00f3n del pa\u00eds para tener una Argentina m\u00e1s igualitaria\u201d, sostuvo Perczyk.<\/p>\n\n\n\n<p class=\"has-text-color has-very-dark-gray-color\">La primera etapa de la obra contar\u00e1 con 800 metros cuadrados y la misma ser\u00e1 financiada por el Ministerio de Educaci\u00f3n de la Naci\u00f3n. Se prev\u00e9 una ampliaci\u00f3n de 550 metros cuadrados con lo que el centro de actividades universitarias contar\u00e1 con 1340 metros cuadrados. All\u00ed se dictar\u00e1n carreras universitarias de grado.<\/p>\n\n\n\n<p class=\"has-text-color has-very-dark-gray-color\">El rector de la Universidad, <strong>Guillermo Tamarit <\/strong>explic\u00f3 que \u201clas premisas fundamentales de la UNNOBA son la inclusi\u00f3n y la calidad. Para poder cumplir estos objetivos y promover la educaci\u00f3n p\u00fablica en la regi\u00f3n, llevamos adelante oferta de carreras y de actividades de extensi\u00f3n en las diferentes localidades\u201d.<\/p>\n\n\n\n<p class=\"has-text-color has-very-dark-gray-color\">\u201cA trav\u00e9s de los Centros de Actividades Universitarias, pretendemos ampliar las posibilidades para que los j\u00f3venes puedan estudiar en sus ciudades y potenciar el desarrollo de la regi\u00f3n\u201d, resalt\u00f3.<\/p>\n\n\n\n<p class=\"has-text-color has-very-dark-gray-color\">Por su parte, <strong>Andrea Garc\u00eda<\/strong>, explic\u00f3: \u201cLa construcci\u00f3n de un edificio de la UNNOBA en Ameghino es un hecho hist\u00f3rico que impactar\u00e1 en la vida de todas y todos. Poder estudiar en la universidad p\u00fablica y gratuita en el lugar donde viv\u00eds es una posibilidad cierta de crecimiento personal y al mismo tiempo de desarrollo de la comunidad\u201d<\/p>\n\n\n\n<p class=\"has-text-color has-very-dark-gray-color\">La UNNOBA es una universidad p\u00fablica con sede central y rectorado en Jun\u00edn. Tambi\u00e9n posee sedes en Pergamino, Rojas y la Ciudad de Buenos Aires. Su zona de influencia abarca el noroeste de la provincia de Buenos Aires, sur de Santa Fe y de C\u00f3rdoba y noreste de La Pampa. Ahora tambi\u00e9n contar\u00e1 con una <strong>sede en Florentino Ameghino.<\/strong><\/p>\n","protected":false},"excerpt":{"rendered":"<p>Lo anuncio este Jueves el Ministro de educaci\u00f3n de la Nacion Jaime Perczyk, quien se refiri\u00f3 a la construcci\u00f3n de un Centro&nbsp;de Actividades Universitarias en la ciudad bonaerense de Florentino Ameghino que depender\u00e1 de la Universidad Nacional del Noroeste (UNNOBA), durante una reuni\u00f3n que mantuvo con el rector de esa Casa de Estudios, Guillermo Tamarit [&hellip;]<\/p>\n","protected":false},"author":2,"featured_media":7310,"comment_status":"open","ping_status":"open","sticky":false,"template":"","format":"standard","meta":{"footnotes":"","jetpack_publicize_message":"","jetpack_publicize_feature_enabled":true,"jetpack_social_post_already_shared":true,"jetpack_social_options":{"image_generator_settings":{"template":"highway","default_image_id":0,"font":"","enabled":false},"version":2}},"categories":[7,24,10,31,9,29,37],"tags":[],"class_list":["post-7309","post","type-post","status-publish","format-standard","has-post-thumbnail","hentry","category-cultura","category-florentino-ameghino","category-gobierno","category-importantes","category-municipios","category-politica-estado","category-sociedad"],"jetpack_publicize_connections":[],"jetpack_featured_media_url":"https:\/\/i0.wp.com\/www.labrujulaweb.com.ar\/blog\/wp-content\/uploads\/2022\/12\/UNNOBAAAAAVALIDA.jpg?fit=668%2C500&ssl=1","jetpack_sharing_enabled":true,"_links":{"self":[{"href":"https:\/\/www.labrujulaweb.com.ar\/blog\/wp-json\/wp\/v2\/posts\/7309","targetHints":{"allow":["GET"]}}],"collection":[{"href":"https:\/\/www.labrujulaweb.com.ar\/blog\/wp-json\/wp\/v2\/posts"}],"about":[{"href":"https:\/\/www.labrujulaweb.com.ar\/blog\/wp-json\/wp\/v2\/types\/post"}],"author":[{"embeddable":true,"href":"https:\/\/www.labrujulaweb.com.ar\/blog\/wp-json\/wp\/v2\/users\/2"}],"replies":[{"embeddable":true,"href":"https:\/\/www.labrujulaweb.com.ar\/blog\/wp-json\/wp\/v2\/comments?post=7309"}],"version-history":[{"count":2,"href":"https:\/\/www.labrujulaweb.com.ar\/blog\/wp-json\/wp\/v2\/posts\/7309\/revisions"}],"predecessor-version":[{"id":7312,"href":"https:\/\/www.labrujulaweb.com.ar\/blog\/wp-json\/wp\/v2\/posts\/7309\/revisions\/7312"}],"wp:featuredmedia":[{"embeddable":true,"href":"https:\/\/www.labrujulaweb.com.ar\/blog\/wp-json\/wp\/v2\/media\/7310"}],"wp:attachment":[{"href":"https:\/\/www.labrujulaweb.com.ar\/blog\/wp-json\/wp\/v2\/media?parent=7309"}],"wp:term":[{"taxonomy":"category","embeddable":true,"href":"https:\/\/www.labrujulaweb.com.ar\/blog\/wp-json\/wp\/v2\/categories?post=7309"},{"taxonomy":"post_tag","embeddable":true,"href":"https:\/\/www.labrujulaweb.com.ar\/blog\/wp-json\/wp\/v2\/tags?post=7309"}],"curies":[{"name":"wp","href":"https:\/\/api.w.org\/{rel}","templated":true}]}}