{"id":7398,"date":"2023-01-10T11:32:03","date_gmt":"2023-01-10T14:32:03","guid":{"rendered":"https:\/\/www.labrujulaweb.com.ar\/blog\/?p=7398"},"modified":"2023-01-11T22:48:54","modified_gmt":"2023-01-12T01:48:54","slug":"golpizas-callejeras-hechos-cada-vez-mas-frecuentes-en-la-zona-hasta-cuando","status":"publish","type":"post","link":"https:\/\/www.labrujulaweb.com.ar\/blog\/interes-general\/golpizas-callejeras-hechos-cada-vez-mas-frecuentes-en-la-zona-hasta-cuando\/","title":{"rendered":"\u00abGolpizas callejeras\u00bb: hechos cada vez m\u00e1s frecuentes en la zona \u00bfhasta cuando?"},"content":{"rendered":"\n<p class=\"has-text-color has-very-dark-gray-color\">Los hechos se van sucediendo en la zona de manera cada vez m\u00e1s frecuentes, generalmente ocurren entre j\u00f3venes en la v\u00eda p\u00fablica y despu\u00e9s de frecuentar alguna fiesta nocturna de fin de semana.<\/p>\n\n\n\n<p class=\"has-text-color has-very-dark-gray-color\">En Ameghino se vienen registrando videos que se <strong>viralizan<\/strong> de j\u00f3venes golpeando de manera <strong>brutal <\/strong>a otro individuo \u2013generalmente que se encuentran solos o indefensos, dej\u00e1ndolos en estado preocupante de salud.<\/p>\n\n\n\n<p class=\"has-text-color has-very-dark-gray-color\">Mismos casos ocurren en Villegas, donde el ultimo Domingo de madrugada y despu\u00e9s de una fiesta privada un joven recibi\u00f3 una <strong>brutal golpiza<\/strong> \u201carrojado al piso, aparentemente inconsciente, sigue siendo agredido de una manera feroz, es lo que muestra la imagen grabada en video\u201d. -detall\u00f3 <strong>Diario Actualidad<\/strong> Villegas- agregando. En cada situaci\u00f3n, las pregunta que nos hacemos son varias y \u201csurgen opiniones encontradas y pol\u00e9micas, debates ante cada situaci\u00f3n de este tipo. La nocturnidad, los menores (y mayores), el alcohol y la violencia. Los que naturalizan y los que se preocupan por lo que pasa.\u201d <\/p>\n\n\n\n<p class=\"has-text-color has-very-dark-gray-color\">Por otro lado, preocupa notoriamente que estos hechos se <strong>naturalicen<\/strong> en la sociedad a punto tal de verlos como una noticia habitual de fin de semana donde se toma (err\u00f3neamente) como un espect\u00e1culo con publico mirando, filmando y sin hacer nada para evitar la agresi\u00f3n y haciendo que esos videos sean viralizadas para compartir con el resto de la sociedad.<\/p>\n\n\n\n<p class=\"has-text-color has-very-dark-gray-color\">Consultadas, por este medio, las autoridades policiales de ambas ciudades nos aseguraron  lo siguiente: \u201cEn Villegas el hecho del ultimo Domingo no registr\u00f3 <strong>ninguna<\/strong> denuncia-afirmaron- y <strong>tampoco<\/strong> hubo ingreso del herido a ning\u00fan centro de salud. En el caso de Ameghino, la polic\u00eda <strong>confirm\u00f3<\/strong> que varios hechos de agresi\u00f3n callejera han <strong>denunciados<\/strong> con <strong>intervenci\u00f3n<\/strong> de las autoridades y derivados a la <strong>ayudant\u00eda Fiscal<\/strong> con intervenci\u00f3n de la <strong>Fiscal\u00eda de Jun\u00edn<\/strong>, nada se sabe del curso de las causas, suponiendo que seguir\u00e1n su camino en la <strong>justicia<\/strong>. &nbsp;<\/p>\n\n\n\n<p class=\"has-text-color has-background has-very-dark-gray-color has-very-light-gray-background-color\">En cuanto al debate y opiniones que se entablan en reuniones familiares o de amigos es <em>\u00bfQue nos pasa como sociedad que somos indiferentes ante hechos de esta \u00edndole? \u00bfPor qu\u00e9 la violencia es una manera (a veces) de terminar una noche de \u201cfiesta\u201d? \u00bfCorresponde a las autoridades competentes tomar cartas seriamente en el asunto aun sin denuncias?<\/em><\/p>\n\n\n\n<p class=\"has-text-color has-background has-very-dark-gray-color has-very-light-gray-background-color\">Claramente-creemos- merece un debate institucional: Concejo Deliberante, Polic\u00eda, Autoridades Municipales, judiciales, padres, escuela. Instituciones deportivas, ya que excede una situaci\u00f3n <strong>delincuencial<\/strong>, dado que se est\u00e1 instaurando como una cultura de la <strong>violencia<\/strong> entre los j\u00f3venes y lo que es peor a\u00fan, naturalizando en toda la sociedad, acerc\u00e1ndose <strong>peligrosamente<\/strong> a situaciones donde puede producir muerte o incapacidad permanente en una persona\u2026Si&#8230; \u00bfHasta Cu\u00e1ndo?&#8230;<\/p>\n","protected":false},"excerpt":{"rendered":"<p>Los hechos se van sucediendo en la zona de manera cada vez m\u00e1s frecuentes, generalmente ocurren entre j\u00f3venes en la v\u00eda p\u00fablica y despu\u00e9s de frecuentar alguna fiesta nocturna de fin de semana. En Ameghino se vienen registrando videos que se viralizan de j\u00f3venes golpeando de manera brutal a otro individuo \u2013generalmente que se encuentran [&hellip;]<\/p>\n","protected":false},"author":2,"featured_media":7399,"comment_status":"open","ping_status":"open","sticky":false,"template":"","format":"standard","meta":{"footnotes":"","jetpack_publicize_message":"","jetpack_publicize_feature_enabled":true,"jetpack_social_post_already_shared":true,"jetpack_social_options":{"image_generator_settings":{"template":"highway","default_image_id":0,"font":"","enabled":false},"version":2}},"categories":[27,30,24,25,31,6,9,34,37],"tags":[],"class_list":["post-7398","post","type-post","status-publish","format-standard","has-post-thumbnail","hentry","category-columnas-de-opinion","category-politicadirigencia","category-florentino-ameghino","category-general-villegas","category-importantes","category-interes-general","category-municipios","category-policial","category-sociedad"],"jetpack_publicize_connections":[],"jetpack_featured_media_url":"https:\/\/i0.wp.com\/www.labrujulaweb.com.ar\/blog\/wp-content\/uploads\/2023\/01\/GOLPIZAVALIDA.jpg?fit=879%2C500&ssl=1","jetpack_sharing_enabled":true,"_links":{"self":[{"href":"https:\/\/www.labrujulaweb.com.ar\/blog\/wp-json\/wp\/v2\/posts\/7398","targetHints":{"allow":["GET"]}}],"collection":[{"href":"https:\/\/www.labrujulaweb.com.ar\/blog\/wp-json\/wp\/v2\/posts"}],"about":[{"href":"https:\/\/www.labrujulaweb.com.ar\/blog\/wp-json\/wp\/v2\/types\/post"}],"author":[{"embeddable":true,"href":"https:\/\/www.labrujulaweb.com.ar\/blog\/wp-json\/wp\/v2\/users\/2"}],"replies":[{"embeddable":true,"href":"https:\/\/www.labrujulaweb.com.ar\/blog\/wp-json\/wp\/v2\/comments?post=7398"}],"version-history":[{"count":2,"href":"https:\/\/www.labrujulaweb.com.ar\/blog\/wp-json\/wp\/v2\/posts\/7398\/revisions"}],"predecessor-version":[{"id":7423,"href":"https:\/\/www.labrujulaweb.com.ar\/blog\/wp-json\/wp\/v2\/posts\/7398\/revisions\/7423"}],"wp:featuredmedia":[{"embeddable":true,"href":"https:\/\/www.labrujulaweb.com.ar\/blog\/wp-json\/wp\/v2\/media\/7399"}],"wp:attachment":[{"href":"https:\/\/www.labrujulaweb.com.ar\/blog\/wp-json\/wp\/v2\/media?parent=7398"}],"wp:term":[{"taxonomy":"category","embeddable":true,"href":"https:\/\/www.labrujulaweb.com.ar\/blog\/wp-json\/wp\/v2\/categories?post=7398"},{"taxonomy":"post_tag","embeddable":true,"href":"https:\/\/www.labrujulaweb.com.ar\/blog\/wp-json\/wp\/v2\/tags?post=7398"}],"curies":[{"name":"wp","href":"https:\/\/api.w.org\/{rel}","templated":true}]}}