{"id":7462,"date":"2023-01-18T09:05:42","date_gmt":"2023-01-18T12:05:42","guid":{"rendered":"https:\/\/www.labrujulaweb.com.ar\/blog\/?p=7462"},"modified":"2023-01-30T07:44:59","modified_gmt":"2023-01-30T10:44:59","slug":"zonal-santa-ines-recibe-a-los-peregrinos-historia-de-una-capilla-que-renacio-en-el-campo-despues-del-abandono","status":"publish","type":"post","link":"https:\/\/www.labrujulaweb.com.ar\/blog\/interes-general\/zonal-santa-ines-recibe-a-los-peregrinos-historia-de-una-capilla-que-renacio-en-el-campo-despues-del-abandono\/","title":{"rendered":"Zonal:                                   Santa In\u00e9s recibe a los peregrinos-Historia de una capilla que renaci\u00f3 en el campo despu\u00e9s del abandono-"},"content":{"rendered":"\n<p class=\"has-text-color has-very-dark-gray-color\"><em>El domingo <strong>22 de enero<\/strong> se realizar\u00e1 la peregrinaci\u00f3n a pie y en bicicleta a la capilla <strong>Santa In\u00e9s <\/strong>la misma estar\u00e1 acompa\u00f1ada por camionetas con hidrataci\u00f3n, seguridad y ambulancia. Salida desde la iglesia San Juan Cris\u00f3stomo de tejedor a la <strong>4 <\/strong>am caminando- en bicicleta a las 6 am.<\/em><\/p>\n\n\n\n<figure class=\"wp-block-image size-large is-resized\"><img data-recalc-dims=\"1\" loading=\"lazy\" decoding=\"async\" src=\"https:\/\/i0.wp.com\/www.labrujulaweb.com.ar\/blog\/wp-content\/uploads\/2023\/01\/PEREGRINACION-VALIDA.jpeg?resize=330%2C412&#038;ssl=1\" alt=\"\" class=\"wp-image-7463\" width=\"330\" height=\"412\" srcset=\"https:\/\/i0.wp.com\/www.labrujulaweb.com.ar\/blog\/wp-content\/uploads\/2023\/01\/PEREGRINACION-VALIDA.jpeg?w=400&amp;ssl=1 400w, https:\/\/i0.wp.com\/www.labrujulaweb.com.ar\/blog\/wp-content\/uploads\/2023\/01\/PEREGRINACION-VALIDA.jpeg?resize=240%2C300&amp;ssl=1 240w\" sizes=\"auto, (max-width: 330px) 100vw, 330px\" \/><figcaption><strong>CRONOGRAMA DEL DIA DE PEREGRINACION<\/strong><\/figcaption><\/figure>\n\n\n\n<p class=\"has-text-color has-very-dark-gray-color\"><strong>\u00bfPor qu\u00e9 cada 21 de enero se peregrina?<\/strong><\/p>\n\n\n\n<p class=\"has-text-color has-very-dark-gray-color\">Para saberlo hace falta conocer un poco <strong>la historia de la Capilla.<\/strong><\/p>\n\n\n\n<p class=\"has-text-color has-very-dark-gray-color\">Santa In\u00e9s es una capilla que levanta su imagen en el medio del campo, ubicado en el partido de <strong>Carlos Tejedor <\/strong>en el <strong>paraje<\/strong> Santa In\u00e9s a <strong>22Km<\/strong> de la ciudad cabecera y a <strong>12 Km<\/strong> de <strong>Colonia Ser\u00e9<\/strong>. Fue la <strong>primera iglesia<\/strong> que tuvo el distrito de Tejedor creada a principios del <strong>siglo XX<\/strong> cuando este punto geogr\u00e1fico alberg\u00f3 a centenares de trabajadores rurales con sus familias.<\/p>\n\n\n\n<p class=\"has-text-color has-very-dark-gray-color\">En 1917 se crea la capilla que lleva el nombre de la devota de la due\u00f1a de esas tierras <strong>Mar\u00eda Anchorena, <\/strong>quien las dona &nbsp;y construye el templo, por eso el nombre de <strong>Santa In\u00e9s<\/strong>.<\/p>\n\n\n\n<p class=\"has-text-color has-very-dark-gray-color\">Junto a la capilla mand\u00f3 a construir una <strong>escuela<\/strong> con dependencias para los maestros y el sacerdote del lugar.<\/p>\n\n\n\n<p class=\"has-text-color has-very-dark-gray-color\">En el a\u00f1o 1968 el estado manda a construir una escuela a 1km del lugar por lo que \u00e9sta qued\u00f3 <strong>abandonada<\/strong> por a\u00f1os.<\/p>\n\n\n\n<p class=\"has-text-color has-background has-very-dark-gray-color has-very-light-gray-background-color\">En el a\u00f1o 2006 con la convicci\u00f3n de un grupo de <strong>vecinos del lugar <\/strong>y la colaboraci\u00f3n de la comunidad se inicia la ardua tarea de <strong>restaurar <\/strong>el templo totalmente abandonado y destruido, logrando nuevamente- con los a\u00f1os- que la capilla <strong>emerja <\/strong>del medio del campo derramando el <strong>esplendor<\/strong> de su estructura y <strong>curiosidad<\/strong> de quienes transitan por el lugar  sinti\u00e9ndose atrapados por visitarla y conocer de su existencia. \u00abEste es un trabajo que desde que comenz\u00f3 no ha tenido final\u00bb- cuenta a La Br\u00fajula <strong>Silvia Pascual<\/strong>, una de las lugare\u00f1as-\u00abya que se sigue <strong>permanentemente<\/strong> con la restauraci\u00f3n que a\u00fan queda en algunos sectores, seguimos con el mismo compromiso y entusiasmo del primer dia, cuando nos <strong>paramos<\/strong> en este lugar y nos planteamos el camino, no pod\u00eda ser que un lugar tan <strong>sentido<\/strong> para quienes nacimos, nos criamos y permanecemos aqui est\u00e9 en las condiciones que estaba, eso hizo que la comunidad se sumara a este <strong>sue\u00f1o<\/strong> que hoy vuelve a ser <strong>realidad<\/strong>\u00ab- sintetiz\u00f3- en nombre de tantas personas que sienten el mismo amor por el paraje y su capilla.<\/p>\n\n\n\n<figure class=\"wp-block-gallery columns-2 is-cropped wp-block-gallery-1 is-layout-flex wp-block-gallery-is-layout-flex\"><ul class=\"blocks-gallery-grid\"><li class=\"blocks-gallery-item\"><figure><img data-recalc-dims=\"1\" loading=\"lazy\" decoding=\"async\" width=\"281\" height=\"500\" src=\"https:\/\/i0.wp.com\/www.labrujulaweb.com.ar\/blog\/wp-content\/uploads\/2023\/01\/STA-INES-INTERIOR-VALIDA.jpeg?resize=281%2C500&#038;ssl=1\" alt=\"\" data-id=\"7464\" data-link=\"https:\/\/www.labrujulaweb.com.ar\/blog\/?attachment_id=7464\" class=\"wp-image-7464\" srcset=\"https:\/\/i0.wp.com\/www.labrujulaweb.com.ar\/blog\/wp-content\/uploads\/2023\/01\/STA-INES-INTERIOR-VALIDA.jpeg?w=281&amp;ssl=1 281w, https:\/\/i0.wp.com\/www.labrujulaweb.com.ar\/blog\/wp-content\/uploads\/2023\/01\/STA-INES-INTERIOR-VALIDA.jpeg?resize=169%2C300&amp;ssl=1 169w\" sizes=\"auto, (max-width: 281px) 100vw, 281px\" \/><\/figure><\/li><li class=\"blocks-gallery-item\"><figure><img data-recalc-dims=\"1\" loading=\"lazy\" decoding=\"async\" width=\"281\" height=\"500\" src=\"https:\/\/i0.wp.com\/www.labrujulaweb.com.ar\/blog\/wp-content\/uploads\/2023\/01\/STA-INES-VALIDA-2INTERIOR.jpeg?resize=281%2C500&#038;ssl=1\" alt=\"\" data-id=\"7465\" data-full-url=\"https:\/\/www.labrujulaweb.com.ar\/blog\/wp-content\/uploads\/2023\/01\/STA-INES-VALIDA-2INTERIOR.jpeg\" data-link=\"https:\/\/www.labrujulaweb.com.ar\/blog\/?attachment_id=7465\" class=\"wp-image-7465\" srcset=\"https:\/\/i0.wp.com\/www.labrujulaweb.com.ar\/blog\/wp-content\/uploads\/2023\/01\/STA-INES-VALIDA-2INTERIOR.jpeg?w=281&amp;ssl=1 281w, https:\/\/i0.wp.com\/www.labrujulaweb.com.ar\/blog\/wp-content\/uploads\/2023\/01\/STA-INES-VALIDA-2INTERIOR.jpeg?resize=169%2C300&amp;ssl=1 169w\" sizes=\"auto, (max-width: 281px) 100vw, 281px\" \/><\/figure><\/li><\/ul><figcaption class=\"blocks-gallery-caption\"><strong>INTERIOR ACTUAL DE LA CAPILLA<\/strong><\/figcaption><\/figure>\n\n\n\n<p class=\"has-text-color has-very-dark-gray-color\"><strong>\u00bfQUIEN ERA SANTA INES?<\/strong><\/p>\n\n\n\n<p class=\"has-text-color has-background has-very-dark-gray-color has-very-light-gray-background-color\">Naci\u00f3 en el seno de una familia noble de Roma hacia el a\u00f1o 290. Recibi\u00f3 educaci\u00f3n cristiana y se consagr\u00f3 a Cristo con voto de virginidad. El hijo del alcalde de Roma se enamor\u00f3 de ella y prometi\u00f3 enormes obsequios a cambio de que lo aceptara. Ella lo rechaz\u00f3 porque hab\u00eda entregado su cuerpo y alma a Dios. Ofendido el joven pidi\u00f3 a su padre, el alcalde, que exigiera la retractaci\u00f3n de In\u00e9s, pero ella mantuvo su decisi\u00f3n.<\/p>\n\n\n\n<p class=\"has-text-color has-background has-very-dark-gray-color has-very-light-gray-background-color\">Finalmente, el 21 de Enero del a\u00f1o 304 con solo 13 a\u00f1os fue condenada a muerte. <strong>La imagen de Santa In\u00e9s permanece en el templo actual<\/strong><\/p>\n\n\n\n<div class=\"wp-block-image\"><figure class=\"alignleft size-large is-resized\"><img data-recalc-dims=\"1\" loading=\"lazy\" decoding=\"async\" src=\"https:\/\/i0.wp.com\/www.labrujulaweb.com.ar\/blog\/wp-content\/uploads\/2023\/01\/IMAGEN-STA-INESVALIDA.jpeg?resize=194%2C345&#038;ssl=1\" alt=\"\" class=\"wp-image-7466\" width=\"194\" height=\"345\" srcset=\"https:\/\/i0.wp.com\/www.labrujulaweb.com.ar\/blog\/wp-content\/uploads\/2023\/01\/IMAGEN-STA-INESVALIDA.jpeg?w=281&amp;ssl=1 281w, https:\/\/i0.wp.com\/www.labrujulaweb.com.ar\/blog\/wp-content\/uploads\/2023\/01\/IMAGEN-STA-INESVALIDA.jpeg?resize=169%2C300&amp;ssl=1 169w\" sizes=\"auto, (max-width: 194px) 100vw, 194px\" \/><figcaption><strong>IMAGEN DE SANTA INES<\/strong><\/figcaption><\/figure><\/div>\n\n\n\n<p class=\"has-text-color has-very-dark-gray-color\">Cada <strong>21 de Enero<\/strong> los fieles llegan a este lugar sagrado <strong>peregrinando<\/strong>, realiz\u00e1ndose adem\u00e1s diversas actividades recreativas que rodean el lugar haciendo de este, un d\u00eda una fiesta.<\/p>\n\n\n\n<p class=\"has-text-color has-very-dark-gray-color\">En la actualidad muchos habitantes de diversos lugares que han sabido del lugar, deciden hacer sus ceremonias religiosas (casamientos, bautismos) entre estas paredes que <strong>albergan<\/strong> historia, esfuerzo y dedicaci\u00f3n para que siga siendo un lugar sagrado en la tierra que la vio nacer. En la actualidad se realizan misas <strong>los cuartos Domingos<\/strong> de cada mes por la tarde a excepci\u00f3n de Enero que son por la ma\u00f1ana.<\/p>\n\n\n\n<p class=\"has-background has-cyan-bluish-gray-background-color\">El pr\u00f3ximo <strong>22 de Enero es la fiesta en honor a Santa Ines, <\/strong>que espera a sus peregrinos con una mueca de <strong>agradecimiento<\/strong> que se nota ya desde la puerta de ingreso invitando a pernoctar en su interior, contemplando la imagen de la santa y el confort del espacio sagrado que un dia fueron ruinas del tiempo. <\/p>\n","protected":false},"excerpt":{"rendered":"<p>El domingo 22 de enero se realizar\u00e1 la peregrinaci\u00f3n a pie y en bicicleta a la capilla Santa In\u00e9s la misma estar\u00e1 acompa\u00f1ada por camionetas con hidrataci\u00f3n, seguridad y ambulancia. Salida desde la iglesia San Juan Cris\u00f3stomo de tejedor a la 4 am caminando- en bicicleta a las 6 am. \u00bfPor qu\u00e9 cada 21 de [&hellip;]<\/p>\n","protected":false},"author":2,"featured_media":7467,"comment_status":"open","ping_status":"open","sticky":false,"template":"","format":"standard","meta":{"footnotes":"","jetpack_publicize_message":"","jetpack_publicize_feature_enabled":true,"jetpack_social_post_already_shared":true,"jetpack_social_options":{"image_generator_settings":{"template":"highway","default_image_id":0,"font":"","enabled":false},"version":2}},"categories":[26,35,31,6,9,33,37],"tags":[],"class_list":["post-7462","post","type-post","status-publish","format-standard","has-post-thumbnail","hentry","category-carlos-tejedor","category-comunicacion","category-importantes","category-interes-general","category-municipios","category-rural","category-sociedad"],"jetpack_publicize_connections":[],"jetpack_featured_media_url":"https:\/\/i0.wp.com\/www.labrujulaweb.com.ar\/blog\/wp-content\/uploads\/2023\/01\/STA-INES-VALIDA.jpeg?fit=658%2C500&ssl=1","jetpack_sharing_enabled":true,"_links":{"self":[{"href":"https:\/\/www.labrujulaweb.com.ar\/blog\/wp-json\/wp\/v2\/posts\/7462","targetHints":{"allow":["GET"]}}],"collection":[{"href":"https:\/\/www.labrujulaweb.com.ar\/blog\/wp-json\/wp\/v2\/posts"}],"about":[{"href":"https:\/\/www.labrujulaweb.com.ar\/blog\/wp-json\/wp\/v2\/types\/post"}],"author":[{"embeddable":true,"href":"https:\/\/www.labrujulaweb.com.ar\/blog\/wp-json\/wp\/v2\/users\/2"}],"replies":[{"embeddable":true,"href":"https:\/\/www.labrujulaweb.com.ar\/blog\/wp-json\/wp\/v2\/comments?post=7462"}],"version-history":[{"count":4,"href":"https:\/\/www.labrujulaweb.com.ar\/blog\/wp-json\/wp\/v2\/posts\/7462\/revisions"}],"predecessor-version":[{"id":7473,"href":"https:\/\/www.labrujulaweb.com.ar\/blog\/wp-json\/wp\/v2\/posts\/7462\/revisions\/7473"}],"wp:featuredmedia":[{"embeddable":true,"href":"https:\/\/www.labrujulaweb.com.ar\/blog\/wp-json\/wp\/v2\/media\/7467"}],"wp:attachment":[{"href":"https:\/\/www.labrujulaweb.com.ar\/blog\/wp-json\/wp\/v2\/media?parent=7462"}],"wp:term":[{"taxonomy":"category","embeddable":true,"href":"https:\/\/www.labrujulaweb.com.ar\/blog\/wp-json\/wp\/v2\/categories?post=7462"},{"taxonomy":"post_tag","embeddable":true,"href":"https:\/\/www.labrujulaweb.com.ar\/blog\/wp-json\/wp\/v2\/tags?post=7462"}],"curies":[{"name":"wp","href":"https:\/\/api.w.org\/{rel}","templated":true}]}}