{"id":7852,"date":"2023-04-05T19:20:46","date_gmt":"2023-04-05T22:20:46","guid":{"rendered":"https:\/\/www.labrujulaweb.com.ar\/blog\/?p=7852"},"modified":"2023-04-11T11:31:06","modified_gmt":"2023-04-11T14:31:06","slug":"accidente-vehicular-en-ruta-188","status":"publish","type":"post","link":"https:\/\/www.labrujulaweb.com.ar\/blog\/municipios\/accidente-vehicular-en-ruta-188\/","title":{"rendered":"Accidente vehicular en Ruta 188"},"content":{"rendered":"\n<p class=\"has-text-color has-very-dark-gray-color\">El hecho ocurri\u00f3 a \u00faltima hora de la tarde cuando en el Km 319 -altura Establecimiento San Jos\u00e9- de Ruta Nac. 188 colision\u00f3 un veh\u00edculo <strong>Renault Duster<\/strong> que transitaba sentido <strong>Ameghino-Villegas <\/strong> y una moto conducida por un ciudadano de Villegas que cruzaba de un campo a otro.<\/p>\n\n\n\n<p class=\"has-text-color has-very-dark-gray-color\">El veh\u00edculo iba ocupado solo por el conductor del cual no se di\u00f3 la identidad.<\/p>\n\n\n\n<p class=\"has-text-color has-very-dark-gray-color\">Ambos ocupantes salieron <strong>ilesos<\/strong> del accidente sin necesidad de ser trasladados al hospital, solo da\u00f1os materiales en la moto y un golpe en el veh\u00edculo de mayor porte.<\/p>\n\n\n\n<p class=\"has-text-color has-very-dark-gray-color\">Trabajan en el lugar bomberos de Ameghino- Polic\u00eda Comunal y Ambulancia de SAME<\/p>\n","protected":false},"excerpt":{"rendered":"<p>El hecho ocurri\u00f3 a \u00faltima hora de la tarde cuando en el Km 319 -altura Establecimiento San Jos\u00e9- de Ruta Nac. 188 colision\u00f3 un veh\u00edculo Renault Duster que transitaba sentido Ameghino-Villegas y una moto conducida por un ciudadano de Villegas que cruzaba de un campo a otro. El veh\u00edculo iba ocupado solo por el conductor [&hellip;]<\/p>\n","protected":false},"author":2,"featured_media":7853,"comment_status":"open","ping_status":"open","sticky":false,"template":"","format":"standard","meta":{"footnotes":"","jetpack_publicize_message":"","jetpack_publicize_feature_enabled":true,"jetpack_social_post_already_shared":true,"jetpack_social_options":{"image_generator_settings":{"template":"highway","default_image_id":0,"font":"","enabled":false},"version":2}},"categories":[24,31,9],"tags":[],"class_list":["post-7852","post","type-post","status-publish","format-standard","has-post-thumbnail","hentry","category-florentino-ameghino","category-importantes","category-municipios"],"jetpack_publicize_connections":[],"jetpack_featured_media_url":"https:\/\/i0.wp.com\/www.labrujulaweb.com.ar\/blog\/wp-content\/uploads\/2023\/04\/ACCIDENTED.jpeg?fit=375%2C500&ssl=1","jetpack_sharing_enabled":true,"_links":{"self":[{"href":"https:\/\/www.labrujulaweb.com.ar\/blog\/wp-json\/wp\/v2\/posts\/7852","targetHints":{"allow":["GET"]}}],"collection":[{"href":"https:\/\/www.labrujulaweb.com.ar\/blog\/wp-json\/wp\/v2\/posts"}],"about":[{"href":"https:\/\/www.labrujulaweb.com.ar\/blog\/wp-json\/wp\/v2\/types\/post"}],"author":[{"embeddable":true,"href":"https:\/\/www.labrujulaweb.com.ar\/blog\/wp-json\/wp\/v2\/users\/2"}],"replies":[{"embeddable":true,"href":"https:\/\/www.labrujulaweb.com.ar\/blog\/wp-json\/wp\/v2\/comments?post=7852"}],"version-history":[{"count":2,"href":"https:\/\/www.labrujulaweb.com.ar\/blog\/wp-json\/wp\/v2\/posts\/7852\/revisions"}],"predecessor-version":[{"id":7855,"href":"https:\/\/www.labrujulaweb.com.ar\/blog\/wp-json\/wp\/v2\/posts\/7852\/revisions\/7855"}],"wp:featuredmedia":[{"embeddable":true,"href":"https:\/\/www.labrujulaweb.com.ar\/blog\/wp-json\/wp\/v2\/media\/7853"}],"wp:attachment":[{"href":"https:\/\/www.labrujulaweb.com.ar\/blog\/wp-json\/wp\/v2\/media?parent=7852"}],"wp:term":[{"taxonomy":"category","embeddable":true,"href":"https:\/\/www.labrujulaweb.com.ar\/blog\/wp-json\/wp\/v2\/categories?post=7852"},{"taxonomy":"post_tag","embeddable":true,"href":"https:\/\/www.labrujulaweb.com.ar\/blog\/wp-json\/wp\/v2\/tags?post=7852"}],"curies":[{"name":"wp","href":"https:\/\/api.w.org\/{rel}","templated":true}]}}