{"id":7856,"date":"2023-04-07T10:20:59","date_gmt":"2023-04-07T13:20:59","guid":{"rendered":"https:\/\/www.labrujulaweb.com.ar\/blog\/?p=7856"},"modified":"2023-04-11T21:29:09","modified_gmt":"2023-04-12T00:29:09","slug":"con-la-mira-puesta-en-junio-el-sector-agroindustrial-participo-de-un-nuevo-lanzamiento-de-agroactiva","status":"publish","type":"post","link":"https:\/\/www.labrujulaweb.com.ar\/blog\/industria-comercio\/con-la-mira-puesta-en-junio-el-sector-agroindustrial-participo-de-un-nuevo-lanzamiento-de-agroactiva\/","title":{"rendered":"Con la mira puesta en Junio, el sector agroindustrial particip\u00f3 de un nuevo lanzamiento de Agroactiva"},"content":{"rendered":"\n<p class=\"has-text-color has-very-dark-gray-color\">Agroactiva 2023 que ser\u00e1 del <strong>7 al 10 de junio<\/strong> en Armstrong (Santa Fe), realiz\u00f3 su presentaci\u00f3n en la Ciudad Aut\u00f3noma de Buenos Aires para medios, instituciones y empresarios de la Capital Federal.<\/p>\n\n\n\n<p class=\"has-text-color has-very-dark-gray-color\">El evento se llev\u00f3 a cabo en la Casa de Santa Fe y estuvieron presentes el&nbsp;ministro de Producci\u00f3n, Ciencia y Tecnolog\u00eda del Gobierno santafesino<em><strong>,&nbsp;<\/strong><\/em>Daniel Costamagna, la&nbsp;secretaria de Gesti\u00f3n Federal de la Provincia de Santa Fe,&nbsp;Candelaria Gonz\u00e1lez del Pino,&nbsp;el intendente&nbsp;de Armstrong, Pablo Verdecchia y la directora general de Agroactiva, Rosana Nardi. Tambi\u00e9n acompa\u00f1aron medios de noticias digitales, de radio y televisi\u00f3n, entidades, empresas y expositores.<\/p>\n\n\n\n<p class=\"has-text-color has-very-dark-gray-color\">\u201cAgroactiva est\u00e1 hecha de campo y todos los que alguna vez caminaron nuestras<br>calles saben que eso no es una frase hecha. Agroactiva es campo, y hoy el campo est\u00e1 atravesando una situaci\u00f3n muy dif\u00edcil por las consecuencias que dej\u00f3 la sequ\u00eda.&nbsp;Nuestra gente, la comunidad a la que pertenecemos no la est\u00e1 pasando bien. Nosotros lo sabemos porque convivimos a diario con los productores agropecuarios, grandes, chicos, medianos, todos ellos.<br>\u201cAun as\u00ed, el hombre de campo, el chacarero, siempre se levanta. Siempre piensa en la pr\u00f3xima campa\u00f1a y ah\u00ed es donde empieza, en junio, la historia de <strong>Agroactiva 2023\u201d-<\/strong> expres\u00f3 Rosana Nardi en la apertura-<\/p>\n\n\n\n<p class=\"has-text-color has-very-dark-gray-color\">\u201cEsta edici\u00f3n ser\u00e1 la de las oportunidades porque las empresas est\u00e1n ah\u00ed, casi completando en su totalidad el plano de la exposici\u00f3n. Haciendo o\u00eddos sordos a la coyuntura y quiz\u00e1s a algunos les suene raro y no puedan entender c\u00f3mo puede ser que en un a\u00f1o como este de sequ\u00eda hist\u00f3rica en Argentina las empresas est\u00e9n firmes ocupando sus lugares, en muchos casos ampliando sus superficies dentro de nuestra ciudad de campo. \u201cEso es porque esperan algo de nosotros\u201d \u2013coment\u00f3 la <strong>Directora de Agroactiva Rosana<\/strong> <strong>Nardi<\/strong>-. \u201c<strong>Nos avalan 29 a\u00f1os de trayectoria<\/strong> y saben lo que&nbsp;podemos dar. Los clientes est\u00e1n convencidos que en momentos como este <strong>Agroactiva<\/strong> muestra su verdadero potencial, muestra de qu\u00e9 est\u00e1 hecha: actitud de servicio, creatividad, esfuerzo, trabajo en equipo y solidaridad\u201d.<\/p>\n\n\n\n<p class=\"has-text-color has-very-dark-gray-color\">Al respecto la directora general de la muestra indic\u00f3 que est\u00e1n trabajando junto a los bancos participantes y CAFMA para promover y potenciar las l\u00edneas de financiamiento y tambi\u00e9n junto a los organismos estatales como el Gobierno de Santa Fe, la Secretar\u00eda de Agricultura para lograr las mejores condiciones comerciales para los d\u00edas de la expo. \u201cLa tierra es nuestra identidad. Porque con orgullo y autoridad podemos decir que AA est\u00e1 hecha de campo\u201d, finaliz\u00f3 <strong>Rosana Nardi.<\/strong><\/p>\n\n\n\n<p class=\"has-text-color has-very-dark-gray-color\">Por su parte, <strong>Daniel Costamagna<\/strong>, expres\u00f3: \u201cAgroactiva es el reflejo fiel de nuestra Provincia. Concurre la familia como visitante y tambi\u00e9n centenares de empresas familiares de todo el territorio santafesino\u201d.<\/p>\n\n\n\n<p class=\"has-text-color has-very-dark-gray-color\">Tambi\u00e9n para el funcionario provincial \u201cla sequ\u00eda va a tener sus externalidades o va a visibilizar el equivocado abordaje que se hace al sector agropecuario argentino, de parte del centralismo que desgraciadamente tenemos en la mirada de esto. El campo no es solamente creador de divisas, es tambi\u00e9n trabajo, esfuerzo, son muchas familias que est\u00e1n pensando siempre en producir\u201d.<\/p>\n\n\n\n<p class=\"has-text-color has-very-dark-gray-color\">\u201cEsta mirada tiene que cambiar \u2013asegur\u00f3 <strong>Costamagna<\/strong>&#8211; con este sector no se tiene que confrontar, con este sector hay que caminar juntos, so\u00f1ar un pa\u00eds distinto, con una mirada del interior, m\u00e1s federal, que permita visibilizar a trav\u00e9s de estas muestras todo lo que se hace en el interior del pa\u00eds. Eso es lo que hizo grande nuestras provincias y nuestras localidades\u201d.<\/p>\n\n\n\n<p class=\"has-text-color has-very-dark-gray-color\">El Gobierno de Santa Fe estar\u00e1 en la muestra acompa\u00f1ando y gestionando financiamiento para que los productores adquieran e inviertan en tecnolog\u00eda de empresas santafesinas puedan acceder a cr\u00e9ditos que le permitan estar a la altura de estas inversiones.<\/p>\n\n\n\n<p class=\"has-text-color has-very-dark-gray-color\">Por \u00faltimo, el intendente de Armstrong <strong>Pablo Verdecchia<\/strong> coment\u00f3: \u201cAgroactiva nos da mucha esperanza, porque es la expectativa que tiene el productor agropecuario de seguir produciendo alimentos, con agregado de valor para Argentina. A pesar de las dificultades, y las que tambi\u00e9n tienen los empresarios de maquinarias agr\u00edcolas, hay una linda expectativa\u201d.<\/p>\n","protected":false},"excerpt":{"rendered":"<p>\u00abLa Br\u00fajula en el lanzamiento de Agroactiva 2023\u00bb<\/p>\n","protected":false},"author":2,"featured_media":7859,"comment_status":"open","ping_status":"open","sticky":false,"template":"","format":"standard","meta":{"footnotes":"","jetpack_publicize_message":"","jetpack_publicize_feature_enabled":true,"jetpack_social_post_already_shared":true,"jetpack_social_options":{"image_generator_settings":{"template":"highway","default_image_id":0,"font":"","enabled":false},"version":2}},"categories":[32,31,5,33],"tags":[],"class_list":["post-7856","post","type-post","status-publish","format-standard","has-post-thumbnail","hentry","category-agro-negocios","category-importantes","category-industria-comercio","category-rural"],"jetpack_publicize_connections":[],"jetpack_featured_media_url":"https:\/\/i0.wp.com\/www.labrujulaweb.com.ar\/blog\/wp-content\/uploads\/2023\/04\/AGROACTIVAVALIDACOPIA.jpeg?fit=597%2C500&ssl=1","jetpack_sharing_enabled":true,"_links":{"self":[{"href":"https:\/\/www.labrujulaweb.com.ar\/blog\/wp-json\/wp\/v2\/posts\/7856","targetHints":{"allow":["GET"]}}],"collection":[{"href":"https:\/\/www.labrujulaweb.com.ar\/blog\/wp-json\/wp\/v2\/posts"}],"about":[{"href":"https:\/\/www.labrujulaweb.com.ar\/blog\/wp-json\/wp\/v2\/types\/post"}],"author":[{"embeddable":true,"href":"https:\/\/www.labrujulaweb.com.ar\/blog\/wp-json\/wp\/v2\/users\/2"}],"replies":[{"embeddable":true,"href":"https:\/\/www.labrujulaweb.com.ar\/blog\/wp-json\/wp\/v2\/comments?post=7856"}],"version-history":[{"count":1,"href":"https:\/\/www.labrujulaweb.com.ar\/blog\/wp-json\/wp\/v2\/posts\/7856\/revisions"}],"predecessor-version":[{"id":7858,"href":"https:\/\/www.labrujulaweb.com.ar\/blog\/wp-json\/wp\/v2\/posts\/7856\/revisions\/7858"}],"wp:featuredmedia":[{"embeddable":true,"href":"https:\/\/www.labrujulaweb.com.ar\/blog\/wp-json\/wp\/v2\/media\/7859"}],"wp:attachment":[{"href":"https:\/\/www.labrujulaweb.com.ar\/blog\/wp-json\/wp\/v2\/media?parent=7856"}],"wp:term":[{"taxonomy":"category","embeddable":true,"href":"https:\/\/www.labrujulaweb.com.ar\/blog\/wp-json\/wp\/v2\/categories?post=7856"},{"taxonomy":"post_tag","embeddable":true,"href":"https:\/\/www.labrujulaweb.com.ar\/blog\/wp-json\/wp\/v2\/tags?post=7856"}],"curies":[{"name":"wp","href":"https:\/\/api.w.org\/{rel}","templated":true}]}}