{"id":7959,"date":"2023-04-26T13:56:01","date_gmt":"2023-04-26T16:56:01","guid":{"rendered":"https:\/\/www.labrujulaweb.com.ar\/blog\/?p=7959"},"modified":"2023-04-30T12:16:31","modified_gmt":"2023-04-30T15:16:31","slug":"procrear-ii-jovenes-de-18-a-35-anos-podran-acceder-a-su-casa-propia","status":"publish","type":"post","link":"https:\/\/www.labrujulaweb.com.ar\/blog\/interes-general\/procrear-ii-jovenes-de-18-a-35-anos-podran-acceder-a-su-casa-propia\/","title":{"rendered":"Procrear II: J\u00f3venes de 18 a 35 a\u00f1os podr\u00e1n acceder a su casa propia"},"content":{"rendered":"\n<p class=\"has-text-color has-very-dark-gray-color\"><em><strong>Este Miercoles habilitar\u00e1n nuevas inscripciones al Procrear II y una nueva l\u00ednea para que chicos de 18 a 35 a\u00f1os puedan acceder a su primara vivienda.<\/strong><\/em><\/p>\n\n\n\n<p class=\"has-text-color has-very-dark-gray-color\"><strong>El Ministerio de Desarrollo Territorial y H\u00e1bitat<\/strong>&nbsp;que conduce&nbsp;<strong>Santiago Maggiotti<\/strong>&nbsp;anunci\u00f3 que el pr\u00f3ximo<strong>&nbsp;mi\u00e9rcoles<\/strong>&nbsp;<strong>26\/04<\/strong>&nbsp;a las 10 am se abrir\u00e1, a trav\u00e9s de su p\u00e1gina web,<a rel=\"noreferrer noopener\" href=\"https:\/\/www.ambito.com\/informacion-general\/procrear\/sorteo-ii-como-saber-si-gane-n5643143\" target=\"_blank\">&nbsp;una&nbsp;<strong>nueva inscripci\u00f3n<\/strong><\/a>&nbsp;para la l\u00ednea Desarrollos Urban\u00edsticos&nbsp;<strong><a rel=\"noreferrer noopener\" href=\"https:\/\/www.ambito.com\/informacion-general\/viviendas-procrear-como-participar-los-sorteos-n5686433\" target=\"_blank\">Procrear II<\/a>.<\/strong>&nbsp;En este caso, se pondr\u00e1n a disposici\u00f3n un total de&nbsp;<strong>662 viviendas<\/strong>&nbsp;ubicadas en 41 predios de 15 provincias, y la novedad ser\u00e1&nbsp;<strong>Destino Joven<\/strong>, una modalidad donde podr\u00e1n anotarse espec\u00edficamente los j\u00f3venes de&nbsp;<strong>18&nbsp;<\/strong>a&nbsp;<strong>35<\/strong>&nbsp;a\u00f1os.<\/p>\n\n\n\n<p class=\"has-text-color has-very-dark-gray-color\">De esta manera, a diferencia de ocasiones anteriores, se propondr\u00e1n&nbsp;<strong>dos modalidades de inscripci\u00f3n paralelas<\/strong>: aquellos postulantes que tengan entre<strong>&nbsp;36&nbsp;<\/strong>y&nbsp;<strong>64&nbsp;<\/strong>a\u00f1os y cumplan con los requisitos de la l\u00ednea Desarrollos Urban\u00edsticos&nbsp;<strong>Procrear II<\/strong>, deber\u00e1n llenar el formulario disponible en la Inscripci\u00f3n General, mientras que aquellos que tengan entre <strong>18<\/strong> y <strong>35<\/strong>, deber\u00e1n hacerlo en <strong>Destino Joven.<\/strong><\/p>\n\n\n\n<p class=\"has-text-color has-very-dark-gray-color\"><strong>Destino Joven para chicos de 18 a 35 a\u00f1os<\/strong><\/p>\n\n\n\n<p class=\"has-text-color has-very-dark-gray-color\">El objetivo de Destino Joven es brindar a los j\u00f3venes argentinos la oportunidad de establecerse<strong>, desarrollarse y vivir en su lugar de origen,<\/strong>&nbsp;y en los que han elegido para transitar sus vidas.<\/p>\n\n\n\n<p class=\"has-text-color has-very-dark-gray-color\">En este sentido, los&nbsp;<strong>Desarrollos Urban\u00edsticos Procrear II les ofrecen la posibilidad de acceder a cr\u00e9ditos hipotecarios&nbsp;<\/strong>con tasa fija para adquirir una vivienda en terrenos completamente equipados por el Estado Nacional, as\u00ed como oportunidades para establecerse y sentirse seguros al iniciar nuevos proyectos de vida.<\/p>\n\n\n\n<p class=\"has-text-color has-very-dark-gray-color\"><strong>Procrear II: Los requisitos para acceder a la l\u00ednea Destino Joven<\/strong><\/p>\n\n\n\n<p class=\"has-text-color has-very-dark-gray-color\">Adem\u00e1s de la inscripci\u00f3n diferenciada por edad, los requisitos generales para obtener una unidad habitacional a trav\u00e9s de la l\u00ednea Desarrollos Urban\u00edsticos Procrear II son similares.Ser argentinos o tener residencia permanente en el pa\u00eds.<\/p>\n\n\n\n<p class=\"has-text-color has-background has-very-dark-gray-color has-cyan-bluish-gray-background-color\">-Ser argentinos o tener residencia permanente en el pa\u00eds.<\/p>\n\n\n\n<p class=\"has-text-color has-background has-very-dark-gray-color has-cyan-bluish-gray-background-color\">-No ser propietario o co-propietario de ninguna propiedad ni haber obtenido ning\u00fan plan de vivienda en los \u00faltimos 10 a\u00f1os.<\/p>\n\n\n\n<p class=\"has-text-color has-background has-very-dark-gray-color has-cyan-bluish-gray-background-color\">-No tener antecedentes comerciales o financieros negativos.<\/p>\n\n\n\n<p class=\"has-text-color has-background has-very-dark-gray-color has-cyan-bluish-gray-background-color\">-Tener al menos un a\u00f1o de experiencia laboral registrada, y demostrar ingresos netos mensuales del grupo familiar de entre 1 y 10 Salarios M\u00ednimos Vitales y M\u00f3viles (SMVyM).<\/p>\n\n\n\n<p class=\"has-text-color has-background has-very-dark-gray-color has-cyan-bluish-gray-background-color\">-Las inscripciones se podr\u00e1n realizar desde el 26 de abril a las 10, y todas las condiciones completas se pueden consultar en el sitio web oficial de Argentina.gob.ar.<\/p>\n","protected":false},"excerpt":{"rendered":"<p>Este Miercoles habilitar\u00e1n nuevas inscripciones al Procrear II y una nueva l\u00ednea para que chicos de 18 a 35 a\u00f1os puedan acceder a su primara vivienda. El Ministerio de Desarrollo Territorial y H\u00e1bitat&nbsp;que conduce&nbsp;Santiago Maggiotti&nbsp;anunci\u00f3 que el pr\u00f3ximo&nbsp;mi\u00e9rcoles&nbsp;26\/04&nbsp;a las 10 am se abrir\u00e1, a trav\u00e9s de su p\u00e1gina web,&nbsp;una&nbsp;nueva inscripci\u00f3n&nbsp;para la l\u00ednea Desarrollos Urban\u00edsticos&nbsp;Procrear II.&nbsp;En [&hellip;]<\/p>\n","protected":false},"author":2,"featured_media":7960,"comment_status":"open","ping_status":"open","sticky":false,"template":"","format":"standard","meta":{"footnotes":"","jetpack_publicize_message":"","jetpack_publicize_feature_enabled":true,"jetpack_social_post_already_shared":true,"jetpack_social_options":{"image_generator_settings":{"template":"highway","default_image_id":0,"font":"","enabled":false},"version":2}},"categories":[10,31,6,29,37],"tags":[],"class_list":["post-7959","post","type-post","status-publish","format-standard","has-post-thumbnail","hentry","category-gobierno","category-importantes","category-interes-general","category-politica-estado","category-sociedad"],"jetpack_publicize_connections":[],"jetpack_featured_media_url":"https:\/\/i0.wp.com\/www.labrujulaweb.com.ar\/blog\/wp-content\/uploads\/2023\/04\/PROCREAR1VALI.jpg?fit=823%2C500&ssl=1","jetpack_sharing_enabled":true,"_links":{"self":[{"href":"https:\/\/www.labrujulaweb.com.ar\/blog\/wp-json\/wp\/v2\/posts\/7959","targetHints":{"allow":["GET"]}}],"collection":[{"href":"https:\/\/www.labrujulaweb.com.ar\/blog\/wp-json\/wp\/v2\/posts"}],"about":[{"href":"https:\/\/www.labrujulaweb.com.ar\/blog\/wp-json\/wp\/v2\/types\/post"}],"author":[{"embeddable":true,"href":"https:\/\/www.labrujulaweb.com.ar\/blog\/wp-json\/wp\/v2\/users\/2"}],"replies":[{"embeddable":true,"href":"https:\/\/www.labrujulaweb.com.ar\/blog\/wp-json\/wp\/v2\/comments?post=7959"}],"version-history":[{"count":2,"href":"https:\/\/www.labrujulaweb.com.ar\/blog\/wp-json\/wp\/v2\/posts\/7959\/revisions"}],"predecessor-version":[{"id":7980,"href":"https:\/\/www.labrujulaweb.com.ar\/blog\/wp-json\/wp\/v2\/posts\/7959\/revisions\/7980"}],"wp:featuredmedia":[{"embeddable":true,"href":"https:\/\/www.labrujulaweb.com.ar\/blog\/wp-json\/wp\/v2\/media\/7960"}],"wp:attachment":[{"href":"https:\/\/www.labrujulaweb.com.ar\/blog\/wp-json\/wp\/v2\/media?parent=7959"}],"wp:term":[{"taxonomy":"category","embeddable":true,"href":"https:\/\/www.labrujulaweb.com.ar\/blog\/wp-json\/wp\/v2\/categories?post=7959"},{"taxonomy":"post_tag","embeddable":true,"href":"https:\/\/www.labrujulaweb.com.ar\/blog\/wp-json\/wp\/v2\/tags?post=7959"}],"curies":[{"name":"wp","href":"https:\/\/api.w.org\/{rel}","templated":true}]}}