{"id":7973,"date":"2023-04-29T19:04:03","date_gmt":"2023-04-29T22:04:03","guid":{"rendered":"https:\/\/www.labrujulaweb.com.ar\/blog\/?p=7973"},"modified":"2023-05-08T09:34:49","modified_gmt":"2023-05-08T12:34:49","slug":"ameghino-despues-del-incendio-en-el-hangar-uno-de-los-responsables-evacuo-dudas-a-la-poblacion","status":"publish","type":"post","link":"https:\/\/www.labrujulaweb.com.ar\/blog\/interes-general\/ameghino-despues-del-incendio-en-el-hangar-uno-de-los-responsables-evacuo-dudas-a-la-poblacion\/","title":{"rendered":"Ameghino:                     Despu\u00e9s del incendio en el hangar uno de los responsables evacu\u00f3 dudas a la poblaci\u00f3n."},"content":{"rendered":"\n<p class=\"has-text-color has-very-dark-gray-color\">Uno de los responsables del hangar incendiado en la tarde del viernes coment\u00f3 a este medio que ocurri\u00f3 un accidente y aclara que no hab\u00eda <strong>agroqu\u00edmicos <\/strong>en el lugar prest\u00e1ndose para responder preguntas sobre el suceso.<\/p>\n\n\n\n<p class=\"has-text-color has-very-dark-gray-color\">De acuerdo a la informaci\u00f3n que se public\u00f3 en este medio este pasado viernes, la actividad del cuerpo de <strong>bomberos Voluntarios de Ameghino<\/strong> fue extremadamente <strong>intensa<\/strong> debido a una sucesi\u00f3n de incendios (4 en la tarde) magnificados por efecto del viento predominante con r\u00e1fagas de 60km\/h y la mayor parte sucedidos en el sector rural, sabiendo que eso significa mayor esfuerzo a la instituci\u00f3n por la movilidad y personal.<\/p>\n\n\n\n<p class=\"has-text-color has-very-dark-gray-color\">El tema fue calando en la sociedad con uno de los incendios sucedidos por la tarde en la denominada <strong>ex Quinta de Rohr<\/strong> \u2013 cercana a la ciudad-donde funciona un <strong>Hangar<\/strong> que sufri\u00f3 importantes p\u00e9rdidas edilicias y en donde \u2013se informaba al primer momento que los bomberos \u201c<strong>estar\u00edan\u201d<\/strong> tomando precauciones por la \u201c<strong>supuesta\u201d<\/strong> <strong>existencia de tanques de combustible, aceite y agroqu\u00edmicos en el lugar.<\/strong><\/p>\n\n\n\n<p class=\"has-text-color has-very-dark-gray-color\">Ante esta publicaci\u00f3n, se comunic\u00f3 con este medio una de las personas responsables del lugar quien dej\u00f3 claro que:  \u201cEn el <strong>lugar no hab\u00eda agroqu\u00edmicos y no hay nunca<\/strong>, las m\u00e1quinas se limpian en el campo, antes de llevarlas ah\u00ed a guardar y luego s\u00ed se lavan nuevamente en el hangar, pero ya sin producto, que quede claro que <strong>previo al guardado se limpian del producto en los campos<\/strong>\u201d asegur\u00f3 el responsable a este medio-<\/p>\n\n\n\n<p class=\"has-text-color has-very-dark-gray-color\">\u201cEn el interior del galp\u00f3n que se incendi\u00f3 <strong>no hab\u00eda maquinas<\/strong>, solo un tanque de <strong>gasoil<\/strong>, dos tanques de <strong>aceite<\/strong> y <strong>cubiertas<\/strong>, eso hizo que se cubriera de humo negro, raz\u00f3n por la que se acercaron r\u00e1pidamente personal de <strong>la Municipalidad<\/strong> asegur\u00e1ndose de que no hubiera que tomar otras medidas hacia la poblaci\u00f3n- continu\u00f3 en su relato-<\/p>\n\n\n\n<p class=\"has-text-color has-very-dark-gray-color\">\u201cQueremos que quede claro para llevar <strong>tranquilidad a la ciudadan\u00eda<\/strong> preocupada ayer, que el avi\u00f3n que tenemos tampoco est\u00e1 aqu\u00ed, se encuentra en el Aero-club y no sobrevolamos la ciudad con \u00e9l nunca, porque est\u00e1 <strong>prohibido por ley<\/strong> y lo cumplimos\u201d<\/p>\n\n\n\n<p class=\"has-text-color has-very-dark-gray-color\">\u201cEsto fue un accidente y al momento no hemos podido detectar <strong>que fue lo que provoc\u00f3 el incendio<\/strong>, el viento era muy fuerte y hay mucho pasto seco en las inmediaciones, el hecho esta en investigaci\u00f3n- concluy\u00f3 uno de los responsables del lugar a este medio-<\/p>\n","protected":false},"excerpt":{"rendered":"<p>Uno de los responsables del hangar incendiado en la tarde del viernes coment\u00f3 a este medio que ocurri\u00f3 un accidente y aclara que no hab\u00eda agroqu\u00edmicos en el lugar prest\u00e1ndose para responder preguntas sobre el suceso. De acuerdo a la informaci\u00f3n que se public\u00f3 en este medio este pasado viernes, la actividad del cuerpo de [&hellip;]<\/p>\n","protected":false},"author":2,"featured_media":7974,"comment_status":"open","ping_status":"open","sticky":false,"template":"","format":"standard","meta":{"footnotes":"","jetpack_publicize_message":"","jetpack_publicize_feature_enabled":true,"jetpack_social_post_already_shared":true,"jetpack_social_options":{"image_generator_settings":{"template":"highway","default_image_id":0,"font":"","enabled":false},"version":2}},"categories":[24,31,6,9,37],"tags":[],"class_list":["post-7973","post","type-post","status-publish","format-standard","has-post-thumbnail","hentry","category-florentino-ameghino","category-importantes","category-interes-general","category-municipios","category-sociedad"],"jetpack_publicize_connections":[],"jetpack_featured_media_url":"https:\/\/i0.wp.com\/www.labrujulaweb.com.ar\/blog\/wp-content\/uploads\/2023\/04\/HANGARVALIDA.jpeg?fit=603%2C500&ssl=1","jetpack_sharing_enabled":true,"_links":{"self":[{"href":"https:\/\/www.labrujulaweb.com.ar\/blog\/wp-json\/wp\/v2\/posts\/7973","targetHints":{"allow":["GET"]}}],"collection":[{"href":"https:\/\/www.labrujulaweb.com.ar\/blog\/wp-json\/wp\/v2\/posts"}],"about":[{"href":"https:\/\/www.labrujulaweb.com.ar\/blog\/wp-json\/wp\/v2\/types\/post"}],"author":[{"embeddable":true,"href":"https:\/\/www.labrujulaweb.com.ar\/blog\/wp-json\/wp\/v2\/users\/2"}],"replies":[{"embeddable":true,"href":"https:\/\/www.labrujulaweb.com.ar\/blog\/wp-json\/wp\/v2\/comments?post=7973"}],"version-history":[{"count":1,"href":"https:\/\/www.labrujulaweb.com.ar\/blog\/wp-json\/wp\/v2\/posts\/7973\/revisions"}],"predecessor-version":[{"id":7975,"href":"https:\/\/www.labrujulaweb.com.ar\/blog\/wp-json\/wp\/v2\/posts\/7973\/revisions\/7975"}],"wp:featuredmedia":[{"embeddable":true,"href":"https:\/\/www.labrujulaweb.com.ar\/blog\/wp-json\/wp\/v2\/media\/7974"}],"wp:attachment":[{"href":"https:\/\/www.labrujulaweb.com.ar\/blog\/wp-json\/wp\/v2\/media?parent=7973"}],"wp:term":[{"taxonomy":"category","embeddable":true,"href":"https:\/\/www.labrujulaweb.com.ar\/blog\/wp-json\/wp\/v2\/categories?post=7973"},{"taxonomy":"post_tag","embeddable":true,"href":"https:\/\/www.labrujulaweb.com.ar\/blog\/wp-json\/wp\/v2\/tags?post=7973"}],"curies":[{"name":"wp","href":"https:\/\/api.w.org\/{rel}","templated":true}]}}