{"id":7981,"date":"2023-05-05T19:36:34","date_gmt":"2023-05-05T22:36:34","guid":{"rendered":"https:\/\/www.labrujulaweb.com.ar\/blog\/?p=7981"},"modified":"2023-05-21T21:02:36","modified_gmt":"2023-05-22T00:02:36","slug":"pronostico-climatico-para-mayo-junio-julio-2023-continuara-la-falta-de-lluvias","status":"publish","type":"post","link":"https:\/\/www.labrujulaweb.com.ar\/blog\/interes-general\/pronostico-climatico-para-mayo-junio-julio-2023-continuara-la-falta-de-lluvias\/","title":{"rendered":"Pron\u00f3stico clim\u00e1tico para mayo-junio-julio 2023 | \u00bfContinuar\u00e1 la falta de lluvias?"},"content":{"rendered":"\n<p class=\"has-text-color has-very-dark-gray-color\"><em><strong>Abril finaliz\u00f3 con un marcado descenso de temperaturas en todo el pa\u00eds. Varias provincias continuaron registrando lluvias por debajo del promedio. Pero, \u00bfqu\u00e9 pasar\u00e1 el pr\u00f3ximo trimestre? Te lo contamos en este informe.<\/strong><\/em><\/p>\n\n\n\n<p class=\"has-text-color has-very-dark-gray-color\"><strong><em>Pron\u00f3stico de temperaturas<\/em><\/strong><\/p>\n\n\n\n<p class=\"has-text-color has-very-dark-gray-color\">Durante este trimestre hay una mayor probabilidad de que&nbsp;<strong>las temperaturas sean superiores a lo normales<\/strong>&nbsp;en la regi\u00f3n pampeana, Litoral, Cuyo y NOA. Adem\u00e1s, en el oeste de Patagonia y el extremo norte del pa\u00eds&nbsp;<strong>las temperaturas pueden ser normales o superiores a lo normales<\/strong>&nbsp;para esta \u00e9poca del a\u00f1o.&nbsp;<\/p>\n\n\n\n<p class=\"has-text-color has-very-dark-gray-color\">En todo el este del pa\u00eds se debe destacar que&nbsp;<strong>no se descarta que la amplitud t\u00e9rmica pueda ser superior a lo normal<\/strong>. Es decir, tener una mayor diferencia entre las temperaturas m\u00ednimas y las m\u00e1ximas.<\/p>\n\n\n\n<p class=\"has-text-color has-very-dark-gray-color\"><strong><em>Pron\u00f3stico de Precipitaciones<\/em><\/strong><\/p>\n\n\n\n<p class=\"has-text-color has-very-dark-gray-color\">En el trimestre mayo-junio-julio 2023 hay una mayor probabilidad de registrar&nbsp;<strong>lluvias normales o superiores a lo normales<\/strong>&nbsp;para la \u00e9poca del a\u00f1o en las provincias de Patagonia, Mendoza, sur de San Juan y el oeste de San Luis.<\/p>\n\n\n\n<p class=\"has-text-color has-very-dark-gray-color\">Adem\u00e1s, se favorecen las<strong>&nbsp;lluvias dentro del promedio<\/strong>&nbsp;en La Pampa, oeste y sudoeste de Buenos Aires, este de San Luis, oeste de Santa Fe, C\u00f3rdoba, Chaco, Formosa, Santiago del Estero, Tucum\u00e1n, este de Catamarca, centro y este de Salta y el este de Jujuy.<\/p>\n\n\n\n<p class=\"has-text-color has-very-dark-gray-color\">Con respecto al ENOS (El Ni\u00f1o \u2013 Oscilaci\u00f3n del Sur), actualmente se encuentra en su fase neutral, es decir, sin Ni\u00f1o ni Ni\u00f1a. Pero,&nbsp;<a rel=\"noreferrer noopener\" target=\"_blank\" href=\"https:\/\/listas.smn.gob.ar\/lists\/lt.php?tid=eBpfAAtWAFQAB0tUBw8GFQIGAFYbUgdWABlVVQMGBwRSUw9UBlQaBl4AVgcGCQYVUg4OBBsEVlUCGVUKDVtPUQNRC1EFAlANWVBeTg4MB1lVVVVQGwNVAgIZA1EGVk8HA1MLGgtfAgIMV1MKBAsLWw\">de acuerdo a los \u00faltimos pron\u00f3sticos<\/a>, en los pr\u00f3ximos meses hay una tendencia de calentamiento en el oc\u00e9ano pac\u00edfico ecuatorial. De mantenerse a lo largo del a\u00f1o, puede que se desarrolle un evento Ni\u00f1o.<br><br><\/p>\n","protected":false},"excerpt":{"rendered":"<p>Abril finaliz\u00f3 con un marcado descenso de temperaturas en todo el pa\u00eds. Varias provincias continuaron registrando lluvias por debajo del promedio. Pero, \u00bfqu\u00e9 pasar\u00e1 el pr\u00f3ximo trimestre? Te lo contamos en este informe. Pron\u00f3stico de temperaturas Durante este trimestre hay una mayor probabilidad de que&nbsp;las temperaturas sean superiores a lo normales&nbsp;en la regi\u00f3n pampeana, Litoral, [&hellip;]<\/p>\n","protected":false},"author":2,"featured_media":7982,"comment_status":"open","ping_status":"open","sticky":false,"template":"","format":"standard","meta":{"footnotes":"","jetpack_publicize_message":"","jetpack_publicize_feature_enabled":true,"jetpack_social_post_already_shared":true,"jetpack_social_options":{"image_generator_settings":{"template":"highway","default_image_id":0,"font":"","enabled":false},"version":2}},"categories":[38,31,6,37],"tags":[],"class_list":["post-7981","post","type-post","status-publish","format-standard","has-post-thumbnail","hentry","category-clima","category-importantes","category-interes-general","category-sociedad"],"jetpack_publicize_connections":[],"jetpack_featured_media_url":"https:\/\/i0.wp.com\/www.labrujulaweb.com.ar\/blog\/wp-content\/uploads\/2023\/05\/PRONOSTICOvalid.jpg?fit=1106%2C500&ssl=1","jetpack_sharing_enabled":true,"_links":{"self":[{"href":"https:\/\/www.labrujulaweb.com.ar\/blog\/wp-json\/wp\/v2\/posts\/7981","targetHints":{"allow":["GET"]}}],"collection":[{"href":"https:\/\/www.labrujulaweb.com.ar\/blog\/wp-json\/wp\/v2\/posts"}],"about":[{"href":"https:\/\/www.labrujulaweb.com.ar\/blog\/wp-json\/wp\/v2\/types\/post"}],"author":[{"embeddable":true,"href":"https:\/\/www.labrujulaweb.com.ar\/blog\/wp-json\/wp\/v2\/users\/2"}],"replies":[{"embeddable":true,"href":"https:\/\/www.labrujulaweb.com.ar\/blog\/wp-json\/wp\/v2\/comments?post=7981"}],"version-history":[{"count":2,"href":"https:\/\/www.labrujulaweb.com.ar\/blog\/wp-json\/wp\/v2\/posts\/7981\/revisions"}],"predecessor-version":[{"id":8007,"href":"https:\/\/www.labrujulaweb.com.ar\/blog\/wp-json\/wp\/v2\/posts\/7981\/revisions\/8007"}],"wp:featuredmedia":[{"embeddable":true,"href":"https:\/\/www.labrujulaweb.com.ar\/blog\/wp-json\/wp\/v2\/media\/7982"}],"wp:attachment":[{"href":"https:\/\/www.labrujulaweb.com.ar\/blog\/wp-json\/wp\/v2\/media?parent=7981"}],"wp:term":[{"taxonomy":"category","embeddable":true,"href":"https:\/\/www.labrujulaweb.com.ar\/blog\/wp-json\/wp\/v2\/categories?post=7981"},{"taxonomy":"post_tag","embeddable":true,"href":"https:\/\/www.labrujulaweb.com.ar\/blog\/wp-json\/wp\/v2\/tags?post=7981"}],"curies":[{"name":"wp","href":"https:\/\/api.w.org\/{rel}","templated":true}]}}