{"id":8146,"date":"2023-05-28T20:27:34","date_gmt":"2023-05-28T23:27:34","guid":{"rendered":"https:\/\/www.labrujulaweb.com.ar\/blog\/?p=8146"},"modified":"2023-05-29T00:53:20","modified_gmt":"2023-05-29T03:53:20","slug":"sigue-la-busqueda-de-un-vecino-de-ameghino-que-podria-encontrarse-en-villegas","status":"publish","type":"post","link":"https:\/\/www.labrujulaweb.com.ar\/blog\/interes-general\/sigue-la-busqueda-de-un-vecino-de-ameghino-que-podria-encontrarse-en-villegas\/","title":{"rendered":"Sigue la b\u00fasqueda de un vecino de Ameghino que podr\u00eda encontrarse en Villegas"},"content":{"rendered":"\n<p class=\"has-text-color has-very-dark-gray-color\">La polic\u00eda de Gral. Villegas y Ameghino se pusieron a disposici\u00f3n de familiares del Sr: <strong>Juan Sagripanti<\/strong> \u2013 mayor de edad- de quien se est\u00e1 tratando de ubicar su paradero.<\/p>\n\n\n\n<p class=\"has-text-color has-very-dark-gray-color\">Se moviliza en un <strong>Citroen C4 dominio JMZ 920<\/strong><\/p>\n\n\n\n<p class=\"has-text-color has-very-dark-gray-color\">El hombre fue visto por \u00faltima vez este <strong>Domingo 28 a las 5 de la<\/strong> <strong>ma\u00f1ana <\/strong>en la ciudad de Villegas, sin embargo, despu\u00e9s de haber mantenido <strong>contacto con familiares <\/strong>niega estar en el lugar sin dar a conocer su locaci\u00f3n.<\/p>\n\n\n\n<p class=\"has-text-color has-very-dark-gray-color\">Se solicita a los ciudadanos la colaboraci\u00f3n para localizarlo dando cualquier informaci\u00f3n o dato que sea \u00fatil en la investigaci\u00f3n.<\/p>\n\n\n\n<p class=\"has-text-color has-very-dark-gray-color\">Los tel.: <strong>3388. 464932<\/strong> Gral. Villegas o <strong>3388. 471002<\/strong> Ameghino.<\/p>\n\n\n\n<p class=\"has-text-color has-very-dark-gray-color\"><strong>La denuncia fue radicada por familiares  en la Comisar\u00eda de Ameghino.<\/strong><\/p>\n","protected":false},"excerpt":{"rendered":"<p>La polic\u00eda de Gral. Villegas y Ameghino se pusieron a disposici\u00f3n de familiares del Sr: Juan Sagripanti \u2013 mayor de edad- de quien se est\u00e1 tratando de ubicar su paradero. Se moviliza en un Citroen C4 dominio JMZ 920 El hombre fue visto por \u00faltima vez este Domingo 28 a las 5 de la ma\u00f1ana [&hellip;]<\/p>\n","protected":false},"author":2,"featured_media":8147,"comment_status":"open","ping_status":"open","sticky":false,"template":"","format":"standard","meta":{"footnotes":"","jetpack_publicize_message":"","jetpack_publicize_feature_enabled":true,"jetpack_social_post_already_shared":true,"jetpack_social_options":{"image_generator_settings":{"template":"highway","default_image_id":0,"font":"","enabled":false},"version":2}},"categories":[24,25,6,9,34,37],"tags":[],"class_list":["post-8146","post","type-post","status-publish","format-standard","has-post-thumbnail","hentry","category-florentino-ameghino","category-general-villegas","category-interes-general","category-municipios","category-policial","category-sociedad"],"jetpack_publicize_connections":[],"jetpack_featured_media_url":"https:\/\/i0.wp.com\/www.labrujulaweb.com.ar\/blog\/wp-content\/uploads\/2023\/05\/JUAN-SAGRIVALIDA.jpeg?fit=328%2C500&ssl=1","jetpack_sharing_enabled":true,"_links":{"self":[{"href":"https:\/\/www.labrujulaweb.com.ar\/blog\/wp-json\/wp\/v2\/posts\/8146","targetHints":{"allow":["GET"]}}],"collection":[{"href":"https:\/\/www.labrujulaweb.com.ar\/blog\/wp-json\/wp\/v2\/posts"}],"about":[{"href":"https:\/\/www.labrujulaweb.com.ar\/blog\/wp-json\/wp\/v2\/types\/post"}],"author":[{"embeddable":true,"href":"https:\/\/www.labrujulaweb.com.ar\/blog\/wp-json\/wp\/v2\/users\/2"}],"replies":[{"embeddable":true,"href":"https:\/\/www.labrujulaweb.com.ar\/blog\/wp-json\/wp\/v2\/comments?post=8146"}],"version-history":[{"count":5,"href":"https:\/\/www.labrujulaweb.com.ar\/blog\/wp-json\/wp\/v2\/posts\/8146\/revisions"}],"predecessor-version":[{"id":8152,"href":"https:\/\/www.labrujulaweb.com.ar\/blog\/wp-json\/wp\/v2\/posts\/8146\/revisions\/8152"}],"wp:featuredmedia":[{"embeddable":true,"href":"https:\/\/www.labrujulaweb.com.ar\/blog\/wp-json\/wp\/v2\/media\/8147"}],"wp:attachment":[{"href":"https:\/\/www.labrujulaweb.com.ar\/blog\/wp-json\/wp\/v2\/media?parent=8146"}],"wp:term":[{"taxonomy":"category","embeddable":true,"href":"https:\/\/www.labrujulaweb.com.ar\/blog\/wp-json\/wp\/v2\/categories?post=8146"},{"taxonomy":"post_tag","embeddable":true,"href":"https:\/\/www.labrujulaweb.com.ar\/blog\/wp-json\/wp\/v2\/tags?post=8146"}],"curies":[{"name":"wp","href":"https:\/\/api.w.org\/{rel}","templated":true}]}}