{"id":8178,"date":"2023-05-31T21:32:31","date_gmt":"2023-06-01T00:32:31","guid":{"rendered":"https:\/\/www.labrujulaweb.com.ar\/blog\/?p=8178"},"modified":"2023-06-08T15:44:23","modified_gmt":"2023-06-08T18:44:23","slug":"ameghino-ampliamos-descarrilamiento-de-un-tren-de-ferro-expreso-pampeano-corta-el-transito-hacia-ruta-n66","status":"publish","type":"post","link":"https:\/\/www.labrujulaweb.com.ar\/blog\/interes-general\/ameghino-ampliamos-descarrilamiento-de-un-tren-de-ferro-expreso-pampeano-corta-el-transito-hacia-ruta-n66\/","title":{"rendered":"Ameghino: Ampliamos:  Descarrilamiento de un tren de Ferro Expreso Pampeano corta el tr\u00e1nsito hacia Ruta N\u00b066"},"content":{"rendered":"\n<p class=\"has-very-dark-gray-color has-text-color\">Un tren de cargas descarrilado hace que permanezca cortado el paso a nivel hacia Ruta 66 desde calle N\u00b0 1 y 42 de la ciudad de Ameghino hasta el paso a nivel que dirige al acceso al cementerio y Ruta 66.<\/p>\n\n\n\n<p class=\"has-very-dark-gray-color has-text-color\">Alrededor de la 19,30hs de este Mi\u00e9rcoles dos vagones de un tren de cargas de gran porte, <strong>descarril\u00f3<\/strong> cuando iba pasando por las v\u00edas del <strong>ferrocarril Sarmiento<\/strong> sobre la ciudad de Ameghino, producto del descarrilamiento permanece el tren en el lugar y el transito cortado que da acceso a <strong>Ruta 66.<\/strong><\/p>\n\n\n\n<p class=\"has-very-dark-gray-color has-text-color\">&nbsp;Este medio pudo tener acceso a personal de <strong>Ferro Expreso Pampeano<\/strong>, quienes, si bien se encuentran trabajando en el lugar nos confirman que el convoy permanecer\u00e1 durante toda la noche en el lugar y parte del d\u00eda Jueves hasta que se pueda reparar el desperfecto.<\/p>\n\n\n\n<p class=\"has-very-dark-gray-color has-text-color\">Consultados sobre el motivo por el cual se pudo producir el descarrilamiento, confirmaron que a\u00fan no se sab\u00eda y eso est\u00e1 e investigaci\u00f3n, \u201cNo lo tenemos claro, si fue por <strong>rotura de las ruedas<\/strong> del tren, los <strong>rieles <\/strong>de la v\u00eda o <strong>manos an\u00f3nimas\u201d<\/strong> \u2013expresaron-<\/p>\n\n\n\n<figure class=\"wp-block-gallery has-nested-images columns-default is-cropped wp-block-gallery-1 is-layout-flex wp-block-gallery-is-layout-flex\">\n<figure class=\"wp-block-image size-large\"><img data-recalc-dims=\"1\" loading=\"lazy\" decoding=\"async\" width=\"640\" height=\"287\" data-id=\"8180\" src=\"https:\/\/i0.wp.com\/www.labrujulaweb.com.ar\/blog\/wp-content\/uploads\/2023\/05\/TREN2VALID.jpeg?resize=640%2C287&#038;ssl=1\" alt=\"\" class=\"wp-image-8180\" srcset=\"https:\/\/i0.wp.com\/www.labrujulaweb.com.ar\/blog\/wp-content\/uploads\/2023\/05\/TREN2VALID.jpeg?resize=1024%2C459&amp;ssl=1 1024w, https:\/\/i0.wp.com\/www.labrujulaweb.com.ar\/blog\/wp-content\/uploads\/2023\/05\/TREN2VALID.jpeg?resize=300%2C134&amp;ssl=1 300w, https:\/\/i0.wp.com\/www.labrujulaweb.com.ar\/blog\/wp-content\/uploads\/2023\/05\/TREN2VALID.jpeg?resize=768%2C344&amp;ssl=1 768w, https:\/\/i0.wp.com\/www.labrujulaweb.com.ar\/blog\/wp-content\/uploads\/2023\/05\/TREN2VALID.jpeg?w=1116&amp;ssl=1 1116w\" sizes=\"auto, (max-width: 640px) 100vw, 640px\" \/><\/figure>\n\n\n\n<figure class=\"wp-block-image size-large\"><img data-recalc-dims=\"1\" loading=\"lazy\" decoding=\"async\" width=\"640\" height=\"405\" data-id=\"8181\" src=\"https:\/\/i0.wp.com\/www.labrujulaweb.com.ar\/blog\/wp-content\/uploads\/2023\/05\/TREN3VALID.jpeg?resize=640%2C405&#038;ssl=1\" alt=\"\" class=\"wp-image-8181\" srcset=\"https:\/\/i0.wp.com\/www.labrujulaweb.com.ar\/blog\/wp-content\/uploads\/2023\/05\/TREN3VALID.jpeg?w=791&amp;ssl=1 791w, https:\/\/i0.wp.com\/www.labrujulaweb.com.ar\/blog\/wp-content\/uploads\/2023\/05\/TREN3VALID.jpeg?resize=300%2C190&amp;ssl=1 300w, https:\/\/i0.wp.com\/www.labrujulaweb.com.ar\/blog\/wp-content\/uploads\/2023\/05\/TREN3VALID.jpeg?resize=768%2C485&amp;ssl=1 768w\" sizes=\"auto, (max-width: 640px) 100vw, 640px\" \/><\/figure>\n<\/figure>\n\n\n\n<p class=\"has-text-align-left has-very-dark-gray-color has-text-color\">A los vecinos que deban salir de la ciudad de Ameghino hacia Ruta 66 o 188 se les recomienda hacerlo por el acceso principal o bien por la Avenida de circunvalaci\u00f3n que pasa por Barrio San Miguel.<\/p>\n","protected":false},"excerpt":{"rendered":"<p>Un tren de cargas descarrilado hace que permanezca cortado el paso a nivel hacia Ruta 66 desde calle N\u00b0 1 y 42 de la ciudad de Ameghino hasta el paso a nivel que dirige al acceso al cementerio y Ruta 66. Alrededor de la 19,30hs de este Mi\u00e9rcoles dos vagones de un tren de cargas [&hellip;]<\/p>\n","protected":false},"author":2,"featured_media":8179,"comment_status":"open","ping_status":"open","sticky":false,"template":"","format":"standard","meta":{"footnotes":"","jetpack_publicize_message":"","jetpack_publicize_feature_enabled":true,"jetpack_social_post_already_shared":true,"jetpack_social_options":{"image_generator_settings":{"template":"highway","default_image_id":0,"font":"","enabled":false},"version":2}},"categories":[24,31,6,9,37],"tags":[],"class_list":["post-8178","post","type-post","status-publish","format-standard","has-post-thumbnail","hentry","category-florentino-ameghino","category-importantes","category-interes-general","category-municipios","category-sociedad"],"jetpack_publicize_connections":[],"jetpack_featured_media_url":"https:\/\/i0.wp.com\/www.labrujulaweb.com.ar\/blog\/wp-content\/uploads\/2023\/05\/TREN1PORTAVALI.jpeg?fit=841%2C500&ssl=1","jetpack_sharing_enabled":true,"_links":{"self":[{"href":"https:\/\/www.labrujulaweb.com.ar\/blog\/wp-json\/wp\/v2\/posts\/8178","targetHints":{"allow":["GET"]}}],"collection":[{"href":"https:\/\/www.labrujulaweb.com.ar\/blog\/wp-json\/wp\/v2\/posts"}],"about":[{"href":"https:\/\/www.labrujulaweb.com.ar\/blog\/wp-json\/wp\/v2\/types\/post"}],"author":[{"embeddable":true,"href":"https:\/\/www.labrujulaweb.com.ar\/blog\/wp-json\/wp\/v2\/users\/2"}],"replies":[{"embeddable":true,"href":"https:\/\/www.labrujulaweb.com.ar\/blog\/wp-json\/wp\/v2\/comments?post=8178"}],"version-history":[{"count":2,"href":"https:\/\/www.labrujulaweb.com.ar\/blog\/wp-json\/wp\/v2\/posts\/8178\/revisions"}],"predecessor-version":[{"id":8225,"href":"https:\/\/www.labrujulaweb.com.ar\/blog\/wp-json\/wp\/v2\/posts\/8178\/revisions\/8225"}],"wp:featuredmedia":[{"embeddable":true,"href":"https:\/\/www.labrujulaweb.com.ar\/blog\/wp-json\/wp\/v2\/media\/8179"}],"wp:attachment":[{"href":"https:\/\/www.labrujulaweb.com.ar\/blog\/wp-json\/wp\/v2\/media?parent=8178"}],"wp:term":[{"taxonomy":"category","embeddable":true,"href":"https:\/\/www.labrujulaweb.com.ar\/blog\/wp-json\/wp\/v2\/categories?post=8178"},{"taxonomy":"post_tag","embeddable":true,"href":"https:\/\/www.labrujulaweb.com.ar\/blog\/wp-json\/wp\/v2\/tags?post=8178"}],"curies":[{"name":"wp","href":"https:\/\/api.w.org\/{rel}","templated":true}]}}