{"id":8384,"date":"2023-06-30T19:45:33","date_gmt":"2023-06-30T22:45:33","guid":{"rendered":"https:\/\/www.labrujulaweb.com.ar\/blog\/?p=8384"},"modified":"2023-07-04T14:05:19","modified_gmt":"2023-07-04T17:05:19","slug":"c-tejedor-el-gobernador-encabezo-la-inauguracion-de-obras-de-ampliacion-de-una-escuela-secundaria-entrego-escrituras-gratuitas-y-puso-en-funcionamiento-una-nueva-ambulancia-para-el-municipio","status":"publish","type":"post","link":"https:\/\/www.labrujulaweb.com.ar\/blog\/cultura\/c-tejedor-el-gobernador-encabezo-la-inauguracion-de-obras-de-ampliacion-de-una-escuela-secundaria-entrego-escrituras-gratuitas-y-puso-en-funcionamiento-una-nueva-ambulancia-para-el-municipio\/","title":{"rendered":"C. Tejedor: El Gobernador encabez\u00f3 la inauguraci\u00f3n de obras de ampliaci\u00f3n de una Escuela Secundaria &#8211; entreg\u00f3 escrituras gratuitas y puso en funcionamiento una nueva ambulancia para el municipio."},"content":{"rendered":"\n<p class=\"has-black-color has-text-color\"><br><strong><em>Kicillof: \u201cFrente a quienes dicen que hay que dinamitarlo todo, nosotros vamos a seguir construyendo escuelas y hospitales\u201d<\/em><\/strong><\/p>\n\n\n\n<p class=\"has-black-color has-text-color\">El gobernador de la provincia de Buenos Aires, <strong>Axel Kicillof<\/strong>, encabez\u00f3 este viernes el acto de inauguraci\u00f3n de las obras de ampliaci\u00f3n de la <strong>Escuela Secundaria N\u00b01 de Carlos Tejedor,<\/strong> junto a la intendenta local, <strong>Mar\u00eda Celia Gianini;<\/strong> el director general de Cultura y Educaci\u00f3n, <strong>Alberto Sileoni<\/strong>; y la directora de la instituci\u00f3n, <strong>Mercedes Mart\u00edn<\/strong>. Adem\u00e1s, entreg\u00f3 <strong>escrituras <\/strong>gratuitas para familias de distinto barrios y puso en funcionamiento una <strong>ambulancia <\/strong>para fortalecer la gesti\u00f3n de emergencias en el distrito.<\/p>\n\n\n\n<figure class=\"wp-block-embed is-type-video is-provider-youtube wp-block-embed-youtube wp-embed-aspect-16-9 wp-has-aspect-ratio\"><div class=\"wp-block-embed__wrapper\">\n<div class=\"jetpack-video-wrapper\"><iframe loading=\"lazy\" title=\"C.TEJEDOR: GOBERNADOR AXEL KICILLOF E INTENDENTA M.CELIA GIANINI\" width=\"640\" height=\"360\" src=\"https:\/\/www.youtube.com\/embed\/w3vPNomWaK4?feature=oembed\" frameborder=\"0\" allow=\"accelerometer; autoplay; clipboard-write; encrypted-media; gyroscope; picture-in-picture; web-share\" referrerpolicy=\"strict-origin-when-cross-origin\" allowfullscreen><\/iframe><\/div>\n<\/div><\/figure>\n\n\n\n<p class=\"has-black-color has-text-color\">\u201cRecibimos una provincia endeudada y con muchos problemas, pero en vez de prometer soluciones nos pusimos a trabajar con prioridades muy claras: educaci\u00f3n, salud, trabajo y producci\u00f3n\u201d, manifest\u00f3 Kicillof y resalt\u00f3: \u201cFrente a quienes dicen que hay que dinamitarlo todo, nosotros vamos a seguir construyendo escuelas y hospitales\u201d.<\/p>\n\n\n\n<p class=\"has-black-color has-text-color\">Con una inversi\u00f3n de $58 millones, se construyeron una sala de administraci\u00f3n y cuatro nuevas aulas con espacio para 200 alumnos y alumnas de la <strong>Escuela N\u00b01 \u201cMart\u00edn Miguel de G\u00fcemes\u201d<\/strong>. Al respecto, Gianini expres\u00f3 que \u201cgracias a los recursos del programa <strong>Escuelas a la Obra<\/strong>, hemos podido dar un paso muy importante para nuestra comunidad al sumar <strong>700 metros cuadrados<\/strong> en esta escuela secundaria\u201d.<\/p>\n\n\n\n<p class=\"has-black-color has-text-color\">En tanto, la directora Mart\u00edn sostuvo: \u201cCuando ya hab\u00edamos perdido las esperanzas y no esper\u00e1bamos la llegada de los fondos para la ampliaci\u00f3n, vimos que finalmente era posible gracias a un Estado presente y una gesti\u00f3n que no se basa en promesas, sino en acciones\u201d.<\/p>\n\n\n\n<figure class=\"wp-block-gallery has-nested-images columns-default is-cropped wp-block-gallery-1 is-layout-flex wp-block-gallery-is-layout-flex\">\n<figure class=\"wp-block-image size-large\"><img data-recalc-dims=\"1\" loading=\"lazy\" decoding=\"async\" width=\"640\" height=\"427\" data-id=\"8386\" src=\"https:\/\/i0.wp.com\/www.labrujulaweb.com.ar\/blog\/wp-content\/uploads\/2023\/06\/GOB.5VALIS.jpg?resize=640%2C427&#038;ssl=1\" alt=\"\" class=\"wp-image-8386\" srcset=\"https:\/\/i0.wp.com\/www.labrujulaweb.com.ar\/blog\/wp-content\/uploads\/2023\/06\/GOB.5VALIS.jpg?w=750&amp;ssl=1 750w, https:\/\/i0.wp.com\/www.labrujulaweb.com.ar\/blog\/wp-content\/uploads\/2023\/06\/GOB.5VALIS.jpg?resize=300%2C200&amp;ssl=1 300w\" sizes=\"auto, (max-width: 640px) 100vw, 640px\" \/><\/figure>\n\n\n\n<figure class=\"wp-block-image size-large\"><img data-recalc-dims=\"1\" loading=\"lazy\" decoding=\"async\" width=\"640\" height=\"427\" data-id=\"8387\" src=\"https:\/\/i0.wp.com\/www.labrujulaweb.com.ar\/blog\/wp-content\/uploads\/2023\/06\/GOB.VALID3_.jpg?resize=640%2C427&#038;ssl=1\" alt=\"\" class=\"wp-image-8387\" srcset=\"https:\/\/i0.wp.com\/www.labrujulaweb.com.ar\/blog\/wp-content\/uploads\/2023\/06\/GOB.VALID3_.jpg?w=750&amp;ssl=1 750w, https:\/\/i0.wp.com\/www.labrujulaweb.com.ar\/blog\/wp-content\/uploads\/2023\/06\/GOB.VALID3_.jpg?resize=300%2C200&amp;ssl=1 300w\" sizes=\"auto, (max-width: 640px) 100vw, 640px\" \/><\/figure>\n<\/figure>\n\n\n\n<p class=\"has-black-color has-text-color\">Adem\u00e1s, el Gobernador y el ministro de Salud, <strong>Nicol\u00e1s Kreplak<\/strong>, pusieron en funcionamiento una nueva ambulancia de alta complejidad para la atenci\u00f3n de pacientes en estado cr\u00edtico. Asimismo, junto al ministro de Hacienda y Finanzas, <strong>Pablo L\u00f3pez,<\/strong> las autoridades suscribieron un acta que formaliza la entrega de <strong>posesi\u00f3n de 10 terrenos bald\u00edos a la Municipalidad<\/strong> de Carlos Tejedor destinados a la Caja de Polic\u00eda para la <strong>construcci\u00f3n de viviendas<\/strong>.<\/p>\n\n\n\n<p class=\"has-black-color has-text-color\">\u201cLa falta de escrituras es un problema que se observa tanto en el conurbano como en el interior de la provincia de Buenos Aires, donde muchas familias han estado esperando durante demasiado tiempo\u201d, expres\u00f3 Kicillof y agreg\u00f3: \u201cPor eso est\u00e1 muy vinculado tambi\u00e9n con el arraigo, que es el derecho que tienen todos los y las bonaerenses de vivir all\u00ed donde nacieron con el bienestar que se merecen\u201d.<\/p>\n\n\n\n<p class=\"has-black-color has-text-color\">Adem\u00e1s, el Gobernador se\u00f1al\u00f3 que \u201ccontar con la escritura permite el acceso al cr\u00e9dito y facilita la herencia para que las pr\u00f3ximas generaciones est\u00e9n en las mismas o mejores condiciones\u201d. \u201cEn la Provincia, la seguridad jur\u00eddica tambi\u00e9n es para el pueblo y empieza por el reconocimiento de los derechos de las y los trabajadores que no contaban con sus t\u00edtulos de propiedad\u201d, explic\u00f3.<\/p>\n\n\n\n<figure class=\"wp-block-image size-full is-resized\"><img data-recalc-dims=\"1\" loading=\"lazy\" decoding=\"async\" src=\"https:\/\/i0.wp.com\/www.labrujulaweb.com.ar\/blog\/wp-content\/uploads\/2023\/06\/GOB.2VALIS.jpg?resize=601%2C401&#038;ssl=1\" alt=\"\" class=\"wp-image-8388\" width=\"601\" height=\"401\" srcset=\"https:\/\/i0.wp.com\/www.labrujulaweb.com.ar\/blog\/wp-content\/uploads\/2023\/06\/GOB.2VALIS.jpg?w=750&amp;ssl=1 750w, https:\/\/i0.wp.com\/www.labrujulaweb.com.ar\/blog\/wp-content\/uploads\/2023\/06\/GOB.2VALIS.jpg?resize=300%2C200&amp;ssl=1 300w\" sizes=\"auto, (max-width: 601px) 100vw, 601px\" \/><\/figure>\n\n\n\n<p class=\"has-black-color has-text-color\">Por su parte, la intendenta Gianini remarc\u00f3: \u201cEstas escrituras que las familias de Carlos Tejedor estuvieron esperando durante muchos a\u00f1os, llegan finalmente gracias a la decisi\u00f3n que tom\u00f3 la Provincia para que la Escriban\u00eda General de Gobierno llegue a nuestro distrito y a todo el interior\u201d.<\/p>\n\n\n\n<p class=\"has-black-color has-text-color\">Por \u00faltimo, Kicillof resalt\u00f3 que \u201cen la provincia se acumularon problemas durante muchos a\u00f1os, pero no hay que tenerles miedo sino afrontarlos: estamos integrando el sistema de salud, ampliando la infraestructura escolar y saldando una deuda muy grande en materia de escrituras\u201d. \u201cNo vinimos a esconder los problemas debajo de la alfombra, estamos trabajando para dar respuesta y garantizar los derechos de todos y todas las bonaerenses\u201d, concluy\u00f3.<\/p>\n\n\n\n<figure class=\"wp-block-gallery has-nested-images columns-default is-cropped wp-block-gallery-2 is-layout-flex wp-block-gallery-is-layout-flex\">\n<figure class=\"wp-block-image size-large\"><img data-recalc-dims=\"1\" loading=\"lazy\" decoding=\"async\" width=\"640\" height=\"427\" data-id=\"8390\" src=\"https:\/\/i0.wp.com\/www.labrujulaweb.com.ar\/blog\/wp-content\/uploads\/2023\/06\/GOB.VALID6_.jpg?resize=640%2C427&#038;ssl=1\" alt=\"\" class=\"wp-image-8390\" srcset=\"https:\/\/i0.wp.com\/www.labrujulaweb.com.ar\/blog\/wp-content\/uploads\/2023\/06\/GOB.VALID6_.jpg?w=750&amp;ssl=1 750w, https:\/\/i0.wp.com\/www.labrujulaweb.com.ar\/blog\/wp-content\/uploads\/2023\/06\/GOB.VALID6_.jpg?resize=300%2C200&amp;ssl=1 300w\" sizes=\"auto, (max-width: 640px) 100vw, 640px\" \/><\/figure>\n\n\n\n<figure class=\"wp-block-image size-large\"><img data-recalc-dims=\"1\" loading=\"lazy\" decoding=\"async\" width=\"640\" height=\"427\" data-id=\"8389\" src=\"https:\/\/i0.wp.com\/www.labrujulaweb.com.ar\/blog\/wp-content\/uploads\/2023\/06\/GOB4VALID.jpg?resize=640%2C427&#038;ssl=1\" alt=\"\" class=\"wp-image-8389\" srcset=\"https:\/\/i0.wp.com\/www.labrujulaweb.com.ar\/blog\/wp-content\/uploads\/2023\/06\/GOB4VALID.jpg?w=750&amp;ssl=1 750w, https:\/\/i0.wp.com\/www.labrujulaweb.com.ar\/blog\/wp-content\/uploads\/2023\/06\/GOB4VALID.jpg?resize=300%2C200&amp;ssl=1 300w\" sizes=\"auto, (max-width: 640px) 100vw, 640px\" \/><\/figure>\n<\/figure>\n\n\n\n<p class=\"has-black-color has-text-color\">Estuvieron presentes el jefe de Asesores del Gobernador, <strong>Carlos Bianco<\/strong>; el jefe de Gabinete de la Direcci\u00f3n General de Cultura y Educaci\u00f3n, <strong>Pablo Urquiza;<\/strong> la escribana General de Gobierno, <strong>Paula Sidoti;<\/strong> el presidente de la Caja de Retiros, Pensiones y Jubilaciones de las Polic\u00edas de la provincia de Buenos Aires, <strong>Carlos Langone<\/strong>; el senador provincial <strong>Juan Alberto Mart\u00ednez<\/strong>; el intendente de Carlos Casares, <strong>Daniel Stadnik<\/strong>; el concejal <strong>Armando Palau<\/strong>; el director de la Regi\u00f3n Sanitaria II, <strong>Pedro Hern\u00e1ndez;<\/strong> el director del Hospital Resano de Tres Algarrobos, <strong>Walter Orellana<\/strong>; funcionarios y funcionarias locales.<\/p>\n","protected":false},"excerpt":{"rendered":"<p>Kicillof: \u201cFrente a quienes dicen que hay que dinamitarlo todo, nosotros vamos a seguir construyendo escuelas y hospitales\u201d El gobernador de la provincia de Buenos Aires, Axel Kicillof, encabez\u00f3 este viernes el acto de inauguraci\u00f3n de las obras de ampliaci\u00f3n de la Escuela Secundaria N\u00b01 de Carlos Tejedor, junto a la intendenta local, Mar\u00eda Celia [&hellip;]<\/p>\n","protected":false},"author":2,"featured_media":8385,"comment_status":"open","ping_status":"open","sticky":false,"template":"","format":"standard","meta":{"footnotes":"","jetpack_publicize_message":"","jetpack_publicize_feature_enabled":true,"jetpack_social_post_already_shared":true,"jetpack_social_options":{"image_generator_settings":{"template":"highway","default_image_id":0,"font":"","enabled":false},"version":2}},"categories":[26,7,11,31,9,29,36,37],"tags":[],"class_list":["post-8384","post","type-post","status-publish","format-standard","has-post-thumbnail","hentry","category-carlos-tejedor","category-cultura","category-gobierno-provincial","category-importantes","category-municipios","category-politica-estado","category-salud","category-sociedad"],"jetpack_publicize_connections":[],"jetpack_featured_media_url":"https:\/\/i0.wp.com\/www.labrujulaweb.com.ar\/blog\/wp-content\/uploads\/2023\/06\/GOBERPORTADAVALI.jpg?fit=706%2C500&ssl=1","jetpack_sharing_enabled":true,"_links":{"self":[{"href":"https:\/\/www.labrujulaweb.com.ar\/blog\/wp-json\/wp\/v2\/posts\/8384","targetHints":{"allow":["GET"]}}],"collection":[{"href":"https:\/\/www.labrujulaweb.com.ar\/blog\/wp-json\/wp\/v2\/posts"}],"about":[{"href":"https:\/\/www.labrujulaweb.com.ar\/blog\/wp-json\/wp\/v2\/types\/post"}],"author":[{"embeddable":true,"href":"https:\/\/www.labrujulaweb.com.ar\/blog\/wp-json\/wp\/v2\/users\/2"}],"replies":[{"embeddable":true,"href":"https:\/\/www.labrujulaweb.com.ar\/blog\/wp-json\/wp\/v2\/comments?post=8384"}],"version-history":[{"count":2,"href":"https:\/\/www.labrujulaweb.com.ar\/blog\/wp-json\/wp\/v2\/posts\/8384\/revisions"}],"predecessor-version":[{"id":8393,"href":"https:\/\/www.labrujulaweb.com.ar\/blog\/wp-json\/wp\/v2\/posts\/8384\/revisions\/8393"}],"wp:featuredmedia":[{"embeddable":true,"href":"https:\/\/www.labrujulaweb.com.ar\/blog\/wp-json\/wp\/v2\/media\/8385"}],"wp:attachment":[{"href":"https:\/\/www.labrujulaweb.com.ar\/blog\/wp-json\/wp\/v2\/media?parent=8384"}],"wp:term":[{"taxonomy":"category","embeddable":true,"href":"https:\/\/www.labrujulaweb.com.ar\/blog\/wp-json\/wp\/v2\/categories?post=8384"},{"taxonomy":"post_tag","embeddable":true,"href":"https:\/\/www.labrujulaweb.com.ar\/blog\/wp-json\/wp\/v2\/tags?post=8384"}],"curies":[{"name":"wp","href":"https:\/\/api.w.org\/{rel}","templated":true}]}}