{"id":8476,"date":"2023-07-18T09:47:19","date_gmt":"2023-07-18T12:47:19","guid":{"rendered":"https:\/\/www.labrujulaweb.com.ar\/blog\/?p=8476"},"modified":"2023-07-23T13:40:40","modified_gmt":"2023-07-23T16:40:40","slug":"ameghino-el-ministerio-de-seguridad-reforzo-moviles-para-la-policia-comunal","status":"publish","type":"post","link":"https:\/\/www.labrujulaweb.com.ar\/blog\/interes-general\/ameghino-el-ministerio-de-seguridad-reforzo-moviles-para-la-policia-comunal\/","title":{"rendered":"Ameghino: El Ministerio de Seguridad reforz\u00f3 m\u00f3viles para la polic\u00eda comunal."},"content":{"rendered":"\n<p class=\"has-black-color has-text-color\">Como lo viene haciendo en todos los distritos de la Pcia de Bs As, el<strong> Ministerio de seguridad<\/strong> entrega m\u00f3viles a las fuerzas policiales.<\/p>\n\n\n\n<p class=\"has-black-color has-text-color\">El pasado Lunes  17 de julio el Intendente Municipal, <strong>Nahuel Mittelbach,<\/strong> junto al Secretario de Gobierno y Hacienda, <strong>Alejandro S\u00e1nchez,<\/strong> recibieron a <strong>Javier Alonso<\/strong>, actual Subsecretario de Formaci\u00f3n y Desarrollo Profesional y a <strong>Andr\u00e9s Escudero<\/strong>, Director Provincial de Planificaci\u00f3n Estrat\u00e9gica; ambos pertenecientes al <strong>Ministerio de Seguridad de la Provincia de Buenos Aires.<\/strong><\/p>\n\n\n\n<p class=\"has-black-color has-text-color\">Los funcionarios provinciales se hicieron presentes en Ameghino para hacer entrega de<strong> 5 nuevos m\u00f3viles policiales<\/strong>, que ser\u00e1n destinados uno para cada localidad del distrito y dos m\u00f3viles para la comunal de Ameghino y uno para la comisaria de la mujer y la familia.<\/p>\n\n\n\n<figure class=\"wp-block-gallery has-nested-images columns-default is-cropped wp-block-gallery-1 is-layout-flex wp-block-gallery-is-layout-flex\">\n<figure class=\"wp-block-image size-large\"><img data-recalc-dims=\"1\" loading=\"lazy\" decoding=\"async\" width=\"640\" height=\"427\" data-id=\"8479\" src=\"https:\/\/i0.wp.com\/www.labrujulaweb.com.ar\/blog\/wp-content\/uploads\/2023\/07\/PATRULL2AMEGH.jpg?resize=640%2C427&#038;ssl=1\" alt=\"\" class=\"wp-image-8479\" srcset=\"https:\/\/i0.wp.com\/www.labrujulaweb.com.ar\/blog\/wp-content\/uploads\/2023\/07\/PATRULL2AMEGH.jpg?resize=1024%2C683&amp;ssl=1 1024w, https:\/\/i0.wp.com\/www.labrujulaweb.com.ar\/blog\/wp-content\/uploads\/2023\/07\/PATRULL2AMEGH.jpg?resize=300%2C200&amp;ssl=1 300w, https:\/\/i0.wp.com\/www.labrujulaweb.com.ar\/blog\/wp-content\/uploads\/2023\/07\/PATRULL2AMEGH.jpg?resize=768%2C512&amp;ssl=1 768w, https:\/\/i0.wp.com\/www.labrujulaweb.com.ar\/blog\/wp-content\/uploads\/2023\/07\/PATRULL2AMEGH.jpg?resize=1536%2C1024&amp;ssl=1 1536w, https:\/\/i0.wp.com\/www.labrujulaweb.com.ar\/blog\/wp-content\/uploads\/2023\/07\/PATRULL2AMEGH.jpg?w=2048&amp;ssl=1 2048w, https:\/\/i0.wp.com\/www.labrujulaweb.com.ar\/blog\/wp-content\/uploads\/2023\/07\/PATRULL2AMEGH.jpg?w=1280&amp;ssl=1 1280w, https:\/\/i0.wp.com\/www.labrujulaweb.com.ar\/blog\/wp-content\/uploads\/2023\/07\/PATRULL2AMEGH.jpg?w=1920&amp;ssl=1 1920w\" sizes=\"auto, (max-width: 640px) 100vw, 640px\" \/><\/figure>\n\n\n\n<figure class=\"wp-block-image size-large\"><img data-recalc-dims=\"1\" loading=\"lazy\" decoding=\"async\" width=\"375\" height=\"500\" data-id=\"8478\" src=\"https:\/\/i0.wp.com\/www.labrujulaweb.com.ar\/blog\/wp-content\/uploads\/2023\/07\/PATRULLE3AMEHVALD.jpg?resize=375%2C500&#038;ssl=1\" alt=\"\" class=\"wp-image-8478\" srcset=\"https:\/\/i0.wp.com\/www.labrujulaweb.com.ar\/blog\/wp-content\/uploads\/2023\/07\/PATRULLE3AMEHVALD.jpg?w=375&amp;ssl=1 375w, https:\/\/i0.wp.com\/www.labrujulaweb.com.ar\/blog\/wp-content\/uploads\/2023\/07\/PATRULLE3AMEHVALD.jpg?resize=225%2C300&amp;ssl=1 225w\" sizes=\"auto, (max-width: 375px) 100vw, 375px\" \/><\/figure>\n<\/figure>\n\n\n\n<p class=\"has-black-color has-text-color\">\u00abLa adquisici\u00f3n de los veh\u00edculos TOYOTA HILUX, permitir\u00e1 al personal policial reforzar los patrullajes para seguir trabajando por la prevenci\u00f3n y atenci\u00f3n de la seguridad del distrito\u00bb-destac\u00f3 el Intendente Mitellbach-.a la ves que agradeci\u00f3 al Ministerio de seguridad como al Gobernador de la Pcia.<\/p>\n","protected":false},"excerpt":{"rendered":"<p>Como lo viene haciendo en todos los distritos de la Pcia de Bs As, el Ministerio de seguridad entrega m\u00f3viles a las fuerzas policiales. El pasado Lunes 17 de julio el Intendente Municipal, Nahuel Mittelbach, junto al Secretario de Gobierno y Hacienda, Alejandro S\u00e1nchez, recibieron a Javier Alonso, actual Subsecretario de Formaci\u00f3n y Desarrollo Profesional [&hellip;]<\/p>\n","protected":false},"author":2,"featured_media":8477,"comment_status":"open","ping_status":"open","sticky":false,"template":"","format":"standard","meta":{"footnotes":"","jetpack_publicize_message":"","jetpack_publicize_feature_enabled":true,"jetpack_social_post_already_shared":true,"jetpack_social_options":{"image_generator_settings":{"template":"highway","default_image_id":0,"font":"","enabled":false},"version":2}},"categories":[24,11,31,6,9,34,29],"tags":[],"class_list":["post-8476","post","type-post","status-publish","format-standard","has-post-thumbnail","hentry","category-florentino-ameghino","category-gobierno-provincial","category-importantes","category-interes-general","category-municipios","category-policial","category-politica-estado"],"jetpack_publicize_connections":[],"jetpack_featured_media_url":"https:\/\/i0.wp.com\/www.labrujulaweb.com.ar\/blog\/wp-content\/uploads\/2023\/07\/PATRUAMEGVALID.jpg?fit=750%2C500&ssl=1","jetpack_sharing_enabled":true,"_links":{"self":[{"href":"https:\/\/www.labrujulaweb.com.ar\/blog\/wp-json\/wp\/v2\/posts\/8476","targetHints":{"allow":["GET"]}}],"collection":[{"href":"https:\/\/www.labrujulaweb.com.ar\/blog\/wp-json\/wp\/v2\/posts"}],"about":[{"href":"https:\/\/www.labrujulaweb.com.ar\/blog\/wp-json\/wp\/v2\/types\/post"}],"author":[{"embeddable":true,"href":"https:\/\/www.labrujulaweb.com.ar\/blog\/wp-json\/wp\/v2\/users\/2"}],"replies":[{"embeddable":true,"href":"https:\/\/www.labrujulaweb.com.ar\/blog\/wp-json\/wp\/v2\/comments?post=8476"}],"version-history":[{"count":1,"href":"https:\/\/www.labrujulaweb.com.ar\/blog\/wp-json\/wp\/v2\/posts\/8476\/revisions"}],"predecessor-version":[{"id":8480,"href":"https:\/\/www.labrujulaweb.com.ar\/blog\/wp-json\/wp\/v2\/posts\/8476\/revisions\/8480"}],"wp:featuredmedia":[{"embeddable":true,"href":"https:\/\/www.labrujulaweb.com.ar\/blog\/wp-json\/wp\/v2\/media\/8477"}],"wp:attachment":[{"href":"https:\/\/www.labrujulaweb.com.ar\/blog\/wp-json\/wp\/v2\/media?parent=8476"}],"wp:term":[{"taxonomy":"category","embeddable":true,"href":"https:\/\/www.labrujulaweb.com.ar\/blog\/wp-json\/wp\/v2\/categories?post=8476"},{"taxonomy":"post_tag","embeddable":true,"href":"https:\/\/www.labrujulaweb.com.ar\/blog\/wp-json\/wp\/v2\/tags?post=8476"}],"curies":[{"name":"wp","href":"https:\/\/api.w.org\/{rel}","templated":true}]}}