{"id":8525,"date":"2023-07-27T17:45:14","date_gmt":"2023-07-27T20:45:14","guid":{"rendered":"https:\/\/www.labrujulaweb.com.ar\/blog\/?p=8525"},"modified":"2023-08-02T13:37:36","modified_gmt":"2023-08-02T16:37:36","slug":"policiales-allanamientos-en-ameghino-con-resulados-positivos","status":"publish","type":"post","link":"https:\/\/www.labrujulaweb.com.ar\/blog\/interes-general\/policiales-allanamientos-en-ameghino-con-resulados-positivos\/","title":{"rendered":"Policiales: ALLANAMIENTOS EN AMEGHINO CON RESULADOS POSITIVOS"},"content":{"rendered":"\n<p class=\"has-black-color has-text-color\">En la ma\u00f1ana de este Jueves y en simultaneo, se realizaron varios allanamientos en la ciudad de Ameghino comandados <strong>por fuerzas policiales de Villegas<\/strong>, prestando colaboraci\u00f3n la <strong>polic\u00eda comunal de Ameghino.<\/strong><\/p>\n\n\n\n<p class=\"has-black-color has-text-color\">Motiv\u00f3 el operativo una causa proveniente de la ciudad de Villegas caratulada como <strong>Il\u00edcito por hurto, la cual arroj\u00f3 resultado positivo<\/strong><\/p>\n\n\n\n<p class=\"has-black-color has-text-color\">Entre los elementos incautado se hayan <strong>herramientas, moto y hasta un veh\u00edculo.<\/strong><\/p>\n\n\n\n<figure class=\"wp-block-gallery has-nested-images columns-default is-cropped wp-block-gallery-1 is-layout-flex wp-block-gallery-is-layout-flex\">\n<figure class=\"wp-block-image size-large\"><img data-recalc-dims=\"1\" loading=\"lazy\" decoding=\"async\" width=\"640\" height=\"337\" data-id=\"8528\" src=\"https:\/\/i0.wp.com\/www.labrujulaweb.com.ar\/blog\/wp-content\/uploads\/2023\/07\/policvald.jpeg?resize=640%2C337&#038;ssl=1\" alt=\"\" class=\"wp-image-8528\" srcset=\"https:\/\/i0.wp.com\/www.labrujulaweb.com.ar\/blog\/wp-content\/uploads\/2023\/07\/policvald.jpeg?w=950&amp;ssl=1 950w, https:\/\/i0.wp.com\/www.labrujulaweb.com.ar\/blog\/wp-content\/uploads\/2023\/07\/policvald.jpeg?resize=300%2C158&amp;ssl=1 300w, https:\/\/i0.wp.com\/www.labrujulaweb.com.ar\/blog\/wp-content\/uploads\/2023\/07\/policvald.jpeg?resize=768%2C404&amp;ssl=1 768w\" sizes=\"auto, (max-width: 640px) 100vw, 640px\" \/><\/figure>\n\n\n\n<figure class=\"wp-block-image size-large\"><img data-recalc-dims=\"1\" loading=\"lazy\" decoding=\"async\" width=\"640\" height=\"276\" data-id=\"8529\" src=\"https:\/\/i0.wp.com\/www.labrujulaweb.com.ar\/blog\/wp-content\/uploads\/2023\/07\/policvalid-1.jpeg?resize=640%2C276&#038;ssl=1\" alt=\"\" class=\"wp-image-8529\" srcset=\"https:\/\/i0.wp.com\/www.labrujulaweb.com.ar\/blog\/wp-content\/uploads\/2023\/07\/policvalid-1.jpeg?resize=1024%2C441&amp;ssl=1 1024w, https:\/\/i0.wp.com\/www.labrujulaweb.com.ar\/blog\/wp-content\/uploads\/2023\/07\/policvalid-1.jpeg?resize=300%2C129&amp;ssl=1 300w, https:\/\/i0.wp.com\/www.labrujulaweb.com.ar\/blog\/wp-content\/uploads\/2023\/07\/policvalid-1.jpeg?resize=768%2C331&amp;ssl=1 768w, https:\/\/i0.wp.com\/www.labrujulaweb.com.ar\/blog\/wp-content\/uploads\/2023\/07\/policvalid-1.jpeg?w=1161&amp;ssl=1 1161w\" sizes=\"auto, (max-width: 640px) 100vw, 640px\" \/><\/figure>\n<\/figure>\n\n\n\n<p class=\"has-black-color has-text-color\">Si bien el hecho especifico sucedi\u00f3 en la vecina ciudad, la polic\u00eda de Ameghino trabaja en la <strong>investigaci\u00f3n <\/strong>no descartando que entre los elementos secuestrados se encuentren pruebas de hechos delictivos ocurridos en la localidad.<\/p>\n\n\n\n<figure class=\"wp-block-gallery has-nested-images columns-default is-cropped wp-block-gallery-2 is-layout-flex wp-block-gallery-is-layout-flex\">\n<figure class=\"wp-block-image size-large\"><img data-recalc-dims=\"1\" loading=\"lazy\" decoding=\"async\" width=\"640\" height=\"329\" data-id=\"8537\" src=\"https:\/\/i0.wp.com\/www.labrujulaweb.com.ar\/blog\/wp-content\/uploads\/2023\/07\/policcccvali-2.jpeg?resize=640%2C329&#038;ssl=1\" alt=\"\" class=\"wp-image-8537\" srcset=\"https:\/\/i0.wp.com\/www.labrujulaweb.com.ar\/blog\/wp-content\/uploads\/2023\/07\/policcccvali-2.jpeg?w=973&amp;ssl=1 973w, https:\/\/i0.wp.com\/www.labrujulaweb.com.ar\/blog\/wp-content\/uploads\/2023\/07\/policcccvali-2.jpeg?resize=300%2C154&amp;ssl=1 300w, https:\/\/i0.wp.com\/www.labrujulaweb.com.ar\/blog\/wp-content\/uploads\/2023\/07\/policcccvali-2.jpeg?resize=768%2C395&amp;ssl=1 768w\" sizes=\"auto, (max-width: 640px) 100vw, 640px\" \/><\/figure>\n<\/figure>\n\n\n\n<figure class=\"wp-block-gallery has-nested-images columns-default is-cropped wp-block-gallery-3 is-layout-flex wp-block-gallery-is-layout-flex\">\n<figure class=\"wp-block-image size-large\"><img data-recalc-dims=\"1\" loading=\"lazy\" decoding=\"async\" width=\"640\" height=\"370\" data-id=\"8538\" src=\"https:\/\/i0.wp.com\/www.labrujulaweb.com.ar\/blog\/wp-content\/uploads\/2023\/07\/polvali-2.jpeg?resize=640%2C370&#038;ssl=1\" alt=\"\" class=\"wp-image-8538\" srcset=\"https:\/\/i0.wp.com\/www.labrujulaweb.com.ar\/blog\/wp-content\/uploads\/2023\/07\/polvali-2.jpeg?w=865&amp;ssl=1 865w, https:\/\/i0.wp.com\/www.labrujulaweb.com.ar\/blog\/wp-content\/uploads\/2023\/07\/polvali-2.jpeg?resize=300%2C173&amp;ssl=1 300w, https:\/\/i0.wp.com\/www.labrujulaweb.com.ar\/blog\/wp-content\/uploads\/2023\/07\/polvali-2.jpeg?resize=768%2C444&amp;ssl=1 768w\" sizes=\"auto, (max-width: 640px) 100vw, 640px\" \/><\/figure>\n<\/figure>\n","protected":false},"excerpt":{"rendered":"<p>En la ma\u00f1ana de este Jueves y en simultaneo, se realizaron varios allanamientos en la ciudad de Ameghino comandados por fuerzas policiales de Villegas, prestando colaboraci\u00f3n la polic\u00eda comunal de Ameghino. Motiv\u00f3 el operativo una causa proveniente de la ciudad de Villegas caratulada como Il\u00edcito por hurto, la cual arroj\u00f3 resultado positivo Entre los elementos [&hellip;]<\/p>\n","protected":false},"author":2,"featured_media":8526,"comment_status":"open","ping_status":"open","sticky":false,"template":"","format":"standard","meta":{"footnotes":"","jetpack_publicize_message":"","jetpack_publicize_feature_enabled":true,"jetpack_social_post_already_shared":true,"jetpack_social_options":{"image_generator_settings":{"template":"highway","default_image_id":0,"font":"","enabled":false},"version":2}},"categories":[24,25,31,6,34,37],"tags":[],"class_list":["post-8525","post","type-post","status-publish","format-standard","has-post-thumbnail","hentry","category-florentino-ameghino","category-general-villegas","category-importantes","category-interes-general","category-policial","category-sociedad"],"jetpack_publicize_connections":[],"jetpack_featured_media_url":"https:\/\/i0.wp.com\/www.labrujulaweb.com.ar\/blog\/wp-content\/uploads\/2023\/07\/policiaval.jpeg?fit=905%2C500&ssl=1","jetpack_sharing_enabled":true,"_links":{"self":[{"href":"https:\/\/www.labrujulaweb.com.ar\/blog\/wp-json\/wp\/v2\/posts\/8525","targetHints":{"allow":["GET"]}}],"collection":[{"href":"https:\/\/www.labrujulaweb.com.ar\/blog\/wp-json\/wp\/v2\/posts"}],"about":[{"href":"https:\/\/www.labrujulaweb.com.ar\/blog\/wp-json\/wp\/v2\/types\/post"}],"author":[{"embeddable":true,"href":"https:\/\/www.labrujulaweb.com.ar\/blog\/wp-json\/wp\/v2\/users\/2"}],"replies":[{"embeddable":true,"href":"https:\/\/www.labrujulaweb.com.ar\/blog\/wp-json\/wp\/v2\/comments?post=8525"}],"version-history":[{"count":5,"href":"https:\/\/www.labrujulaweb.com.ar\/blog\/wp-json\/wp\/v2\/posts\/8525\/revisions"}],"predecessor-version":[{"id":8541,"href":"https:\/\/www.labrujulaweb.com.ar\/blog\/wp-json\/wp\/v2\/posts\/8525\/revisions\/8541"}],"wp:featuredmedia":[{"embeddable":true,"href":"https:\/\/www.labrujulaweb.com.ar\/blog\/wp-json\/wp\/v2\/media\/8526"}],"wp:attachment":[{"href":"https:\/\/www.labrujulaweb.com.ar\/blog\/wp-json\/wp\/v2\/media?parent=8525"}],"wp:term":[{"taxonomy":"category","embeddable":true,"href":"https:\/\/www.labrujulaweb.com.ar\/blog\/wp-json\/wp\/v2\/categories?post=8525"},{"taxonomy":"post_tag","embeddable":true,"href":"https:\/\/www.labrujulaweb.com.ar\/blog\/wp-json\/wp\/v2\/tags?post=8525"}],"curies":[{"name":"wp","href":"https:\/\/api.w.org\/{rel}","templated":true}]}}