{"id":8769,"date":"2023-09-09T09:23:31","date_gmt":"2023-09-09T12:23:31","guid":{"rendered":"https:\/\/www.labrujulaweb.com.ar\/blog\/?p=8769"},"modified":"2023-09-10T21:01:30","modified_gmt":"2023-09-11T00:01:30","slug":"grave-accidente-en-ruta-4-involucra-a-ciudadanos-de-blaquier","status":"publish","type":"post","link":"https:\/\/www.labrujulaweb.com.ar\/blog\/interes-general\/grave-accidente-en-ruta-4-involucra-a-ciudadanos-de-blaquier\/","title":{"rendered":"Grave accidente en Ruta 4 involucra a ciudadanos de Blaquier."},"content":{"rendered":"\n<p class=\"has-black-color has-text-color\"><strong><em>La noticia se confirm\u00f3 a los medios esta ma\u00f1ana, si bien el accidente sucedi\u00f3 cerca de la medianoche del Viernes.<\/em><\/strong><\/p>\n\n\n\n<p class=\"has-black-color has-text-color\">Dos personas de sexo masculino que circulaban en una camioneta desde \u00ab<strong>Del Campillo\u00bb a Blaquier<\/strong>, pierde el control del veh\u00edculo por razones que aun no se han establecido, dando varios vuelcos.<\/p>\n\n\n\n<p class=\"has-black-color has-text-color\">Se trata de <strong>dos hermanos<\/strong>, ciudadanos de <strong>Blaquier<\/strong> de 37 y 33 a\u00f1os de edad. A ra\u00edz del accidente uno de los ocupantes pierde la vida en el lugar en tanto el otro fue trasladado al Hospital de Serrano, de acuerdo a lo manifestado por Radio Laboulaye.<\/p>\n\n\n\n<p class=\"has-black-color has-text-color\">El accidente se produjo en inmediaciones de Rutas N\u00b0 4 y 27 en la zona  conocida como La curva de Echarri. <\/p>\n\n\n\n<p class=\"has-black-color has-text-color\">Al momento de conocerse la noticia en Blaquier se di\u00f3 por suspendida una cena que se estaba realizando en el Club Deportivo de la localidad, que hoy se encuentra conmocionada por la noticia.<\/p>\n\n\n\n<p class=\"has-black-color has-text-color\"><strong>Del Campillo<\/strong> es una localidad perteneciente al Departamento de Gral Roca Provincia de Cordoba, lugar de residencia actual del joven fallecido<\/p>\n","protected":false},"excerpt":{"rendered":"<p>La noticia se confirm\u00f3 a los medios esta ma\u00f1ana, si bien el accidente sucedi\u00f3 cerca de la medianoche del Viernes. Dos personas de sexo masculino que circulaban en una camioneta desde \u00abDel Campillo\u00bb a Blaquier, pierde el control del veh\u00edculo por razones que aun no se han establecido, dando varios vuelcos. Se trata de dos [&hellip;]<\/p>\n","protected":false},"author":2,"featured_media":8770,"comment_status":"open","ping_status":"open","sticky":false,"template":"","format":"standard","meta":{"footnotes":"","jetpack_publicize_message":"","jetpack_publicize_feature_enabled":true,"jetpack_social_post_already_shared":true,"jetpack_social_options":{"image_generator_settings":{"template":"highway","default_image_id":0,"font":"","enabled":false},"version":2}},"categories":[24,31,6,9,34,37],"tags":[],"class_list":["post-8769","post","type-post","status-publish","format-standard","has-post-thumbnail","hentry","category-florentino-ameghino","category-importantes","category-interes-general","category-municipios","category-policial","category-sociedad"],"jetpack_publicize_connections":[],"jetpack_featured_media_url":"https:\/\/i0.wp.com\/www.labrujulaweb.com.ar\/blog\/wp-content\/uploads\/2023\/09\/accvalid.jpeg?fit=1089%2C500&ssl=1","jetpack_sharing_enabled":true,"_links":{"self":[{"href":"https:\/\/www.labrujulaweb.com.ar\/blog\/wp-json\/wp\/v2\/posts\/8769","targetHints":{"allow":["GET"]}}],"collection":[{"href":"https:\/\/www.labrujulaweb.com.ar\/blog\/wp-json\/wp\/v2\/posts"}],"about":[{"href":"https:\/\/www.labrujulaweb.com.ar\/blog\/wp-json\/wp\/v2\/types\/post"}],"author":[{"embeddable":true,"href":"https:\/\/www.labrujulaweb.com.ar\/blog\/wp-json\/wp\/v2\/users\/2"}],"replies":[{"embeddable":true,"href":"https:\/\/www.labrujulaweb.com.ar\/blog\/wp-json\/wp\/v2\/comments?post=8769"}],"version-history":[{"count":2,"href":"https:\/\/www.labrujulaweb.com.ar\/blog\/wp-json\/wp\/v2\/posts\/8769\/revisions"}],"predecessor-version":[{"id":8773,"href":"https:\/\/www.labrujulaweb.com.ar\/blog\/wp-json\/wp\/v2\/posts\/8769\/revisions\/8773"}],"wp:featuredmedia":[{"embeddable":true,"href":"https:\/\/www.labrujulaweb.com.ar\/blog\/wp-json\/wp\/v2\/media\/8770"}],"wp:attachment":[{"href":"https:\/\/www.labrujulaweb.com.ar\/blog\/wp-json\/wp\/v2\/media?parent=8769"}],"wp:term":[{"taxonomy":"category","embeddable":true,"href":"https:\/\/www.labrujulaweb.com.ar\/blog\/wp-json\/wp\/v2\/categories?post=8769"},{"taxonomy":"post_tag","embeddable":true,"href":"https:\/\/www.labrujulaweb.com.ar\/blog\/wp-json\/wp\/v2\/tags?post=8769"}],"curies":[{"name":"wp","href":"https:\/\/api.w.org\/{rel}","templated":true}]}}