{"id":8870,"date":"2023-09-24T20:49:11","date_gmt":"2023-09-24T23:49:11","guid":{"rendered":"https:\/\/www.labrujulaweb.com.ar\/blog\/?p=8870"},"modified":"2023-10-02T21:14:20","modified_gmt":"2023-10-03T00:14:20","slug":"cambio-el-feriado-por-el-dia-del-empleado-de-comercio-sera-el-lunes-25","status":"publish","type":"post","link":"https:\/\/www.labrujulaweb.com.ar\/blog\/industria-comercio\/cambio-el-feriado-por-el-dia-del-empleado-de-comercio-sera-el-lunes-25\/","title":{"rendered":"Cambi\u00f3 el feriado por el D\u00eda del Empleado de Comercio: ser\u00e1 el Lunes 25"},"content":{"rendered":"\n<h2 class=\"wp-block-heading\"><strong>Este asueto beneficia a 1.200.000 empleados. Sin embargo, el sindicato modific\u00f3 la fecha original para que sea fin de semana largo<\/strong><\/h2>\n\n\n\n<p class=\"has-black-color has-text-color\">La <strong>Federaci\u00f3n Argentina de <a rel=\"noreferrer noopener\" href=\"https:\/\/www.ambito.com\/economia\/atentos-empleados-comercio-cuanto-es-el-aumento-sueldos-septiembre-n5807278\" target=\"_blank\">Empleados de Comercio<\/a> y Servicios (Faecys) <\/strong>anunci\u00f3 que se modific\u00f3 la fecha del <strong><a rel=\"noreferrer noopener\" href=\"https:\/\/www.ambito.com\/informacion-general\/feriados\/calendario-2023-uno-uno-todos-los-este-ano-n5619570\" target=\"_blank\"><strong>feriado<\/strong><\/a> <\/strong>en conmemoraci\u00f3n al <strong>D\u00eda del Empleado de Comercio<\/strong>. Originalmente, la <strong>efem\u00e9ride <\/strong>iba a celebrarse el <strong>26 de septiembre<\/strong>, como todos los a\u00f1os, sin embargo, el gremio decidi\u00f3 que este a\u00f1o sea el <strong>lunes 25 de septiembre<\/strong>.<\/p>\n\n\n\n<p class=\"has-black-color has-text-color\">El cambio se produjo con el fin de que los trabajadores del sector puedan disfrutar de un <strong>fin de semana largo <\/strong>de descanso.<\/p>\n\n\n\n<p class=\"has-black-color has-text-color\">Todos los<strong> <\/strong><strong>26 de septiembre <\/strong>se celebra este d\u00eda en la <strong>Argentina<\/strong>, en conmemoraci\u00f3n a la sanci\u00f3n de la <strong>Ley N\u00b0 11.729 <\/strong>promulgada en <strong>1934<\/strong>, que estipula la estabilidad del trabajo, indemnizaci\u00f3n ante el despido arbitrario y vacaciones pagas para los trabajadores de comercio.<\/p>\n\n\n\n<p class=\"has-black-color has-text-color\">Luego, se suspendi\u00f3 durante la \u00faltima dictadura militar y <strong>se restaur\u00f3 en 2010<\/strong>, cuando el <strong>Congreso <\/strong>sancion\u00f3 la <strong>Ley 26.541<\/strong>, el 11 de noviembre de 2009, que estableci\u00f3 el 26 de septiembre <strong>\u201c<\/strong><strong>como descanso para los empleados de comercio\u201d<\/strong>.<\/p>\n\n\n\n<h2 class=\"wp-block-heading has-black-color has-text-color\"><strong>\u00bfQu\u00e9 pasa si trabajo el D\u00eda del Empleado de Comercio?<\/strong><\/h2>\n\n\n\n<p class=\"has-black-color has-text-color\">La <strong>C\u00e1mara Argentina de Comercio <\/strong>brinda el derecho a que <strong>los empleados descansen durante la jornada <\/strong>del <strong>26 de septiembre<\/strong>. Seg\u00fan la <strong>Faecys<\/strong>, quienes trabajen lo har\u00e1n bajo las mismas normas establecidas por la <strong>Ley de Contrato de Trabajo <\/strong>en cualquier feriado. Por lo tanto,<strong> <\/strong><strong>se abonar\u00e1 un recargo del 100% a la jornada laboral percibida<\/strong>.<\/p>\n\n\n\n<p class=\"has-black-color has-text-color\">En el caso de los establecimientos que decidan operar, los <strong>empleados mercantiles <\/strong>tendr\u00e1n la opci\u00f3n de<strong> <\/strong><strong>prestar o no servicios laborales<\/strong>, ajustados a la <strong>Ley 26.541<\/strong>, que asimila los festejos a los <strong>feriados nacionales<\/strong>. Si no se trabaja, el empleado tiene <strong>descanso <\/strong>ese d\u00eda, pero su <strong>remuneraci\u00f3n mensual no variar\u00e1<\/strong>.<\/p>\n","protected":false},"excerpt":{"rendered":"<p>Este asueto beneficia a 1.200.000 empleados. Sin embargo, el sindicato modific\u00f3 la fecha original para que sea fin de semana largo La Federaci\u00f3n Argentina de Empleados de Comercio y Servicios (Faecys) anunci\u00f3 que se modific\u00f3 la fecha del feriado en conmemoraci\u00f3n al D\u00eda del Empleado de Comercio. Originalmente, la efem\u00e9ride iba a celebrarse el 26 [&hellip;]<\/p>\n","protected":false},"author":2,"featured_media":8871,"comment_status":"open","ping_status":"open","sticky":false,"template":"","format":"standard","meta":{"footnotes":"","jetpack_publicize_message":"","jetpack_publicize_feature_enabled":true,"jetpack_social_post_already_shared":true,"jetpack_social_options":{"image_generator_settings":{"template":"highway","default_image_id":0,"font":"","enabled":false},"version":2}},"categories":[30,31,5,6,37],"tags":[],"class_list":["post-8870","post","type-post","status-publish","format-standard","has-post-thumbnail","hentry","category-politicadirigencia","category-importantes","category-industria-comercio","category-interes-general","category-sociedad"],"jetpack_publicize_connections":[],"jetpack_featured_media_url":"https:\/\/i0.wp.com\/www.labrujulaweb.com.ar\/blog\/wp-content\/uploads\/2023\/09\/EMPLEADPVALIDA.jpg?fit=859%2C500&ssl=1","jetpack_sharing_enabled":true,"_links":{"self":[{"href":"https:\/\/www.labrujulaweb.com.ar\/blog\/wp-json\/wp\/v2\/posts\/8870","targetHints":{"allow":["GET"]}}],"collection":[{"href":"https:\/\/www.labrujulaweb.com.ar\/blog\/wp-json\/wp\/v2\/posts"}],"about":[{"href":"https:\/\/www.labrujulaweb.com.ar\/blog\/wp-json\/wp\/v2\/types\/post"}],"author":[{"embeddable":true,"href":"https:\/\/www.labrujulaweb.com.ar\/blog\/wp-json\/wp\/v2\/users\/2"}],"replies":[{"embeddable":true,"href":"https:\/\/www.labrujulaweb.com.ar\/blog\/wp-json\/wp\/v2\/comments?post=8870"}],"version-history":[{"count":1,"href":"https:\/\/www.labrujulaweb.com.ar\/blog\/wp-json\/wp\/v2\/posts\/8870\/revisions"}],"predecessor-version":[{"id":8872,"href":"https:\/\/www.labrujulaweb.com.ar\/blog\/wp-json\/wp\/v2\/posts\/8870\/revisions\/8872"}],"wp:featuredmedia":[{"embeddable":true,"href":"https:\/\/www.labrujulaweb.com.ar\/blog\/wp-json\/wp\/v2\/media\/8871"}],"wp:attachment":[{"href":"https:\/\/www.labrujulaweb.com.ar\/blog\/wp-json\/wp\/v2\/media?parent=8870"}],"wp:term":[{"taxonomy":"category","embeddable":true,"href":"https:\/\/www.labrujulaweb.com.ar\/blog\/wp-json\/wp\/v2\/categories?post=8870"},{"taxonomy":"post_tag","embeddable":true,"href":"https:\/\/www.labrujulaweb.com.ar\/blog\/wp-json\/wp\/v2\/tags?post=8870"}],"curies":[{"name":"wp","href":"https:\/\/api.w.org\/{rel}","templated":true}]}}