{"id":9181,"date":"2023-11-28T16:49:49","date_gmt":"2023-11-28T19:49:49","guid":{"rendered":"https:\/\/www.labrujulaweb.com.ar\/blog\/?p=9181"},"modified":"2023-12-03T23:06:06","modified_gmt":"2023-12-04T02:06:06","slug":"g-villegas-transicion-compleja-entre-campana-y-alegre-de-juntos-por-el-cambio","status":"publish","type":"post","link":"https:\/\/www.labrujulaweb.com.ar\/blog\/interes-general\/g-villegas-transicion-compleja-entre-campana-y-alegre-de-juntos-por-el-cambio\/","title":{"rendered":"G. Villegas: Transici\u00f3n compleja entre Campana y Alegre de Juntos por el Cambio."},"content":{"rendered":"\n<p><em><strong>En General Villegas cambia el intendente pero sigue gobernando Juntos por el Cambio. La transici\u00f3n, de todas formas, pinta muy mal.<\/strong><\/em><\/p>\n\n\n\n<p class=\"has-black-color has-text-color has-link-color wp-elements-696a641c2a1856ae90d0f1228da47157\">En el partido de<strong>&nbsp;General Villegas<\/strong>, bien en el noroeste del mapa provincial, las elecciones de este a\u00f1o provocaron un cambio de gesti\u00f3n pero no de signo pol\u00edtico: sigue gobernando<strong>&nbsp;Juntos por el Cambio<\/strong>, pero este dato, que a priori anticipa una transici\u00f3n ordenada, no sirve de nada.<\/p>\n\n\n\n<p class=\"has-black-color has-text-color has-link-color wp-elements-7dd79a38e820700e3088eee770a5a937\"> En las PASO de agosto, el ex intendente\u00a0<a href=\"https:\/\/infocielo.com\/gilberto-alegre-a9435\" target=\"_blank\" rel=\"noreferrer noopener\"><strong>Gilberto Alegre<\/strong><\/a>\u00a0sac\u00f3 de carrera a la candidata del actual jefe comunal,\u00a0<strong>Eduardo Campana que se corri\u00f3 de la b\u00fasqueda de su tercera reelecci\u00f3n<\/strong>. Y gan\u00f3 de buena manera en las generales de octubre.<\/p>\n\n\n\n<p class=\"has-black-color has-text-color has-link-color wp-elements-d7aa5bc34445862e99a3ec0f2af289ad\">Pasada la instancia del balotaje y con las energ\u00edas puestas en la transici\u00f3n, surgi\u00f3 una fuerte pol\u00e9mica. Alegre <strong>denunci\u00f3 <\/strong>que la gesti\u00f3n saliente est\u00e1 \u00abnombrando empleados y recategorizando\u00bb a d\u00edas de dejar el poder.<\/p>\n\n\n\n<p class=\"has-black-color has-text-color has-link-color wp-elements-6f5601828b3c97605872fb4ddc1cf549\">Lo hizo mediante un posteo en la red social Facebook.\u00a0<strong>\u00abA d\u00edas de tener que entregar el gobierno Campana pretende tomar decisiones como si sus facultades fueran plenas y sin consultar con quienes tendremos la responsabilidad de gobernar\u00bb-<\/strong>escribi\u00f3-<\/p>\n\n\n\n<p class=\"has-black-color has-text-color has-link-color wp-elements-1e5abab7de8c2d11b735dd606461c9d0\">\u00ab\u00bfC\u00f3mo podremos gestionar nuestra comunidad sin recursos, con maquinarias sumamente deterioradas y sin gente de nuestra confianza? No es con comunicados contemporizadores y de buenos modos, tratando de ocultar su falta de respeto hacia la oposici\u00f3n y la comunidad, como se resuelve la desidia de tantos a\u00f1os de desgobierno\u00bb, agreg\u00f3 el alcalde, con pasado peronista y membres\u00eda de socio fundador del Frente Renovador, espacio que dej\u00f3 hace varios a\u00f1os.<\/p>\n\n\n\n<p class=\"has-black-color has-text-color has-link-color wp-elements-30ec0f273252ac93a42afeb758699f10\">Alegre anticip\u00f3, tambi\u00e9n mediante las redes sociales, que esos <strong>nombramientos y recategorizaciones <\/strong>ser\u00e1n \u00abrevisados\u00bb una vez que asuma, el 10 de diciembre.<\/p>\n\n\n\n<p class=\"has-black-color has-text-color has-link-color wp-elements-b3e412122aebfe2da62a9b5a80c3a6a5\">Seg\u00fan se supo, m\u00e1s all\u00e1 de los intempestivos nombramientos, la cosa pinta mal frente al cambio de mando.\u00a0<strong>La gente de Alegre dice que Campana no muestra informes de gesti\u00f3n y temen tener que agarrar el tim\u00f3n \u00aba ciegas\u00bb.<\/strong><\/p>\n\n\n\n<p class=\"has-black-color has-text-color has-link-color wp-elements-f111aead234eebdedf1bf29db6c550b5\">Campana -sostienen en Villegas- quem\u00f3 las naves para ganar la elecci\u00f3n. \u00abEmpez\u00f3 obras a 10 d\u00edas de los comicios y comprometi\u00f3 aumentos salariales que implican hasta el 80 por ciento del presupuesto\u00bb, cuentan con preocupaci\u00f3n los que tienen que tomar el mando en poco mas de una semana.<\/p>\n\n\n\n<p class=\"has-black-color has-text-color has-link-color wp-elements-33db822d9299d725b7c25feb6d398681\">Hay que se\u00f1alar que el flamante alcalde es experto en estas lides: fue intendente desde 1995 hasta 2013, cuando dej\u00f3 el cargo para asumir como diputado nacional. Y, tras un intento fallido en 2019, recuper\u00f3 el poder en este turno electoral y con 72 a\u00f1os de edad.<\/p>\n\n\n\n<p>Fuente: Interior Bonaerense<\/p>\n","protected":false},"excerpt":{"rendered":"<p>En General Villegas cambia el intendente pero sigue gobernando Juntos por el Cambio. La transici\u00f3n, de todas formas, pinta muy mal. En el partido de&nbsp;General Villegas, bien en el noroeste del mapa provincial, las elecciones de este a\u00f1o provocaron un cambio de gesti\u00f3n pero no de signo pol\u00edtico: sigue gobernando&nbsp;Juntos por el Cambio, pero este [&hellip;]<\/p>\n","protected":false},"author":2,"featured_media":9182,"comment_status":"open","ping_status":"open","sticky":false,"template":"","format":"standard","meta":{"footnotes":"","jetpack_publicize_message":"","jetpack_publicize_feature_enabled":true,"jetpack_social_post_already_shared":true,"jetpack_social_options":{"image_generator_settings":{"template":"highway","default_image_id":0,"font":"","enabled":false},"version":2}},"categories":[25,31,6,9,29],"tags":[],"class_list":["post-9181","post","type-post","status-publish","format-standard","has-post-thumbnail","hentry","category-general-villegas","category-importantes","category-interes-general","category-municipios","category-politica-estado"],"jetpack_publicize_connections":[],"jetpack_featured_media_url":"https:\/\/i0.wp.com\/www.labrujulaweb.com.ar\/blog\/wp-content\/uploads\/2023\/11\/ALEGREA.jpeg?fit=755%2C500&ssl=1","jetpack_sharing_enabled":true,"_links":{"self":[{"href":"https:\/\/www.labrujulaweb.com.ar\/blog\/wp-json\/wp\/v2\/posts\/9181","targetHints":{"allow":["GET"]}}],"collection":[{"href":"https:\/\/www.labrujulaweb.com.ar\/blog\/wp-json\/wp\/v2\/posts"}],"about":[{"href":"https:\/\/www.labrujulaweb.com.ar\/blog\/wp-json\/wp\/v2\/types\/post"}],"author":[{"embeddable":true,"href":"https:\/\/www.labrujulaweb.com.ar\/blog\/wp-json\/wp\/v2\/users\/2"}],"replies":[{"embeddable":true,"href":"https:\/\/www.labrujulaweb.com.ar\/blog\/wp-json\/wp\/v2\/comments?post=9181"}],"version-history":[{"count":2,"href":"https:\/\/www.labrujulaweb.com.ar\/blog\/wp-json\/wp\/v2\/posts\/9181\/revisions"}],"predecessor-version":[{"id":9185,"href":"https:\/\/www.labrujulaweb.com.ar\/blog\/wp-json\/wp\/v2\/posts\/9181\/revisions\/9185"}],"wp:featuredmedia":[{"embeddable":true,"href":"https:\/\/www.labrujulaweb.com.ar\/blog\/wp-json\/wp\/v2\/media\/9182"}],"wp:attachment":[{"href":"https:\/\/www.labrujulaweb.com.ar\/blog\/wp-json\/wp\/v2\/media?parent=9181"}],"wp:term":[{"taxonomy":"category","embeddable":true,"href":"https:\/\/www.labrujulaweb.com.ar\/blog\/wp-json\/wp\/v2\/categories?post=9181"},{"taxonomy":"post_tag","embeddable":true,"href":"https:\/\/www.labrujulaweb.com.ar\/blog\/wp-json\/wp\/v2\/tags?post=9181"}],"curies":[{"name":"wp","href":"https:\/\/api.w.org\/{rel}","templated":true}]}}