{"id":9195,"date":"2023-12-01T09:53:36","date_gmt":"2023-12-01T12:53:36","guid":{"rendered":"https:\/\/www.labrujulaweb.com.ar\/blog\/?p=9195"},"modified":"2023-12-01T09:55:23","modified_gmt":"2023-12-01T12:55:23","slug":"zonal-registro-de-lluvia-7","status":"publish","type":"post","link":"https:\/\/www.labrujulaweb.com.ar\/blog\/destacadas\/zonal-registro-de-lluvia-7\/","title":{"rendered":"Zonal: Registro de lluvia"},"content":{"rendered":"\n<p class=\"has-black-color has-text-color has-link-color wp-elements-e0870b2989e392d84293f808b12e39a3\">lluvias registradas hasta las 8hs del Viernes 1\u00b0 de Diciembre.<\/p>\n\n\n\n<p class=\"has-black-color has-text-color has-link-color wp-elements-5909444dfc69841643e98f32f9b5affa\"> Datos aportados por firmas comerciales Secretarias de prensa y lectores<\/p>\n\n\n\n<p class=\"has-black-color has-text-color has-link-color wp-elements-4ee5cf80bda2472e1d5a7ecfc1a77d9d\"><strong>CARLOS TEJEDOR Y DISTRITO<\/strong><\/p>\n\n\n\n<p class=\"has-black-color has-text-color has-link-color wp-elements-8d8ad73b7f73ab5c6f76c09e329e22e6\">C. Tejedor 100m-Curar\u00fa 80mm-C. Ser\u00e9 50mm-T. Algarrobos. 150mm<br>Timote 55mm<\/p>\n\n\n\n<p class=\"has-black-color has-text-color has-link-color wp-elements-771cc1108261197f21d54c3cbddbfdd5\"><strong>GRAL VILLEGAS Y DISTRITO.<\/strong><\/p>\n\n\n\n<p class=\"has-black-color has-text-color has-link-color wp-elements-21e20a0043f27af4638708539a1a340f\">Gral. Villegas 85mm-Banderal\u00f3 65mm-Ca\u00f1ada Seca 2mm-Coronel Charlone 22mm<br>E.V.Bunge 29mm-Piedritas 22mm-Santa Eleodora 12mm-Santa Regina 2mm-Villa Saboya 2mm<br>Villa Sauze 32mm.<\/p>\n\n\n\n<p class=\"has-black-color has-text-color has-link-color wp-elements-97b60301b2053e682008d1fc2b154a07\"><strong>F. AMEGHINO <\/strong><\/p>\n\n\n\n<p class=\"has-black-color has-text-color has-link-color wp-elements-0531aac1907c6dc30196ac66f2158310\">Ciudad:  30 mm &#8211; Blaquier 15mm- Porvenir 50mm- los potros 35<\/p>\n\n\n\n<p class=\"has-black-color has-text-color has-link-color wp-elements-a02b89ef34c62f9cd351f2b6a359a189\"><strong>GRAL PINTO: <\/strong><\/p>\n\n\n\n<p class=\"has-black-color has-text-color has-link-color wp-elements-b3fa842ea3e0b6c3ccd434a83fef4c42\">Ciudad 26mm C. Granada 36mm<\/p>\n","protected":false},"excerpt":{"rendered":"<p>lluvias registradas hasta las 8hs del Viernes 1\u00b0 de Diciembre. Datos aportados por firmas comerciales Secretarias de prensa y lectores CARLOS TEJEDOR Y DISTRITO C. Tejedor 100m-Curar\u00fa 80mm-C. Ser\u00e9 50mm-T. Algarrobos. 150mmTimote 55mm GRAL VILLEGAS Y DISTRITO. Gral. Villegas 85mm-Banderal\u00f3 65mm-Ca\u00f1ada Seca 2mm-Coronel Charlone 22mmE.V.Bunge 29mm-Piedritas 22mm-Santa Eleodora 12mm-Santa Regina 2mm-Villa Saboya 2mmVilla Sauze 32mm. [&hellip;]<\/p>\n","protected":false},"author":2,"featured_media":9196,"comment_status":"open","ping_status":"open","sticky":false,"template":"","format":"standard","meta":{"footnotes":"","jetpack_publicize_message":"","jetpack_publicize_feature_enabled":true,"jetpack_social_post_already_shared":true,"jetpack_social_options":{"image_generator_settings":{"template":"highway","default_image_id":0,"font":"","enabled":false},"version":2}},"categories":[26,38,2,24,23,25,6,9,33],"tags":[],"class_list":["post-9195","post","type-post","status-publish","format-standard","has-post-thumbnail","hentry","category-carlos-tejedor","category-clima","category-destacadas","category-florentino-ameghino","category-general-pinto","category-general-villegas","category-interes-general","category-municipios","category-rural"],"jetpack_publicize_connections":[],"jetpack_featured_media_url":"https:\/\/i0.wp.com\/www.labrujulaweb.com.ar\/blog\/wp-content\/uploads\/2023\/12\/LLUVIAAVALI.jpg?fit=1000%2C500&ssl=1","jetpack_sharing_enabled":true,"_links":{"self":[{"href":"https:\/\/www.labrujulaweb.com.ar\/blog\/wp-json\/wp\/v2\/posts\/9195","targetHints":{"allow":["GET"]}}],"collection":[{"href":"https:\/\/www.labrujulaweb.com.ar\/blog\/wp-json\/wp\/v2\/posts"}],"about":[{"href":"https:\/\/www.labrujulaweb.com.ar\/blog\/wp-json\/wp\/v2\/types\/post"}],"author":[{"embeddable":true,"href":"https:\/\/www.labrujulaweb.com.ar\/blog\/wp-json\/wp\/v2\/users\/2"}],"replies":[{"embeddable":true,"href":"https:\/\/www.labrujulaweb.com.ar\/blog\/wp-json\/wp\/v2\/comments?post=9195"}],"version-history":[{"count":3,"href":"https:\/\/www.labrujulaweb.com.ar\/blog\/wp-json\/wp\/v2\/posts\/9195\/revisions"}],"predecessor-version":[{"id":9199,"href":"https:\/\/www.labrujulaweb.com.ar\/blog\/wp-json\/wp\/v2\/posts\/9195\/revisions\/9199"}],"wp:featuredmedia":[{"embeddable":true,"href":"https:\/\/www.labrujulaweb.com.ar\/blog\/wp-json\/wp\/v2\/media\/9196"}],"wp:attachment":[{"href":"https:\/\/www.labrujulaweb.com.ar\/blog\/wp-json\/wp\/v2\/media?parent=9195"}],"wp:term":[{"taxonomy":"category","embeddable":true,"href":"https:\/\/www.labrujulaweb.com.ar\/blog\/wp-json\/wp\/v2\/categories?post=9195"},{"taxonomy":"post_tag","embeddable":true,"href":"https:\/\/www.labrujulaweb.com.ar\/blog\/wp-json\/wp\/v2\/tags?post=9195"}],"curies":[{"name":"wp","href":"https:\/\/api.w.org\/{rel}","templated":true}]}}