{"id":9437,"date":"2024-01-20T13:29:28","date_gmt":"2024-01-20T16:29:28","guid":{"rendered":"https:\/\/www.labrujulaweb.com.ar\/blog\/?p=9437"},"modified":"2024-01-23T21:12:42","modified_gmt":"2024-01-24T00:12:42","slug":"tejedor-inauguro-el-primer-parque-acuatico-en-la-zona","status":"publish","type":"post","link":"https:\/\/www.labrujulaweb.com.ar\/blog\/interes-general\/tejedor-inauguro-el-primer-parque-acuatico-en-la-zona\/","title":{"rendered":"Tejedor inaugur\u00f3 el primer \u00abparque acu\u00e1tico\u00bb en la zona"},"content":{"rendered":"\n<p class=\"has-black-color has-text-color has-link-color wp-elements-550bd34fff610c330223cf62a11bef55\">Este viernes qued\u00f3 inaugurado el <strong>\u201cParque acu\u00e1tico\u201d<\/strong> en el balneario del parque Municipal de C. Tejedor, convirti\u00e9ndose en el primero de la zona.<\/p>\n\n\n\n<p class=\"has-black-color has-text-color has-link-color wp-elements-e7982f9716966f0e515278ded811cfef\">\u201cEsto es un gran desaf\u00edo que ten\u00edamos hace tiempo, los sue\u00f1os se hacen realidad cuando se construyen, hoy tenemos finalizado el primer parque acu\u00e1tico para ni\u00f1os en este bello parque municipal que tiene Tejedor\u201d -expres\u00f3 en la inauguraci\u00f3n la Intendenta Gianini-<\/p>\n\n\n\n<p class=\"has-black-color has-text-color has-link-color wp-elements-ac28286cf254289b47436f503177ad6c\">\u201cCon mi equipo de funcionarios lo ven\u00edamos planificando y buscando la inversi\u00f3n -en eso no nos para nadie- &nbsp;por lo que salimos a buscar el recurso econ\u00f3mico, como siempre que queremos lograr algo en pos del crecimiento del distrito.<\/p>\n\n\n\n<p class=\"has-black-color has-text-color has-link-color wp-elements-78f89fffee5897f83469cef7e7d96b6d\">-Con una inversi\u00f3n de <strong>cincuenta millones<\/strong> <strong>de pesos<\/strong> hoy Tejedor cuenta con un espacio novedoso y confortable para los m\u00e1s chicos, aunque -seg\u00fan desliz\u00f3 Maria Celia- \u201caqu\u00ed no finaliza este proyecto, porque con lo que<strong> ahora seguimos es con un parque acu\u00e1tico para la tercera edad,<\/strong> en eso tambi\u00e9n estamos trabajando\u201d \u2013asegur\u00f3-<\/p>\n\n\n\n<figure class=\"wp-block-gallery has-nested-images columns-default is-cropped wp-block-gallery-1 is-layout-flex wp-block-gallery-is-layout-flex\">\n<figure class=\"wp-block-image size-large\"><img data-recalc-dims=\"1\" loading=\"lazy\" decoding=\"async\" width=\"640\" height=\"427\" data-id=\"9441\" src=\"https:\/\/i0.wp.com\/www.labrujulaweb.com.ar\/blog\/wp-content\/uploads\/2024\/01\/PARQUEACIATVALIDO.jpeg?resize=640%2C427&#038;ssl=1\" alt=\"\" class=\"wp-image-9441\" srcset=\"https:\/\/i0.wp.com\/www.labrujulaweb.com.ar\/blog\/wp-content\/uploads\/2024\/01\/PARQUEACIATVALIDO.jpeg?w=750&amp;ssl=1 750w, https:\/\/i0.wp.com\/www.labrujulaweb.com.ar\/blog\/wp-content\/uploads\/2024\/01\/PARQUEACIATVALIDO.jpeg?resize=300%2C200&amp;ssl=1 300w\" sizes=\"auto, (max-width: 640px) 100vw, 640px\" \/><\/figure>\n\n\n\n<figure class=\"wp-block-image size-large\"><img data-recalc-dims=\"1\" loading=\"lazy\" decoding=\"async\" width=\"640\" height=\"360\" data-id=\"9440\" src=\"https:\/\/i0.wp.com\/www.labrujulaweb.com.ar\/blog\/wp-content\/uploads\/2024\/01\/PARQUEACUATVALIDO.jpeg?resize=640%2C360&#038;ssl=1\" alt=\"\" class=\"wp-image-9440\" srcset=\"https:\/\/i0.wp.com\/www.labrujulaweb.com.ar\/blog\/wp-content\/uploads\/2024\/01\/PARQUEACUATVALIDO.jpeg?w=889&amp;ssl=1 889w, https:\/\/i0.wp.com\/www.labrujulaweb.com.ar\/blog\/wp-content\/uploads\/2024\/01\/PARQUEACUATVALIDO.jpeg?resize=300%2C169&amp;ssl=1 300w, https:\/\/i0.wp.com\/www.labrujulaweb.com.ar\/blog\/wp-content\/uploads\/2024\/01\/PARQUEACUATVALIDO.jpeg?resize=768%2C432&amp;ssl=1 768w\" sizes=\"auto, (max-width: 640px) 100vw, 640px\" \/><\/figure>\n\n\n\n<figure class=\"wp-block-image size-large\"><img data-recalc-dims=\"1\" loading=\"lazy\" decoding=\"async\" width=\"640\" height=\"427\" data-id=\"9439\" src=\"https:\/\/i0.wp.com\/www.labrujulaweb.com.ar\/blog\/wp-content\/uploads\/2024\/01\/PARQUEACUATVALIDOOO.jpg?resize=640%2C427&#038;ssl=1\" alt=\"\" class=\"wp-image-9439\" srcset=\"https:\/\/i0.wp.com\/www.labrujulaweb.com.ar\/blog\/wp-content\/uploads\/2024\/01\/PARQUEACUATVALIDOOO.jpg?w=750&amp;ssl=1 750w, https:\/\/i0.wp.com\/www.labrujulaweb.com.ar\/blog\/wp-content\/uploads\/2024\/01\/PARQUEACUATVALIDOOO.jpg?resize=300%2C200&amp;ssl=1 300w\" sizes=\"auto, (max-width: 640px) 100vw, 640px\" \/><\/figure>\n<\/figure>\n\n\n\n<p class=\"has-black-color has-text-color has-link-color wp-elements-d011a74cb505fcb2c6a0961141147279\">-La temporada 2024 en Tejedor comenz\u00f3 con mejoras en los natatorios para adultos como:\u00a0 <strong>rampas nuevas<\/strong>, <strong>piso de lajas at\u00e9rmicas<\/strong> <strong>y bancos adecuados<\/strong> para el lugar, lo que le da m\u00e1s comodidad y seguridad al espacio veraniego, el cual est\u00e1 disponible todos los d\u00edas de la semana para los habitantes del distrito como para visitantes de otros distritos que ya planean sus d\u00edas en familia en el parque Municipal de Tejedor.<\/p>\n\n\n\n<p class=\"has-black-color has-text-color has-link-color wp-elements-998158d6a6ec77db668b2ff51bc3d00e\">-Tras el encendido de las bombas pertenecientes al funcionamiento de los juegos acu\u00e1ticos, centenares de ni\u00f1os y ni\u00f1as junto a padres y abuelos celebraron el primer chapuz\u00f3n llenos de alegr\u00eda y diversi\u00f3n.<\/p>\n\n\n\n<p class=\"has-black-color has-text-color has-link-color wp-elements-29de7b1f236d36b8ada6032ac2c17ad1\">\u00abSi hay algo en que nos comprometemos, es en <strong>cuidar a los ni\u00f1os\/as,<\/strong> darles alegr\u00eda e invertir en ellos, no solo en educaci\u00f3n, tambi\u00e9n en diversi\u00f3n y esparcimiento\u00bb &#8211; asever\u00f3 la primera mandataria Tejedorense Maria C. Gianini-<\/p>\n\n\n\n<figure class=\"wp-block-gallery has-nested-images columns-default is-cropped wp-block-gallery-2 is-layout-flex wp-block-gallery-is-layout-flex\">\n<figure class=\"wp-block-image size-large\"><img data-recalc-dims=\"1\" loading=\"lazy\" decoding=\"async\" width=\"640\" height=\"427\" data-id=\"9442\" src=\"https:\/\/i0.wp.com\/www.labrujulaweb.com.ar\/blog\/wp-content\/uploads\/2024\/01\/PARQUEACUAVALIDO.jpeg?resize=640%2C427&#038;ssl=1\" alt=\"\" class=\"wp-image-9442\" srcset=\"https:\/\/i0.wp.com\/www.labrujulaweb.com.ar\/blog\/wp-content\/uploads\/2024\/01\/PARQUEACUAVALIDO.jpeg?w=750&amp;ssl=1 750w, https:\/\/i0.wp.com\/www.labrujulaweb.com.ar\/blog\/wp-content\/uploads\/2024\/01\/PARQUEACUAVALIDO.jpeg?resize=300%2C200&amp;ssl=1 300w\" sizes=\"auto, (max-width: 640px) 100vw, 640px\" \/><\/figure>\n\n\n\n<figure class=\"wp-block-image size-large\"><img data-recalc-dims=\"1\" loading=\"lazy\" decoding=\"async\" width=\"640\" height=\"427\" data-id=\"9443\" src=\"https:\/\/i0.wp.com\/www.labrujulaweb.com.ar\/blog\/wp-content\/uploads\/2024\/01\/PARQUECVALIDO.jpeg?resize=640%2C427&#038;ssl=1\" alt=\"\" class=\"wp-image-9443\" srcset=\"https:\/\/i0.wp.com\/www.labrujulaweb.com.ar\/blog\/wp-content\/uploads\/2024\/01\/PARQUECVALIDO.jpeg?w=750&amp;ssl=1 750w, https:\/\/i0.wp.com\/www.labrujulaweb.com.ar\/blog\/wp-content\/uploads\/2024\/01\/PARQUECVALIDO.jpeg?resize=300%2C200&amp;ssl=1 300w\" sizes=\"auto, (max-width: 640px) 100vw, 640px\" \/><\/figure>\n\n\n\n<figure class=\"wp-block-image size-large\"><img data-recalc-dims=\"1\" loading=\"lazy\" decoding=\"async\" width=\"640\" height=\"427\" data-id=\"9444\" src=\"https:\/\/i0.wp.com\/www.labrujulaweb.com.ar\/blog\/wp-content\/uploads\/2024\/01\/PARQUETEJVALIDO.jpeg?resize=640%2C427&#038;ssl=1\" alt=\"\" class=\"wp-image-9444\" srcset=\"https:\/\/i0.wp.com\/www.labrujulaweb.com.ar\/blog\/wp-content\/uploads\/2024\/01\/PARQUETEJVALIDO.jpeg?w=750&amp;ssl=1 750w, https:\/\/i0.wp.com\/www.labrujulaweb.com.ar\/blog\/wp-content\/uploads\/2024\/01\/PARQUETEJVALIDO.jpeg?resize=300%2C200&amp;ssl=1 300w\" sizes=\"auto, (max-width: 640px) 100vw, 640px\" \/><\/figure>\n<\/figure>\n\n\n\n<p><\/p>\n","protected":false},"excerpt":{"rendered":"<p>Este viernes qued\u00f3 inaugurado el \u201cParque acu\u00e1tico\u201d en el balneario del parque Municipal de C. Tejedor, convirti\u00e9ndose en el primero de la zona. \u201cEsto es un gran desaf\u00edo que ten\u00edamos hace tiempo, los sue\u00f1os se hacen realidad cuando se construyen, hoy tenemos finalizado el primer parque acu\u00e1tico para ni\u00f1os en este bello parque municipal que [&hellip;]<\/p>\n","protected":false},"author":1,"featured_media":9438,"comment_status":"open","ping_status":"open","sticky":false,"template":"","format":"standard","meta":{"footnotes":"","jetpack_publicize_message":"","jetpack_publicize_feature_enabled":true,"jetpack_social_post_already_shared":true,"jetpack_social_options":{"image_generator_settings":{"template":"highway","default_image_id":0,"font":"","enabled":false},"version":2}},"categories":[26,8,30,31,6,9,37],"tags":[],"class_list":["post-9437","post","type-post","status-publish","format-standard","has-post-thumbnail","hentry","category-carlos-tejedor","category-deportes","category-politicadirigencia","category-importantes","category-interes-general","category-municipios","category-sociedad"],"jetpack_publicize_connections":[],"jetpack_featured_media_url":"https:\/\/i0.wp.com\/www.labrujulaweb.com.ar\/blog\/wp-content\/uploads\/2024\/01\/PARQUEPORTADAVALIDO.jpeg?fit=889%2C500&ssl=1","jetpack_sharing_enabled":true,"_links":{"self":[{"href":"https:\/\/www.labrujulaweb.com.ar\/blog\/wp-json\/wp\/v2\/posts\/9437","targetHints":{"allow":["GET"]}}],"collection":[{"href":"https:\/\/www.labrujulaweb.com.ar\/blog\/wp-json\/wp\/v2\/posts"}],"about":[{"href":"https:\/\/www.labrujulaweb.com.ar\/blog\/wp-json\/wp\/v2\/types\/post"}],"author":[{"embeddable":true,"href":"https:\/\/www.labrujulaweb.com.ar\/blog\/wp-json\/wp\/v2\/users\/1"}],"replies":[{"embeddable":true,"href":"https:\/\/www.labrujulaweb.com.ar\/blog\/wp-json\/wp\/v2\/comments?post=9437"}],"version-history":[{"count":1,"href":"https:\/\/www.labrujulaweb.com.ar\/blog\/wp-json\/wp\/v2\/posts\/9437\/revisions"}],"predecessor-version":[{"id":9446,"href":"https:\/\/www.labrujulaweb.com.ar\/blog\/wp-json\/wp\/v2\/posts\/9437\/revisions\/9446"}],"wp:featuredmedia":[{"embeddable":true,"href":"https:\/\/www.labrujulaweb.com.ar\/blog\/wp-json\/wp\/v2\/media\/9438"}],"wp:attachment":[{"href":"https:\/\/www.labrujulaweb.com.ar\/blog\/wp-json\/wp\/v2\/media?parent=9437"}],"wp:term":[{"taxonomy":"category","embeddable":true,"href":"https:\/\/www.labrujulaweb.com.ar\/blog\/wp-json\/wp\/v2\/categories?post=9437"},{"taxonomy":"post_tag","embeddable":true,"href":"https:\/\/www.labrujulaweb.com.ar\/blog\/wp-json\/wp\/v2\/tags?post=9437"}],"curies":[{"name":"wp","href":"https:\/\/api.w.org\/{rel}","templated":true}]}}