{"id":9526,"date":"2024-02-08T08:24:12","date_gmt":"2024-02-08T11:24:12","guid":{"rendered":"https:\/\/www.labrujulaweb.com.ar\/blog\/?p=9526"},"modified":"2024-02-14T17:01:06","modified_gmt":"2024-02-14T20:01:06","slug":"ameghino-en-plena-tormenta-volco-el-carro-transportado-por-una-camioneta","status":"publish","type":"post","link":"https:\/\/www.labrujulaweb.com.ar\/blog\/interes-general\/ameghino-en-plena-tormenta-volco-el-carro-transportado-por-una-camioneta\/","title":{"rendered":"Ameghino: En plena tormenta volc\u00f3 el carro transportado por una camioneta en Ruta 188."},"content":{"rendered":"\n<p class=\"has-black-color has-text-color has-link-color wp-elements-f5f22ef7e8ee4b031a6c997d93d99f25\"><strong><em>En medio de la tormenta registrada esta ma\u00f1ana en Ameghino, hubo salida de bomberos a Ruta Nac. 188 por accidente entre los dos peajes<\/em><\/strong>, <strong><em>sin graves consecuencias<\/em><\/strong>.<\/p>\n\n\n\n<p class=\"has-black-color has-text-color has-link-color wp-elements-4ccd60da54ca621a8c259c8f2743f4ac\">El servicio de bomberos y policia qued\u00f3 sin efecto, despues de un extenso recorrido hasta el <strong>km 280<\/strong> de Ruta Nac. 188 (pasando jurisdicci\u00f3n)  al no encontrar novedades.<\/p>\n\n\n\n<p class=\"has-black-color has-text-color has-link-color wp-elements-b1b1c20134a0591cd063edd0202f9919\">La  polic\u00eda hizo un <strong>rastreo<\/strong> del llamado y como resultado arroj\u00f3  que el vuelco hab\u00eda sido real, pero solucionado por el propietario del rodado, siguiendo su destino.<\/p>\n\n\n\n<p class=\"has-black-color has-text-color has-link-color wp-elements-e2974dadaf5aa4718b8d158fc718449e\">Se trat\u00f3 de una camioneta con un carro, propiedad de un reconocido comisionista de Ameghino que se dirig\u00eda sentido Ameghino-Junin,  producto de la colisi\u00f3n hizo que volcara el carro, que fue levantado r\u00e1pidamente por el propietario con ayuda y sigui\u00f3 su destino <strong>sin lamentar mas inconvenientes.<\/strong><\/p>\n\n\n\n<p class=\"has-black-color has-text-color has-link-color wp-elements-519ef62577c155dc73ef813949d8786a\">Ni desde policia ni bomberos recibieron llamado para informar, raz\u00f3n por la cual recorrieron zona para verificar el llamado que lleg\u00f3 a trav\u00e9s del 911.<\/p>\n\n\n\n<p class=\"has-black-color has-text-color has-link-color wp-elements-8cb91e83cc932d3e390e2ce45c21fa8b\"><strong>Actuaron policia Comunal y dos dotaciones de Bomberos Voluntarios.<\/strong><\/p>\n","protected":false},"excerpt":{"rendered":"<p>En medio de la tormenta registrada esta ma\u00f1ana en Ameghino, hubo salida de bomberos a Ruta Nac. 188 por accidente entre los dos peajes, sin graves consecuencias. El servicio de bomberos y policia qued\u00f3 sin efecto, despues de un extenso recorrido hasta el km 280 de Ruta Nac. 188 (pasando jurisdicci\u00f3n) al no encontrar novedades. [&hellip;]<\/p>\n","protected":false},"author":1,"featured_media":9527,"comment_status":"open","ping_status":"open","sticky":false,"template":"","format":"standard","meta":{"footnotes":"","jetpack_publicize_message":"","jetpack_publicize_feature_enabled":true,"jetpack_social_post_already_shared":true,"jetpack_social_options":{"image_generator_settings":{"template":"highway","default_image_id":0,"font":"","enabled":false},"version":2}},"categories":[24,31,6,9,34,37],"tags":[],"class_list":["post-9526","post","type-post","status-publish","format-standard","has-post-thumbnail","hentry","category-florentino-ameghino","category-importantes","category-interes-general","category-municipios","category-policial","category-sociedad"],"jetpack_publicize_connections":[],"jetpack_featured_media_url":"https:\/\/i0.wp.com\/www.labrujulaweb.com.ar\/blog\/wp-content\/uploads\/2024\/02\/WhatsApp-Image-2022-09-29-at-18.16.49.jpeg?fit=889%2C500&ssl=1","jetpack_sharing_enabled":true,"_links":{"self":[{"href":"https:\/\/www.labrujulaweb.com.ar\/blog\/wp-json\/wp\/v2\/posts\/9526","targetHints":{"allow":["GET"]}}],"collection":[{"href":"https:\/\/www.labrujulaweb.com.ar\/blog\/wp-json\/wp\/v2\/posts"}],"about":[{"href":"https:\/\/www.labrujulaweb.com.ar\/blog\/wp-json\/wp\/v2\/types\/post"}],"author":[{"embeddable":true,"href":"https:\/\/www.labrujulaweb.com.ar\/blog\/wp-json\/wp\/v2\/users\/1"}],"replies":[{"embeddable":true,"href":"https:\/\/www.labrujulaweb.com.ar\/blog\/wp-json\/wp\/v2\/comments?post=9526"}],"version-history":[{"count":4,"href":"https:\/\/www.labrujulaweb.com.ar\/blog\/wp-json\/wp\/v2\/posts\/9526\/revisions"}],"predecessor-version":[{"id":9535,"href":"https:\/\/www.labrujulaweb.com.ar\/blog\/wp-json\/wp\/v2\/posts\/9526\/revisions\/9535"}],"wp:featuredmedia":[{"embeddable":true,"href":"https:\/\/www.labrujulaweb.com.ar\/blog\/wp-json\/wp\/v2\/media\/9527"}],"wp:attachment":[{"href":"https:\/\/www.labrujulaweb.com.ar\/blog\/wp-json\/wp\/v2\/media?parent=9526"}],"wp:term":[{"taxonomy":"category","embeddable":true,"href":"https:\/\/www.labrujulaweb.com.ar\/blog\/wp-json\/wp\/v2\/categories?post=9526"},{"taxonomy":"post_tag","embeddable":true,"href":"https:\/\/www.labrujulaweb.com.ar\/blog\/wp-json\/wp\/v2\/tags?post=9526"}],"curies":[{"name":"wp","href":"https:\/\/api.w.org\/{rel}","templated":true}]}}