{"id":9573,"date":"2024-02-19T00:06:39","date_gmt":"2024-02-19T03:06:39","guid":{"rendered":"https:\/\/www.labrujulaweb.com.ar\/blog\/?p=9573"},"modified":"2024-02-22T14:55:08","modified_gmt":"2024-02-22T17:55:08","slug":"clima-el-inta-advirtio-sobre-un-probable-regreso-de-la-nina-en-el-segundo-semestre","status":"publish","type":"post","link":"https:\/\/www.labrujulaweb.com.ar\/blog\/interes-general\/clima-el-inta-advirtio-sobre-un-probable-regreso-de-la-nina-en-el-segundo-semestre\/","title":{"rendered":"Clima: el INTA advirti\u00f3 sobre un probable regreso de La Ni\u00f1a en el segundo semestre"},"content":{"rendered":"\n<p class=\"has-black-color has-text-color has-link-color wp-elements-1149ecd6c523ab6701b63f4cd250acc2\"><strong><em>El ENOS es uno de los patrones m\u00e1s importantes de la llamada variabilidad clim\u00e1tica interanual<\/em><\/strong><\/p>\n\n\n\n<p class=\"has-black-color has-text-color has-link-color wp-elements-49bf54a10d0868741b8adb56fb9cf6a8\">El Instituto Nacional de Tecnolog\u00eda Agropecuaria (INTA)&nbsp;<strong>advirti\u00f3 sobre un probable regreso del fen\u00f3meno clim\u00e1tico \u201cLa Ni\u00f1a\u201d&nbsp;<\/strong>en la segunda mitad del a\u00f1o, tras el debilitamiento de \u201cEl Ni\u00f1o\u201d.<\/p>\n\n\n\n<p class=\"has-black-color has-text-color has-link-color wp-elements-b11d77771ede1ef5e541bbcc453cfa0f\">\u201cPara el trimestre febrero-marzo-abril, todos los modelos indican un debilitamiento de los valores c\u00e1lidos de la temperatura del Oc\u00e9ano Pac\u00edfico ecuatorial\u201d, consign\u00f3 el INTA en su \u00faltimo Informe Agrometeorol\u00f3gico Semanal.<\/p>\n\n\n\n<p class=\"has-black-color has-text-color has-link-color wp-elements-0504da9fc9f9ccea83ae8b5dad795f88\">Por ello, indic\u00f3 el organismo, \u201cse espera que El Ni\u00f1o contin\u00fae presente durante lo que resta del verano e inicio del oto\u00f1o, con una transici\u00f3n hacia la fase neutral del ENSO (El Ni\u00f1o Oscilaci\u00f3n del Sur, en ingl\u00e9s) a partir del trimestre abril-junio\u201d<\/p>\n\n\n\n<p class=\"has-black-color has-text-color has-link-color wp-elements-e6cffebdcc7c97f632445933bffaa9e6\">\u201cPosteriormente, la mayor\u00eda de los modelos coinciden en indicar la continuaci\u00f3n del enfriamiento del Oc\u00e9ano Pacifico central\u201d, agreg\u00f3 el trabajo. De esta manera, complet\u00f3,&nbsp;<strong>\u201chacia julio-septiembre 2024 la mayor probabilidad (m\u00e1s del 60%) se asigna a la fase La Ni\u00f1a\u201d.<\/strong><\/p>\n\n\n\n<h2 class=\"wp-block-heading\">Las fases del ENOS<\/h2>\n\n\n\n<p class=\"has-black-color has-text-color has-link-color wp-elements-4de4387c65875f0136a9eb96f3f3694c\">De acuerdo a datos proporcionados por Servicio Meteorol\u00f3gico Nacional, \u201c<strong>El Ni\u00f1o\/Oscilaci\u00f3n del Sur (ENOS)<\/strong>&nbsp;es un fen\u00f3meno natural caracterizado por la fluctuaci\u00f3n de las temperaturas del oc\u00e9ano en la parte central y oriental del Pac\u00edfico ecuatorial, asociada a cambios en la atm\u00f3sfera\u201d.<\/p>\n\n\n\n<p class=\"has-black-color has-text-color has-link-color wp-elements-de802cad924e9bb50d0e8001de552957\"><strong>El ENOS \u201ces uno de los patrones m\u00e1s importantes de la llamada variabilidad clim\u00e1tica interanual<\/strong>, que incluye modificaciones de la circulaci\u00f3n de la atm\u00f3sfera que pueden durar desde varios meses a pocos a\u00f1os\u201d.<\/p>\n\n\n\n<p class=\"has-black-color has-text-color has-link-color wp-elements-ab7160094459e06a12bf9002d1b26c59\"><strong>El Ni\u00f1o y La Ni\u00f1a conforman los componentes oce\u00e1nicos del fen\u00f3meno, mientras que la Oscilaci\u00f3n del Sur es el componente atmosf\u00e9rico,<\/strong>&nbsp;y ambos dan origen al t\u00e9rmino El Ni\u00f1o\/Oscilaci\u00f3n del Sur. En esa din\u00e1mica, el proceso comprende tres fases: El Ni\u00f1o, La Ni\u00f1a y una fase neutra.<\/p>\n\n\n\n<p class=\"has-black-color has-text-color has-link-color wp-elements-da5dd7d6459cef2626f7bfc7eb1916da\"><strong>Los efectos de esta oscilaci\u00f3n sobre nuestro pa\u00eds son diversos<\/strong>&nbsp;y var\u00edan dependiendo de la fase, la regi\u00f3n y la \u00e9poca del a\u00f1o. En particular durante la primavera y verano el noreste argentino tiende a registrar precipitaciones superiores a las normales durante una fase El Ni\u00f1o. Durante la fase La Ni\u00f1a misma zona tiende a registrar precipitaciones por debajo de lo normal.<\/p>\n\n\n\n<p class=\"has-black-color has-text-color has-link-color wp-elements-d877ceb08dce362a91955fe51ec65cad\">El fen\u00f3meno tiene&nbsp;<strong>una periodicidad irregular, usualmente ocurre cada dos a siete a\u00f1os<\/strong>, y se declara una fase El Ni\u00f1o\/La Ni\u00f1a cuando las temperaturas del mar en el Pac\u00edfico oriental tropical aumentan\/disminuyen 0,5\u00b0C por encima\/por debajo del promedio durante varios meses consecutivos (5 trimestres).<\/p>\n\n\n\n<p class=\"has-black-color has-text-color has-link-color wp-elements-23e1a4ae0ecc8d2d21a045fdab167f21\">Se cree que el nombre de este fen\u00f3meno se origin\u00f3 hace siglos atr\u00e1s por&nbsp;<strong>\u201cEl Ni\u00f1o Jes\u00fas\u201d,&nbsp;<\/strong>cuando en fechas cercanas a la Navidad, los pescadores peruanos&nbsp;se refirieron al fen\u00f3meno meteorol\u00f3gico en honor al reci\u00e9n nacido Ni\u00f1o Jes\u00fas. (DIB) ACR<\/p>\n","protected":false},"excerpt":{"rendered":"<p>El ENOS es uno de los patrones m\u00e1s importantes de la llamada variabilidad clim\u00e1tica interanual El Instituto Nacional de Tecnolog\u00eda Agropecuaria (INTA)&nbsp;advirti\u00f3 sobre un probable regreso del fen\u00f3meno clim\u00e1tico \u201cLa Ni\u00f1a\u201d&nbsp;en la segunda mitad del a\u00f1o, tras el debilitamiento de \u201cEl Ni\u00f1o\u201d. \u201cPara el trimestre febrero-marzo-abril, todos los modelos indican un debilitamiento de los valores [&hellip;]<\/p>\n","protected":false},"author":2,"featured_media":9577,"comment_status":"open","ping_status":"open","sticky":false,"template":"","format":"standard","meta":{"footnotes":"","jetpack_publicize_message":"","jetpack_publicize_feature_enabled":true,"jetpack_social_post_already_shared":true,"jetpack_social_options":{"image_generator_settings":{"template":"highway","default_image_id":0,"font":"","enabled":false},"version":2}},"categories":[32,38,31,6,33],"tags":[],"class_list":["post-9573","post","type-post","status-publish","format-standard","has-post-thumbnail","hentry","category-agro-negocios","category-clima","category-importantes","category-interes-general","category-rural"],"jetpack_publicize_connections":[],"jetpack_featured_media_url":"https:\/\/i0.wp.com\/www.labrujulaweb.com.ar\/blog\/wp-content\/uploads\/2024\/02\/NINAVALIDAotra.jpg?fit=636%2C370&ssl=1","jetpack_sharing_enabled":true,"_links":{"self":[{"href":"https:\/\/www.labrujulaweb.com.ar\/blog\/wp-json\/wp\/v2\/posts\/9573","targetHints":{"allow":["GET"]}}],"collection":[{"href":"https:\/\/www.labrujulaweb.com.ar\/blog\/wp-json\/wp\/v2\/posts"}],"about":[{"href":"https:\/\/www.labrujulaweb.com.ar\/blog\/wp-json\/wp\/v2\/types\/post"}],"author":[{"embeddable":true,"href":"https:\/\/www.labrujulaweb.com.ar\/blog\/wp-json\/wp\/v2\/users\/2"}],"replies":[{"embeddable":true,"href":"https:\/\/www.labrujulaweb.com.ar\/blog\/wp-json\/wp\/v2\/comments?post=9573"}],"version-history":[{"count":2,"href":"https:\/\/www.labrujulaweb.com.ar\/blog\/wp-json\/wp\/v2\/posts\/9573\/revisions"}],"predecessor-version":[{"id":9576,"href":"https:\/\/www.labrujulaweb.com.ar\/blog\/wp-json\/wp\/v2\/posts\/9573\/revisions\/9576"}],"wp:featuredmedia":[{"embeddable":true,"href":"https:\/\/www.labrujulaweb.com.ar\/blog\/wp-json\/wp\/v2\/media\/9577"}],"wp:attachment":[{"href":"https:\/\/www.labrujulaweb.com.ar\/blog\/wp-json\/wp\/v2\/media?parent=9573"}],"wp:term":[{"taxonomy":"category","embeddable":true,"href":"https:\/\/www.labrujulaweb.com.ar\/blog\/wp-json\/wp\/v2\/categories?post=9573"},{"taxonomy":"post_tag","embeddable":true,"href":"https:\/\/www.labrujulaweb.com.ar\/blog\/wp-json\/wp\/v2\/tags?post=9573"}],"curies":[{"name":"wp","href":"https:\/\/api.w.org\/{rel}","templated":true}]}}