{"id":9628,"date":"2024-02-27T17:12:31","date_gmt":"2024-02-27T20:12:31","guid":{"rendered":"https:\/\/www.labrujulaweb.com.ar\/blog\/?p=9628"},"modified":"2024-02-29T12:44:49","modified_gmt":"2024-02-29T15:44:49","slug":"villegas-el-intendente-anuncio-recategorizaciones-nombramientos-y-aumento-salarial-para-municipales","status":"publish","type":"post","link":"https:\/\/www.labrujulaweb.com.ar\/blog\/interes-general\/villegas-el-intendente-anuncio-recategorizaciones-nombramientos-y-aumento-salarial-para-municipales\/","title":{"rendered":"Villegas: El intendente anunci\u00f3 recategorizaciones-nombramientos y aumento salarial para municipales"},"content":{"rendered":"\n<p class=\"has-black-color has-text-color has-link-color wp-elements-1b1233f4f91b0bdc0e19d576d906ef07\"><strong><em>El Intendente Gilberto Alegre se refiri\u00f3 al reordenamiento de personal municipal que est\u00e1 llevando a cabo desde el inicio de su nueva gesti\u00f3n<\/em><\/strong> <strong><em>y anuncio un aumento del 20 por ciento<\/em><\/strong><\/p>\n\n\n\n<p class=\"has-black-color has-text-color has-link-color wp-elements-cce53c4168bdba8435fa7c9543b9cbb5\">\u201cHicimos un nombramiento de aproximadamente <strong>25 empleados jornalizados<\/strong> y ahora nombramos a <strong>otros 25, <\/strong>incorporando a aquellos que estaban  en condiciones y subimos los m\u00f3dulos a una categor\u00eda superior a esa gente que hace tantos a\u00f1os est\u00e1 trabajando en la municipalidad y nunca ha sido reconocida\u201d- asegur\u00f3 el intendente Gilberto Alegre-<\/p>\n\n\n\n<p class=\"has-black-color has-text-color has-link-color wp-elements-6837368f509116511a90fd9da287ed4b\">En este sentido explic\u00f3 que \u00abEsto es un proceso gradual, por lo que en algunos meses terminaremos designando a todos los empleados jornalizados a planta permanente, primeramente ser\u00e1 con quienes tienen mas antiguedad. Si bien esto no significa un aumento de salario, s\u00ed, el aumento a la categor\u00eda es superior a todos los que estaban en la categor\u00eda obreros y administrativa\u00bb-detall\u00f3-<\/p>\n\n\n\n<p class=\"has-black-color has-text-color has-link-color wp-elements-ef47c244e1ea78ce6a159de3997473c8\">\u00abDe ahora en adelante los ascensos se haran en forma <strong>individual y por m\u00e9rito<\/strong>, junto con esto vamos a dar un <strong>aumento general <\/strong>a todo el personal de la municipalidad de un <strong>20 por ciento a partir de Marzo <\/strong>y esos empleados que estaban en categorias inferiores tambien van a recibir un <strong>aumento adicional<\/strong>\u201c<\/p>\n\n\n\n<p class=\"has-black-color has-text-color has-link-color wp-elements-554bba3980a547bdf8879e83aed1a6e8\">\u00abEstamos trabajando en un proceso de ordenamiento que pensamos llevar adelante de manera progresiva, por eso pedimos que nos tengan paciencia, que vamos a ordenar absolutamente a todos en el tiempo que corresponda\u00bb &#8211; explic\u00f3 Alegre-<\/p>\n\n\n\n<p class=\"has-black-color has-text-color has-link-color wp-elements-97728607f312a983b49c51c79d7af796\">\u201cLo que nosotros hicimos fue poner a todos los empleados en tabla rasa para ver las situaciones que tiene el personal y en funci\u00f3n de eso producir un nuevo ordenamiento que tiene que ver m\u00e1s con la realidad\u201d, explic\u00f3 Alegre.<\/p>\n\n\n\n<p class=\"has-black-color has-text-color has-link-color wp-elements-fe8a9364de3ca10c0af87ba8324ee5d9\">Con respecto a los aumentos se\u00f1al\u00f3 que \u201csi lo hubi\u00e9semos hecho antes seguir\u00edamos con las mismas injusticias, porque los que cobran m\u00e1s seguir\u00edan haci\u00e9ndolo y las categor\u00edas relegadas cobrar\u00edan mucho menos y lo que queriamos que quienes estaban en las categor\u00edas m\u00e1s bajas tengan una consideraci\u00f3n por parte del municipio  por los a\u00f1os de servicio\u201d.<\/p>\n\n\n\n<figure class=\"wp-block-embed is-type-video is-provider-youtube wp-block-embed-youtube wp-embed-aspect-16-9 wp-has-aspect-ratio\"><div class=\"wp-block-embed__wrapper\">\n<div class=\"jetpack-video-wrapper\"><iframe loading=\"lazy\" title=\"Intendente Gilberto Alegre-Villegas\" width=\"640\" height=\"360\" src=\"https:\/\/www.youtube.com\/embed\/1oQXylfV3NU?feature=oembed\" frameborder=\"0\" allow=\"accelerometer; autoplay; clipboard-write; encrypted-media; gyroscope; picture-in-picture; web-share\" referrerpolicy=\"strict-origin-when-cross-origin\" allowfullscreen><\/iframe><\/div>\n<\/div><\/figure>\n","protected":false},"excerpt":{"rendered":"<p>El Intendente Gilberto Alegre se refiri\u00f3 al reordenamiento de personal municipal que est\u00e1 llevando a cabo desde el inicio de su nueva gesti\u00f3n y anuncio un aumento del 20 por ciento \u201cHicimos un nombramiento de aproximadamente 25 empleados jornalizados y ahora nombramos a otros 25, incorporando a aquellos que estaban en condiciones y subimos los [&hellip;]<\/p>\n","protected":false},"author":2,"featured_media":9629,"comment_status":"open","ping_status":"open","sticky":false,"template":"","format":"standard","meta":{"footnotes":"","jetpack_publicize_message":"","jetpack_publicize_feature_enabled":true,"jetpack_social_post_already_shared":true,"jetpack_social_options":{"image_generator_settings":{"template":"highway","default_image_id":0,"font":"","enabled":false},"version":2}},"categories":[25,31,6,9,29,37],"tags":[],"class_list":["post-9628","post","type-post","status-publish","format-standard","has-post-thumbnail","hentry","category-general-villegas","category-importantes","category-interes-general","category-municipios","category-politica-estado","category-sociedad"],"jetpack_publicize_connections":[],"jetpack_featured_media_url":"https:\/\/i0.wp.com\/www.labrujulaweb.com.ar\/blog\/wp-content\/uploads\/2024\/02\/VILLEGASVALIDA.jpg?fit=667%2C500&ssl=1","jetpack_sharing_enabled":true,"_links":{"self":[{"href":"https:\/\/www.labrujulaweb.com.ar\/blog\/wp-json\/wp\/v2\/posts\/9628","targetHints":{"allow":["GET"]}}],"collection":[{"href":"https:\/\/www.labrujulaweb.com.ar\/blog\/wp-json\/wp\/v2\/posts"}],"about":[{"href":"https:\/\/www.labrujulaweb.com.ar\/blog\/wp-json\/wp\/v2\/types\/post"}],"author":[{"embeddable":true,"href":"https:\/\/www.labrujulaweb.com.ar\/blog\/wp-json\/wp\/v2\/users\/2"}],"replies":[{"embeddable":true,"href":"https:\/\/www.labrujulaweb.com.ar\/blog\/wp-json\/wp\/v2\/comments?post=9628"}],"version-history":[{"count":1,"href":"https:\/\/www.labrujulaweb.com.ar\/blog\/wp-json\/wp\/v2\/posts\/9628\/revisions"}],"predecessor-version":[{"id":9630,"href":"https:\/\/www.labrujulaweb.com.ar\/blog\/wp-json\/wp\/v2\/posts\/9628\/revisions\/9630"}],"wp:featuredmedia":[{"embeddable":true,"href":"https:\/\/www.labrujulaweb.com.ar\/blog\/wp-json\/wp\/v2\/media\/9629"}],"wp:attachment":[{"href":"https:\/\/www.labrujulaweb.com.ar\/blog\/wp-json\/wp\/v2\/media?parent=9628"}],"wp:term":[{"taxonomy":"category","embeddable":true,"href":"https:\/\/www.labrujulaweb.com.ar\/blog\/wp-json\/wp\/v2\/categories?post=9628"},{"taxonomy":"post_tag","embeddable":true,"href":"https:\/\/www.labrujulaweb.com.ar\/blog\/wp-json\/wp\/v2\/tags?post=9628"}],"curies":[{"name":"wp","href":"https:\/\/api.w.org\/{rel}","templated":true}]}}