{"id":9631,"date":"2024-02-28T00:00:22","date_gmt":"2024-02-28T03:00:22","guid":{"rendered":"https:\/\/www.labrujulaweb.com.ar\/blog\/?p=9631"},"modified":"2024-03-01T00:36:54","modified_gmt":"2024-03-01T03:36:54","slug":"ameghino-el-incendio-de-una-maquina-fue-el-motivo-de-salida-de-dos-dotaciones-de-bomberos","status":"publish","type":"post","link":"https:\/\/www.labrujulaweb.com.ar\/blog\/interes-general\/ameghino-el-incendio-de-una-maquina-fue-el-motivo-de-salida-de-dos-dotaciones-de-bomberos\/","title":{"rendered":"Ameghino: El incendio de una maquina fu\u00e9 el motivo de salida de dos dotaciones de bomberos"},"content":{"rendered":"\n<p class=\"has-black-color has-text-color has-link-color wp-elements-fefb3a9093f4eec3f12402dd30cd6522\"><strong><em>Este Martes, a ultima hora de la tarde dos dotaciones de bomberos asistieron al incendio de una maquina ria agricola.<\/em><\/strong><\/p>\n\n\n\n<p class=\"has-black-color has-text-color has-link-color wp-elements-9bb854fc2fbd1f601fcc575584124507\">El hecho ocurri\u00f3 frente a Estancia San Jose (Ref: bajada a Establecimiento Los Andes)<\/p>\n\n\n\n<p class=\"has-black-color has-text-color has-link-color wp-elements-8d6408647579f37fdf15aecf16b7c7a2\">Se trat\u00f3 de un principio de incendio sufrido en una maquinaria cosechadora Jhon Deere, que comenz\u00f3 a prender en la parte trasera debido a pasto acumulado en el laboreo. A raiz de la actuacion r\u00e1pida de quienes estaban trabajando en el lugar, no pas\u00f3 a sufrir consecuencias mayores.<\/p>\n\n\n\n<p class=\"has-black-color has-text-color has-link-color wp-elements-c5280b2256625aa7ee2a189185774ff7\">Las dotaciones de bomberos realizaron trabajo de enfriado despues de apagarse en incendio menor.<\/p>\n\n\n\n<figure class=\"wp-block-image size-full\"><img data-recalc-dims=\"1\" loading=\"lazy\" decoding=\"async\" width=\"243\" height=\"500\" src=\"https:\/\/i0.wp.com\/www.labrujulaweb.com.ar\/blog\/wp-content\/uploads\/2024\/02\/MAQUINA3VALIDA-1.jpg?resize=243%2C500&#038;ssl=1\" alt=\"\" class=\"wp-image-9635\" srcset=\"https:\/\/i0.wp.com\/www.labrujulaweb.com.ar\/blog\/wp-content\/uploads\/2024\/02\/MAQUINA3VALIDA-1.jpg?w=243&amp;ssl=1 243w, https:\/\/i0.wp.com\/www.labrujulaweb.com.ar\/blog\/wp-content\/uploads\/2024\/02\/MAQUINA3VALIDA-1.jpg?resize=146%2C300&amp;ssl=1 146w\" sizes=\"auto, (max-width: 243px) 100vw, 243px\" \/><\/figure>\n","protected":false},"excerpt":{"rendered":"<p>Este Martes, a ultima hora de la tarde dos dotaciones de bomberos asistieron al incendio de una maquina ria agricola. El hecho ocurri\u00f3 frente a Estancia San Jose (Ref: bajada a Establecimiento Los Andes) Se trat\u00f3 de un principio de incendio sufrido en una maquinaria cosechadora Jhon Deere, que comenz\u00f3 a prender en la parte [&hellip;]<\/p>\n","protected":false},"author":2,"featured_media":9632,"comment_status":"open","ping_status":"open","sticky":false,"template":"","format":"standard","meta":{"footnotes":"","jetpack_publicize_message":"","jetpack_publicize_feature_enabled":true,"jetpack_social_post_already_shared":true,"jetpack_social_options":{"image_generator_settings":{"template":"highway","default_image_id":0,"font":"","enabled":false},"version":2}},"categories":[24,31,6,9,33,37],"tags":[],"class_list":["post-9631","post","type-post","status-publish","format-standard","has-post-thumbnail","hentry","category-florentino-ameghino","category-importantes","category-interes-general","category-municipios","category-rural","category-sociedad"],"jetpack_publicize_connections":[],"jetpack_featured_media_url":"https:\/\/i0.wp.com\/www.labrujulaweb.com.ar\/blog\/wp-content\/uploads\/2024\/02\/MAQUINA1-VALIDA.jpg?fit=1030%2C500&ssl=1","jetpack_sharing_enabled":true,"_links":{"self":[{"href":"https:\/\/www.labrujulaweb.com.ar\/blog\/wp-json\/wp\/v2\/posts\/9631","targetHints":{"allow":["GET"]}}],"collection":[{"href":"https:\/\/www.labrujulaweb.com.ar\/blog\/wp-json\/wp\/v2\/posts"}],"about":[{"href":"https:\/\/www.labrujulaweb.com.ar\/blog\/wp-json\/wp\/v2\/types\/post"}],"author":[{"embeddable":true,"href":"https:\/\/www.labrujulaweb.com.ar\/blog\/wp-json\/wp\/v2\/users\/2"}],"replies":[{"embeddable":true,"href":"https:\/\/www.labrujulaweb.com.ar\/blog\/wp-json\/wp\/v2\/comments?post=9631"}],"version-history":[{"count":1,"href":"https:\/\/www.labrujulaweb.com.ar\/blog\/wp-json\/wp\/v2\/posts\/9631\/revisions"}],"predecessor-version":[{"id":9636,"href":"https:\/\/www.labrujulaweb.com.ar\/blog\/wp-json\/wp\/v2\/posts\/9631\/revisions\/9636"}],"wp:featuredmedia":[{"embeddable":true,"href":"https:\/\/www.labrujulaweb.com.ar\/blog\/wp-json\/wp\/v2\/media\/9632"}],"wp:attachment":[{"href":"https:\/\/www.labrujulaweb.com.ar\/blog\/wp-json\/wp\/v2\/media?parent=9631"}],"wp:term":[{"taxonomy":"category","embeddable":true,"href":"https:\/\/www.labrujulaweb.com.ar\/blog\/wp-json\/wp\/v2\/categories?post=9631"},{"taxonomy":"post_tag","embeddable":true,"href":"https:\/\/www.labrujulaweb.com.ar\/blog\/wp-json\/wp\/v2\/tags?post=9631"}],"curies":[{"name":"wp","href":"https:\/\/api.w.org\/{rel}","templated":true}]}}