{"id":9643,"date":"2024-02-29T11:42:24","date_gmt":"2024-02-29T14:42:24","guid":{"rendered":"https:\/\/www.labrujulaweb.com.ar\/blog\/?p=9643"},"modified":"2024-03-02T16:37:04","modified_gmt":"2024-03-02T19:37:04","slug":"ameghino-no-habria-transporte-escolar-para-los-alumnos-del-sector-rural","status":"publish","type":"post","link":"https:\/\/www.labrujulaweb.com.ar\/blog\/interes-general\/ameghino-no-habria-transporte-escolar-para-los-alumnos-del-sector-rural\/","title":{"rendered":"Ameghino: No habr\u00eda transporte escolar para los alumnos del sector rural"},"content":{"rendered":"\n<p class=\"has-black-color has-text-color has-link-color wp-elements-e23cb862a2a13479a6e087eb9979ee17\"><strong><em>Por primera vez desde el a\u00f1o 1991 se encuentra en dudas si en el  distrito funcionar\u00e1 el servicio de transporte rural para los alumnos de escuelas primaria y secundaria.<\/em><\/strong><\/p>\n\n\n\n<p class=\"has-black-color has-text-color has-link-color wp-elements-1abea82fb0b059c1a315659469160d2d\">En el d\u00eda de ayer, en el concejo deliberante se trat\u00f3 el tema del transporte escolar de alumnos del sector rural de escuelas primaria y secundaria, la sesion extraordinaria se desarroll\u00f3 ante la presencia de padres y proveedores, con un estado de \u00e1nimo bastante caldeado y familias angustiadas, se pas\u00f3 el tema a comisi\u00f3n \u201ctirando la pelota afuera\u201d y ganando un tiempo, que por supuesto se agota muy pronto con los servicios educativos comenzando su actividad en los pr\u00f3ximos d\u00edas.<\/p>\n\n\n\n<p class=\"has-black-color has-text-color has-link-color wp-elements-94be629b75cff7b258f2c20bc92d303a\">Ante la realidad de recortes imperante, el Ministerio de Educaci\u00f3n provincial no public\u00f3 aun los valores que regir\u00e1n este a\u00f1o para el transporte escolar, en una situaci\u00f3n donde el recorte de fondos a las provincias se extiende como es sabido por todos, aunque, ante la inminencia del comienzo de las clases, habr\u00e1 definiciones muy pronto.<\/p>\n\n\n\n<p class=\"has-black-color has-text-color has-link-color wp-elements-c8269c0394821e12ae5a2acb94715116\">Hist\u00f3ricamente la provincia pagaba el transporte, a valores que seg\u00fan los proveedores del servicio no alcanzaba a cubrir los costos, y el municipio complementaba esos valores para que los chicos que viven en el campo pudieran acceder a los servicios educativos en igualdad de condiciones.<\/p>\n\n\n\n<p class=\"has-black-color has-text-color has-link-color wp-elements-ea8c9bdce2ac39b7822bf8cecbe898c7\">Seg\u00fan informaci\u00f3n aportada por los prestadores de los servicios, esta vez la Municipalidad habr\u00eda decidido retirar ese apoyo, y aunque no hubo hasta ahora comunicaci\u00f3n oficial por parte del ejecutivo municipal, a pocos d\u00edas de comenzar las clases la incertidumbre se extiende por las familias de los ni\u00f1os y j\u00f3venes radicados en el sector rural.<\/p>\n\n\n\n<p class=\"has-black-color has-text-color has-link-color wp-elements-56e49353db56489e0ae9b342f417aed5\">Por estas horas, esperamos la definici\u00f3n del ejecutivo municipal sobre el tema, aunque ser\u00eda un terrible retroceso en \u00e9pocas donde el <strong>\u201cno hay plata\u201d<\/strong> y <strong>\u201cfuera\u201d<\/strong> se extiende sobre la Argentina, que sea justamente la educaci\u00f3n de los ni\u00f1os y j\u00f3venes del distrito los que paguen el pato. Es evidente que el retroceso al 1900 como pregona el presidente se impone ante la pasividad e indiferencia de la mayor\u00eda de la poblaci\u00f3n.<\/p>\n\n\n\n<figure class=\"wp-block-image size-full\"><img data-recalc-dims=\"1\" loading=\"lazy\" decoding=\"async\" width=\"640\" height=\"360\" src=\"https:\/\/i0.wp.com\/www.labrujulaweb.com.ar\/blog\/wp-content\/uploads\/2024\/02\/CONCEJO2-VALIDA.jpg?resize=640%2C360&#038;ssl=1\" alt=\"\" class=\"wp-image-9647\" srcset=\"https:\/\/i0.wp.com\/www.labrujulaweb.com.ar\/blog\/wp-content\/uploads\/2024\/02\/CONCEJO2-VALIDA.jpg?w=889&amp;ssl=1 889w, https:\/\/i0.wp.com\/www.labrujulaweb.com.ar\/blog\/wp-content\/uploads\/2024\/02\/CONCEJO2-VALIDA.jpg?resize=300%2C169&amp;ssl=1 300w, https:\/\/i0.wp.com\/www.labrujulaweb.com.ar\/blog\/wp-content\/uploads\/2024\/02\/CONCEJO2-VALIDA.jpg?resize=768%2C432&amp;ssl=1 768w\" sizes=\"auto, (max-width: 640px) 100vw, 640px\" \/><\/figure>\n","protected":false},"excerpt":{"rendered":"<p>Por primera vez desde el a\u00f1o 1991 se encuentra en dudas si en el distrito funcionar\u00e1 el servicio de transporte rural para los alumnos de escuelas primaria y secundaria. En el d\u00eda de ayer, en el concejo deliberante se trat\u00f3 el tema del transporte escolar de alumnos del sector rural de escuelas primaria y secundaria, [&hellip;]<\/p>\n","protected":false},"author":2,"featured_media":9644,"comment_status":"open","ping_status":"open","sticky":false,"template":"","format":"standard","meta":{"footnotes":"","jetpack_publicize_message":"","jetpack_publicize_feature_enabled":true,"jetpack_social_post_already_shared":true,"jetpack_social_options":{"image_generator_settings":{"template":"highway","default_image_id":0,"font":"","enabled":false},"version":2}},"categories":[7,24,31,6,9,29,37],"tags":[],"class_list":["post-9643","post","type-post","status-publish","format-standard","has-post-thumbnail","hentry","category-cultura","category-florentino-ameghino","category-importantes","category-interes-general","category-municipios","category-politica-estado","category-sociedad"],"jetpack_publicize_connections":[],"jetpack_featured_media_url":"https:\/\/i0.wp.com\/www.labrujulaweb.com.ar\/blog\/wp-content\/uploads\/2024\/02\/CONCEJOVALIDA-PORTA.jpg?fit=889%2C500&ssl=1","jetpack_sharing_enabled":true,"_links":{"self":[{"href":"https:\/\/www.labrujulaweb.com.ar\/blog\/wp-json\/wp\/v2\/posts\/9643","targetHints":{"allow":["GET"]}}],"collection":[{"href":"https:\/\/www.labrujulaweb.com.ar\/blog\/wp-json\/wp\/v2\/posts"}],"about":[{"href":"https:\/\/www.labrujulaweb.com.ar\/blog\/wp-json\/wp\/v2\/types\/post"}],"author":[{"embeddable":true,"href":"https:\/\/www.labrujulaweb.com.ar\/blog\/wp-json\/wp\/v2\/users\/2"}],"replies":[{"embeddable":true,"href":"https:\/\/www.labrujulaweb.com.ar\/blog\/wp-json\/wp\/v2\/comments?post=9643"}],"version-history":[{"count":2,"href":"https:\/\/www.labrujulaweb.com.ar\/blog\/wp-json\/wp\/v2\/posts\/9643\/revisions"}],"predecessor-version":[{"id":9648,"href":"https:\/\/www.labrujulaweb.com.ar\/blog\/wp-json\/wp\/v2\/posts\/9643\/revisions\/9648"}],"wp:featuredmedia":[{"embeddable":true,"href":"https:\/\/www.labrujulaweb.com.ar\/blog\/wp-json\/wp\/v2\/media\/9644"}],"wp:attachment":[{"href":"https:\/\/www.labrujulaweb.com.ar\/blog\/wp-json\/wp\/v2\/media?parent=9643"}],"wp:term":[{"taxonomy":"category","embeddable":true,"href":"https:\/\/www.labrujulaweb.com.ar\/blog\/wp-json\/wp\/v2\/categories?post=9643"},{"taxonomy":"post_tag","embeddable":true,"href":"https:\/\/www.labrujulaweb.com.ar\/blog\/wp-json\/wp\/v2\/tags?post=9643"}],"curies":[{"name":"wp","href":"https:\/\/api.w.org\/{rel}","templated":true}]}}