{"id":9863,"date":"2024-04-23T21:22:15","date_gmt":"2024-04-24T00:22:15","guid":{"rendered":"https:\/\/www.labrujulaweb.com.ar\/blog\/?p=9863"},"modified":"2024-04-29T12:43:05","modified_gmt":"2024-04-29T15:43:05","slug":"zonal-como-fue-la-marcha-universitaria-en-las-ciudades-de-la-zona","status":"publish","type":"post","link":"https:\/\/www.labrujulaweb.com.ar\/blog\/interes-general\/zonal-como-fue-la-marcha-universitaria-en-las-ciudades-de-la-zona\/","title":{"rendered":"Zonal: Como fu\u00e9 la marcha Universitaria en las ciudades de la zona"},"content":{"rendered":"\n<p class=\"has-black-color has-text-color has-link-color wp-elements-40829b13f02d00a358c24863091449cb\"><strong><em>Por d\u00e9cadas no se realizaba una marcha de esta magnitud en Argentina.<\/em><\/strong> <strong><em>Asi como se realiz\u00f3 en cada rinc\u00f3n del pais, las ciudades de la zona como Tejedor, Villegas, Ameghino y Gral Pinto,  tambien salieron en defensa de la educacion publica.<\/em><\/strong>.<\/p>\n\n\n\n<p class=\"has-black-color has-text-color has-link-color wp-elements-28bd41b393ddbc198643827fe0e02eea\">Con una masiva marcha universitaria en todo el pa\u00eds -siendo el epicentro mas notorio la plaza de Mayo en Capital, la ciudad de C\u00f3rdoba, Rosario, Mar del Plata- Ushuaia  \u2013 alumnos, profesores y familias completas salieron a las calles a defender a la educacion publica y visibilizar el desentendimiento por parte del gobierno Nacional hacia las universidades estatales, a las cuales se les ha recortado el presupuesto enfrent\u00e1ndose a las diferentes problem\u00e1ticas existentes, peligrando asi, la continuidad de las mismas.<\/p>\n\n\n\n<p class=\"has-black-color has-text-color has-link-color wp-elements-fe28b1618d837f864200a26ae56ed8d6\">Con expresiones como: \u201cLa educaci\u00f3n debe seguir siendo un derecho\u201d-\u201cLa educaci\u00f3n es futuro\u201d- \u201c A 75 a\u00f1os de lograr este derecho es inadmisible que hoy estemos en esta situaci\u00f3n\u201d- \u201cSomos de los pocos pa\u00edses que logramos una educaci\u00f3n federal\u201d -\u201cNo podemos permitir que millones de Argentinos dejen de so\u00f1ar con un futuro con educaci\u00f3n\u201d -\u201cEs un derecho que est\u00e1 en la constituci\u00f3n, que el estado debe velar por la educaci\u00f3n\u201dentre otras- As\u00ed fueron expres\u00e1ndose distintas voces en diferentes ciudades como <strong><em>C. Tejedor-Gral Villegas- F. Ameghino- Gral Pinto.<\/em><\/strong><\/p>\n\n\n\n<p class=\"has-black-color has-text-color has-link-color wp-elements-213911b9a0a3ba64124450b2f19b94a1\">Imagenes y videos que agradecemos a diferentes colaboradores.<\/p>\n\n\n\n<p class=\"has-black-color has-text-color has-link-color wp-elements-7cc984007d680d96c953106597e4e734\"><strong>CARLOS TEJEDOR MARCHO POR LAS CALLES Y CONCENTR\u00d3 EN LA PLAZA PRINCIPAL<\/strong><\/p>\n\n\n\n<figure class=\"wp-block-embed is-type-video is-provider-youtube wp-block-embed-youtube wp-embed-aspect-16-9 wp-has-aspect-ratio\"><div class=\"wp-block-embed__wrapper\">\n<iframe loading=\"lazy\" title=\"Marcha Universitaria en C. Tejedor\" width=\"640\" height=\"360\" src=\"https:\/\/www.youtube.com\/embed\/5b4cCY6Jvf0?feature=oembed\" frameborder=\"0\" allow=\"accelerometer; autoplay; clipboard-write; encrypted-media; gyroscope; picture-in-picture; web-share\" referrerpolicy=\"strict-origin-when-cross-origin\" allowfullscreen><\/iframe>\n<\/div><\/figure>\n\n\n\n<figure class=\"wp-block-gallery has-nested-images columns-default is-cropped wp-block-gallery-1 is-layout-flex wp-block-gallery-is-layout-flex\">\n<figure class=\"wp-block-image size-large\"><img data-recalc-dims=\"1\" loading=\"lazy\" decoding=\"async\" width=\"640\" height=\"483\" data-id=\"9866\" src=\"https:\/\/i0.wp.com\/www.labrujulaweb.com.ar\/blog\/wp-content\/uploads\/2024\/04\/TEJEDORVAL.jpg?resize=640%2C483&#038;ssl=1\" alt=\"\" class=\"wp-image-9866\" srcset=\"https:\/\/i0.wp.com\/www.labrujulaweb.com.ar\/blog\/wp-content\/uploads\/2024\/04\/TEJEDORVAL.jpg?w=662&amp;ssl=1 662w, https:\/\/i0.wp.com\/www.labrujulaweb.com.ar\/blog\/wp-content\/uploads\/2024\/04\/TEJEDORVAL.jpg?resize=300%2C227&amp;ssl=1 300w, https:\/\/i0.wp.com\/www.labrujulaweb.com.ar\/blog\/wp-content\/uploads\/2024\/04\/TEJEDORVAL.jpg?resize=136%2C102&amp;ssl=1 136w\" sizes=\"auto, (max-width: 640px) 100vw, 640px\" \/><\/figure>\n\n\n\n<figure class=\"wp-block-image size-large\"><img data-recalc-dims=\"1\" loading=\"lazy\" decoding=\"async\" width=\"640\" height=\"483\" data-id=\"9865\" src=\"https:\/\/i0.wp.com\/www.labrujulaweb.com.ar\/blog\/wp-content\/uploads\/2024\/04\/TEJEDORVALIDO.jpg?resize=640%2C483&#038;ssl=1\" alt=\"\" class=\"wp-image-9865\" srcset=\"https:\/\/i0.wp.com\/www.labrujulaweb.com.ar\/blog\/wp-content\/uploads\/2024\/04\/TEJEDORVALIDO.jpg?w=662&amp;ssl=1 662w, https:\/\/i0.wp.com\/www.labrujulaweb.com.ar\/blog\/wp-content\/uploads\/2024\/04\/TEJEDORVALIDO.jpg?resize=300%2C227&amp;ssl=1 300w, https:\/\/i0.wp.com\/www.labrujulaweb.com.ar\/blog\/wp-content\/uploads\/2024\/04\/TEJEDORVALIDO.jpg?resize=136%2C102&amp;ssl=1 136w\" sizes=\"auto, (max-width: 640px) 100vw, 640px\" \/><\/figure>\n\n\n\n<figure class=\"wp-block-image size-large\"><img data-recalc-dims=\"1\" loading=\"lazy\" decoding=\"async\" width=\"640\" height=\"483\" data-id=\"9864\" src=\"https:\/\/i0.wp.com\/www.labrujulaweb.com.ar\/blog\/wp-content\/uploads\/2024\/04\/TEJEDOVALI.jpg?resize=640%2C483&#038;ssl=1\" alt=\"\" class=\"wp-image-9864\" srcset=\"https:\/\/i0.wp.com\/www.labrujulaweb.com.ar\/blog\/wp-content\/uploads\/2024\/04\/TEJEDOVALI.jpg?w=662&amp;ssl=1 662w, https:\/\/i0.wp.com\/www.labrujulaweb.com.ar\/blog\/wp-content\/uploads\/2024\/04\/TEJEDOVALI.jpg?resize=300%2C227&amp;ssl=1 300w, https:\/\/i0.wp.com\/www.labrujulaweb.com.ar\/blog\/wp-content\/uploads\/2024\/04\/TEJEDOVALI.jpg?resize=136%2C102&amp;ssl=1 136w\" sizes=\"auto, (max-width: 640px) 100vw, 640px\" \/><\/figure>\n<\/figure>\n\n\n\n<p class=\"has-black-color has-text-color has-link-color wp-elements-9b97d526dcc632fea61b7f14accbc594\"><strong>GRAL VILLEGAS MARCH\u00d3 Y CONCENTR\u00d3 EN  \u00abUNNOBA\u00bb<\/strong><\/p>\n\n\n\n<figure class=\"wp-block-gallery has-nested-images columns-default is-cropped wp-block-gallery-2 is-layout-flex wp-block-gallery-is-layout-flex\">\n<figure class=\"wp-block-image size-large\"><img data-recalc-dims=\"1\" loading=\"lazy\" decoding=\"async\" width=\"640\" height=\"384\" data-id=\"9868\" src=\"https:\/\/i0.wp.com\/www.labrujulaweb.com.ar\/blog\/wp-content\/uploads\/2024\/04\/VILLEGAS1VALID.jpg?resize=640%2C384&#038;ssl=1\" alt=\"\" class=\"wp-image-9868\" srcset=\"https:\/\/i0.wp.com\/www.labrujulaweb.com.ar\/blog\/wp-content\/uploads\/2024\/04\/VILLEGAS1VALID.jpg?w=833&amp;ssl=1 833w, https:\/\/i0.wp.com\/www.labrujulaweb.com.ar\/blog\/wp-content\/uploads\/2024\/04\/VILLEGAS1VALID.jpg?resize=300%2C180&amp;ssl=1 300w, https:\/\/i0.wp.com\/www.labrujulaweb.com.ar\/blog\/wp-content\/uploads\/2024\/04\/VILLEGAS1VALID.jpg?resize=768%2C461&amp;ssl=1 768w\" sizes=\"auto, (max-width: 640px) 100vw, 640px\" \/><\/figure>\n\n\n\n<figure class=\"wp-block-image size-large\"><img data-recalc-dims=\"1\" loading=\"lazy\" decoding=\"async\" width=\"640\" height=\"388\" data-id=\"9867\" src=\"https:\/\/i0.wp.com\/www.labrujulaweb.com.ar\/blog\/wp-content\/uploads\/2024\/04\/VILLEGAS2.jpeg?resize=640%2C388&#038;ssl=1\" alt=\"\" class=\"wp-image-9867\" srcset=\"https:\/\/i0.wp.com\/www.labrujulaweb.com.ar\/blog\/wp-content\/uploads\/2024\/04\/VILLEGAS2.jpeg?w=720&amp;ssl=1 720w, https:\/\/i0.wp.com\/www.labrujulaweb.com.ar\/blog\/wp-content\/uploads\/2024\/04\/VILLEGAS2.jpeg?resize=300%2C182&amp;ssl=1 300w\" sizes=\"auto, (max-width: 640px) 100vw, 640px\" \/><\/figure>\n\n\n\n<figure class=\"wp-block-image size-large\"><img data-recalc-dims=\"1\" loading=\"lazy\" decoding=\"async\" width=\"640\" height=\"377\" data-id=\"9869\" src=\"https:\/\/i0.wp.com\/www.labrujulaweb.com.ar\/blog\/wp-content\/uploads\/2024\/04\/VILLEGAS3.jpeg?resize=640%2C377&#038;ssl=1\" alt=\"\" class=\"wp-image-9869\" srcset=\"https:\/\/i0.wp.com\/www.labrujulaweb.com.ar\/blog\/wp-content\/uploads\/2024\/04\/VILLEGAS3.jpeg?w=720&amp;ssl=1 720w, https:\/\/i0.wp.com\/www.labrujulaweb.com.ar\/blog\/wp-content\/uploads\/2024\/04\/VILLEGAS3.jpeg?resize=300%2C177&amp;ssl=1 300w\" sizes=\"auto, (max-width: 640px) 100vw, 640px\" \/><\/figure>\n\n\n\n<figure class=\"wp-block-image size-large\"><img data-recalc-dims=\"1\" loading=\"lazy\" decoding=\"async\" width=\"640\" height=\"365\" data-id=\"9870\" src=\"https:\/\/i0.wp.com\/www.labrujulaweb.com.ar\/blog\/wp-content\/uploads\/2024\/04\/VILLEGAS4VALIDA.jpg?resize=640%2C365&#038;ssl=1\" alt=\"\" class=\"wp-image-9870\" srcset=\"https:\/\/i0.wp.com\/www.labrujulaweb.com.ar\/blog\/wp-content\/uploads\/2024\/04\/VILLEGAS4VALIDA.jpg?w=876&amp;ssl=1 876w, https:\/\/i0.wp.com\/www.labrujulaweb.com.ar\/blog\/wp-content\/uploads\/2024\/04\/VILLEGAS4VALIDA.jpg?resize=300%2C171&amp;ssl=1 300w, https:\/\/i0.wp.com\/www.labrujulaweb.com.ar\/blog\/wp-content\/uploads\/2024\/04\/VILLEGAS4VALIDA.jpg?resize=768%2C438&amp;ssl=1 768w\" sizes=\"auto, (max-width: 640px) 100vw, 640px\" \/><\/figure>\n<\/figure>\n\n\n\n<p class=\"has-black-color has-text-color has-link-color wp-elements-04afaf6ad5594abd3f91cf4d098e0432\"><strong>AMEGHINO CONCENTR\u00d3 EN EL EDIFICIO EN CONSTRUCCION DE \u00abUNNOBA\u00bb<\/strong><\/p>\n\n\n\n<figure class=\"wp-block-gallery has-nested-images columns-default is-cropped wp-block-gallery-3 is-layout-flex wp-block-gallery-is-layout-flex\">\n<figure class=\"wp-block-image size-large\"><img data-recalc-dims=\"1\" loading=\"lazy\" decoding=\"async\" width=\"640\" height=\"314\" data-id=\"9871\" src=\"https:\/\/i0.wp.com\/www.labrujulaweb.com.ar\/blog\/wp-content\/uploads\/2024\/04\/AMEGHINO1.jpg?resize=640%2C314&#038;ssl=1\" alt=\"\" class=\"wp-image-9871\" srcset=\"https:\/\/i0.wp.com\/www.labrujulaweb.com.ar\/blog\/wp-content\/uploads\/2024\/04\/AMEGHINO1.jpg?w=1018&amp;ssl=1 1018w, https:\/\/i0.wp.com\/www.labrujulaweb.com.ar\/blog\/wp-content\/uploads\/2024\/04\/AMEGHINO1.jpg?resize=300%2C147&amp;ssl=1 300w, https:\/\/i0.wp.com\/www.labrujulaweb.com.ar\/blog\/wp-content\/uploads\/2024\/04\/AMEGHINO1.jpg?resize=768%2C377&amp;ssl=1 768w\" sizes=\"auto, (max-width: 640px) 100vw, 640px\" \/><\/figure>\n\n\n\n<figure class=\"wp-block-image size-large\"><img data-recalc-dims=\"1\" loading=\"lazy\" decoding=\"async\" width=\"640\" height=\"381\" data-id=\"9874\" src=\"https:\/\/i0.wp.com\/www.labrujulaweb.com.ar\/blog\/wp-content\/uploads\/2024\/04\/AMEGHINO2.jpeg?resize=640%2C381&#038;ssl=1\" alt=\"\" class=\"wp-image-9874\" srcset=\"https:\/\/i0.wp.com\/www.labrujulaweb.com.ar\/blog\/wp-content\/uploads\/2024\/04\/AMEGHINO2.jpeg?resize=1024%2C609&amp;ssl=1 1024w, https:\/\/i0.wp.com\/www.labrujulaweb.com.ar\/blog\/wp-content\/uploads\/2024\/04\/AMEGHINO2.jpeg?resize=300%2C179&amp;ssl=1 300w, https:\/\/i0.wp.com\/www.labrujulaweb.com.ar\/blog\/wp-content\/uploads\/2024\/04\/AMEGHINO2.jpeg?resize=768%2C457&amp;ssl=1 768w, https:\/\/i0.wp.com\/www.labrujulaweb.com.ar\/blog\/wp-content\/uploads\/2024\/04\/AMEGHINO2.jpeg?resize=1536%2C914&amp;ssl=1 1536w, https:\/\/i0.wp.com\/www.labrujulaweb.com.ar\/blog\/wp-content\/uploads\/2024\/04\/AMEGHINO2.jpeg?w=1600&amp;ssl=1 1600w, https:\/\/i0.wp.com\/www.labrujulaweb.com.ar\/blog\/wp-content\/uploads\/2024\/04\/AMEGHINO2.jpeg?w=1280&amp;ssl=1 1280w\" sizes=\"auto, (max-width: 640px) 100vw, 640px\" \/><\/figure>\n\n\n\n<figure class=\"wp-block-image size-large\"><img data-recalc-dims=\"1\" loading=\"lazy\" decoding=\"async\" width=\"640\" height=\"381\" data-id=\"9872\" src=\"https:\/\/i0.wp.com\/www.labrujulaweb.com.ar\/blog\/wp-content\/uploads\/2024\/04\/AMEGHINO2VALIDO.jpg?resize=640%2C381&#038;ssl=1\" alt=\"\" class=\"wp-image-9872\" srcset=\"https:\/\/i0.wp.com\/www.labrujulaweb.com.ar\/blog\/wp-content\/uploads\/2024\/04\/AMEGHINO2VALIDO.jpg?w=840&amp;ssl=1 840w, https:\/\/i0.wp.com\/www.labrujulaweb.com.ar\/blog\/wp-content\/uploads\/2024\/04\/AMEGHINO2VALIDO.jpg?resize=300%2C179&amp;ssl=1 300w, https:\/\/i0.wp.com\/www.labrujulaweb.com.ar\/blog\/wp-content\/uploads\/2024\/04\/AMEGHINO2VALIDO.jpg?resize=768%2C457&amp;ssl=1 768w\" sizes=\"auto, (max-width: 640px) 100vw, 640px\" \/><\/figure>\n\n\n\n<figure class=\"wp-block-image size-large\"><img data-recalc-dims=\"1\" loading=\"lazy\" decoding=\"async\" width=\"640\" height=\"480\" data-id=\"9873\" src=\"https:\/\/i0.wp.com\/www.labrujulaweb.com.ar\/blog\/wp-content\/uploads\/2024\/04\/AMEGHINO3VALID.jpg?resize=640%2C480&#038;ssl=1\" alt=\"\" class=\"wp-image-9873\" srcset=\"https:\/\/i0.wp.com\/www.labrujulaweb.com.ar\/blog\/wp-content\/uploads\/2024\/04\/AMEGHINO3VALID.jpg?w=667&amp;ssl=1 667w, https:\/\/i0.wp.com\/www.labrujulaweb.com.ar\/blog\/wp-content\/uploads\/2024\/04\/AMEGHINO3VALID.jpg?resize=300%2C225&amp;ssl=1 300w, https:\/\/i0.wp.com\/www.labrujulaweb.com.ar\/blog\/wp-content\/uploads\/2024\/04\/AMEGHINO3VALID.jpg?resize=136%2C102&amp;ssl=1 136w\" sizes=\"auto, (max-width: 640px) 100vw, 640px\" \/><\/figure>\n<\/figure>\n\n\n\n<p class=\"has-black-color has-text-color has-link-color wp-elements-1711271e717d04450abf08d1935ab06c\"><strong>GRAL PINTO MARCH\u00d3 HACIA EL CENTRO DE LA CIUDAD<\/strong><\/p>\n\n\n\n<figure class=\"wp-block-image size-large\"><img data-recalc-dims=\"1\" loading=\"lazy\" decoding=\"async\" width=\"640\" height=\"299\" src=\"https:\/\/i0.wp.com\/www.labrujulaweb.com.ar\/blog\/wp-content\/uploads\/2024\/04\/PINTOVALID.jpg?resize=640%2C299&#038;ssl=1\" alt=\"\" class=\"wp-image-9875\" srcset=\"https:\/\/i0.wp.com\/www.labrujulaweb.com.ar\/blog\/wp-content\/uploads\/2024\/04\/PINTOVALID.jpg?resize=1024%2C478&amp;ssl=1 1024w, https:\/\/i0.wp.com\/www.labrujulaweb.com.ar\/blog\/wp-content\/uploads\/2024\/04\/PINTOVALID.jpg?resize=300%2C140&amp;ssl=1 300w, https:\/\/i0.wp.com\/www.labrujulaweb.com.ar\/blog\/wp-content\/uploads\/2024\/04\/PINTOVALID.jpg?resize=768%2C358&amp;ssl=1 768w, https:\/\/i0.wp.com\/www.labrujulaweb.com.ar\/blog\/wp-content\/uploads\/2024\/04\/PINTOVALID.jpg?w=1072&amp;ssl=1 1072w\" sizes=\"auto, (max-width: 640px) 100vw, 640px\" \/><\/figure>\n","protected":false},"excerpt":{"rendered":"<p>Por d\u00e9cadas no se realizaba una marcha de esta magnitud en Argentina. Asi como se realiz\u00f3 en cada rinc\u00f3n del pais, las ciudades de la zona como Tejedor, Villegas, Ameghino y Gral Pinto, tambien salieron en defensa de la educacion publica.. Con una masiva marcha universitaria en todo el pa\u00eds -siendo el epicentro mas notorio [&hellip;]<\/p>\n","protected":false},"author":2,"featured_media":9864,"comment_status":"open","ping_status":"open","sticky":false,"template":"","format":"standard","meta":{"footnotes":"","jetpack_publicize_message":"","jetpack_publicize_feature_enabled":true,"jetpack_social_post_already_shared":true,"jetpack_social_options":{"image_generator_settings":{"template":"highway","default_image_id":0,"font":"","enabled":false},"version":2}},"categories":[26,7,24,23,25,31,6,9,37],"tags":[],"class_list":["post-9863","post","type-post","status-publish","format-standard","has-post-thumbnail","hentry","category-carlos-tejedor","category-cultura","category-florentino-ameghino","category-general-pinto","category-general-villegas","category-importantes","category-interes-general","category-municipios","category-sociedad"],"jetpack_publicize_connections":[],"jetpack_featured_media_url":"https:\/\/i0.wp.com\/www.labrujulaweb.com.ar\/blog\/wp-content\/uploads\/2024\/04\/TEJEDOVALI.jpg?fit=662%2C500&ssl=1","jetpack_sharing_enabled":true,"_links":{"self":[{"href":"https:\/\/www.labrujulaweb.com.ar\/blog\/wp-json\/wp\/v2\/posts\/9863","targetHints":{"allow":["GET"]}}],"collection":[{"href":"https:\/\/www.labrujulaweb.com.ar\/blog\/wp-json\/wp\/v2\/posts"}],"about":[{"href":"https:\/\/www.labrujulaweb.com.ar\/blog\/wp-json\/wp\/v2\/types\/post"}],"author":[{"embeddable":true,"href":"https:\/\/www.labrujulaweb.com.ar\/blog\/wp-json\/wp\/v2\/users\/2"}],"replies":[{"embeddable":true,"href":"https:\/\/www.labrujulaweb.com.ar\/blog\/wp-json\/wp\/v2\/comments?post=9863"}],"version-history":[{"count":1,"href":"https:\/\/www.labrujulaweb.com.ar\/blog\/wp-json\/wp\/v2\/posts\/9863\/revisions"}],"predecessor-version":[{"id":9876,"href":"https:\/\/www.labrujulaweb.com.ar\/blog\/wp-json\/wp\/v2\/posts\/9863\/revisions\/9876"}],"wp:featuredmedia":[{"embeddable":true,"href":"https:\/\/www.labrujulaweb.com.ar\/blog\/wp-json\/wp\/v2\/media\/9864"}],"wp:attachment":[{"href":"https:\/\/www.labrujulaweb.com.ar\/blog\/wp-json\/wp\/v2\/media?parent=9863"}],"wp:term":[{"taxonomy":"category","embeddable":true,"href":"https:\/\/www.labrujulaweb.com.ar\/blog\/wp-json\/wp\/v2\/categories?post=9863"},{"taxonomy":"post_tag","embeddable":true,"href":"https:\/\/www.labrujulaweb.com.ar\/blog\/wp-json\/wp\/v2\/tags?post=9863"}],"curies":[{"name":"wp","href":"https:\/\/api.w.org\/{rel}","templated":true}]}}