{"id":9958,"date":"2024-05-10T12:56:26","date_gmt":"2024-05-10T15:56:26","guid":{"rendered":"https:\/\/www.labrujulaweb.com.ar\/blog\/?p=9958"},"modified":"2024-05-15T21:56:00","modified_gmt":"2024-05-16T00:56:00","slug":"tuberculosis-en-general-villegas-seis-casos-ambulatorios-y-controlados","status":"publish","type":"post","link":"https:\/\/www.labrujulaweb.com.ar\/blog\/interes-general\/tuberculosis-en-general-villegas-seis-casos-ambulatorios-y-controlados\/","title":{"rendered":"Tuberculosis en General Villegas: seis casos ambulatorios y controlados"},"content":{"rendered":"\n<p><strong><em>\u201cSon todos casos ambulatorios con seguimiento de sus m\u00e9dicos de cabecera y est\u00e1n estudiados y controlados\u00bb<\/em><\/strong><\/p>\n\n\n\n<p class=\"has-black-color has-text-color has-link-color wp-elements-4da3f77c23518458979273e4f3255ff2\">Con relaci\u00f3n a los seis casos de <strong>Tuberculosis<\/strong>, detectados en el partido de <strong>General Villegas<\/strong>, la doctora <strong>Silvina Riat<\/strong>, del \u00e1rea de Epidemiolog\u00eda del Hospital Municipal, manifest\u00f3 que \u201cno deja de ser una excepci\u00f3n a la situaci\u00f3n que ocurre con esta enfermedad cr\u00f3nica a nivel pa\u00eds.\u201d<\/p>\n\n\n\n<p class=\"has-black-color has-text-color has-link-color wp-elements-3e5098a2a0026daafec24e4caab8f678\">En relaci\u00f3n a General Villegas, que corresponde a la <strong>Regi\u00f3n Sanitaria II<\/strong> de Pehuaj\u00f3, la m\u00e9dica sostuvo que \u201cestamos con las mismas cifras de la enfermedad que tienen los partidos vecinos, que son entre cuatro y siete casos\u201d y afirm\u00f3 que \u201ctenemos confirmados seis (6) casos. Los tres primeros tuvieron relaci\u00f3n entre s\u00ed y se est\u00e1 finalizando el tratamiento con muy buena evoluci\u00f3n y los tres restantes tienen nexo epidemiol\u00f3gico fuera del distrito de General Villegas y una de ellos, reinici\u00f3 su cuadro respiratorio por tuberculosis\u201d.<\/p>\n\n\n\n<p class=\"has-black-color has-text-color has-link-color wp-elements-c6a72a53ae3c393caa5e57008e57cf93\">Asimismo, Riat sostuvo que \u201cson todos casos ambulatorios con seguimiento de sus m\u00e9dicos de cabecera y est\u00e1n estudiados y controlados con quimioprofilaxis los contactos estrechos de los pacientes positivos\u201d.<\/p>\n\n\n\n<p class=\"has-black-color has-text-color has-link-color wp-elements-37770619f3d88c9619799e5e0f25879d\">Finalmente enfatiz\u00f3 que \u201clos n\u00fameros que tenemos al d\u00eda de la fecha no son para alarmarse sino para ocuparse y en eso estamos\u201d.<\/p>\n\n\n\n<p class=\"has-black-color has-text-color has-link-color wp-elements-85b1b59e16e66f2762d1ec0cfe8b1c8f\"><strong>Qu\u00e9 es la tuberculosis<\/strong><\/p>\n\n\n\n<p class=\"has-black-color has-text-color has-link-color wp-elements-698a6c6f80d2984f8c79d82324783b4d\">La tuberculosis es una enfermedad de las llamadas \u201cemergentes\u201d que ha surgido por el contexto socioecon\u00f3mico cultural, pero tambi\u00e9n va de la mano de la inmunosupresi\u00f3n.<\/p>\n\n\n\n<p class=\"has-black-color has-text-color has-link-color wp-elements-f1d4e5482c0fad5fd1438a8ae5c5adf7\">\u201cGeneralmente afecta a pacientes que est\u00e1n con sus defensas disminuidas\u201d, explic\u00f3 la m\u00e9dica.<\/p>\n","protected":false},"excerpt":{"rendered":"<p>\u201cSon todos casos ambulatorios con seguimiento de sus m\u00e9dicos de cabecera y est\u00e1n estudiados y controlados\u00bb Con relaci\u00f3n a los seis casos de Tuberculosis, detectados en el partido de General Villegas, la doctora Silvina Riat, del \u00e1rea de Epidemiolog\u00eda del Hospital Municipal, manifest\u00f3 que \u201cno deja de ser una excepci\u00f3n a la situaci\u00f3n que ocurre [&hellip;]<\/p>\n","protected":false},"author":2,"featured_media":9959,"comment_status":"open","ping_status":"open","sticky":false,"template":"","format":"standard","meta":{"footnotes":"","jetpack_publicize_message":"","jetpack_publicize_feature_enabled":true,"jetpack_social_post_already_shared":false,"jetpack_social_options":{"image_generator_settings":{"template":"highway","default_image_id":0,"font":"","enabled":false},"version":2}},"categories":[25,31,6,9,36,37],"tags":[],"class_list":["post-9958","post","type-post","status-publish","format-standard","has-post-thumbnail","hentry","category-general-villegas","category-importantes","category-interes-general","category-municipios","category-salud","category-sociedad"],"jetpack_publicize_connections":[],"jetpack_featured_media_url":"https:\/\/i0.wp.com\/www.labrujulaweb.com.ar\/blog\/wp-content\/uploads\/2024\/05\/TUBERCULOSIS.jpg?fit=657%2C500&ssl=1","jetpack_sharing_enabled":true,"_links":{"self":[{"href":"https:\/\/www.labrujulaweb.com.ar\/blog\/wp-json\/wp\/v2\/posts\/9958","targetHints":{"allow":["GET"]}}],"collection":[{"href":"https:\/\/www.labrujulaweb.com.ar\/blog\/wp-json\/wp\/v2\/posts"}],"about":[{"href":"https:\/\/www.labrujulaweb.com.ar\/blog\/wp-json\/wp\/v2\/types\/post"}],"author":[{"embeddable":true,"href":"https:\/\/www.labrujulaweb.com.ar\/blog\/wp-json\/wp\/v2\/users\/2"}],"replies":[{"embeddable":true,"href":"https:\/\/www.labrujulaweb.com.ar\/blog\/wp-json\/wp\/v2\/comments?post=9958"}],"version-history":[{"count":1,"href":"https:\/\/www.labrujulaweb.com.ar\/blog\/wp-json\/wp\/v2\/posts\/9958\/revisions"}],"predecessor-version":[{"id":9960,"href":"https:\/\/www.labrujulaweb.com.ar\/blog\/wp-json\/wp\/v2\/posts\/9958\/revisions\/9960"}],"wp:featuredmedia":[{"embeddable":true,"href":"https:\/\/www.labrujulaweb.com.ar\/blog\/wp-json\/wp\/v2\/media\/9959"}],"wp:attachment":[{"href":"https:\/\/www.labrujulaweb.com.ar\/blog\/wp-json\/wp\/v2\/media?parent=9958"}],"wp:term":[{"taxonomy":"category","embeddable":true,"href":"https:\/\/www.labrujulaweb.com.ar\/blog\/wp-json\/wp\/v2\/categories?post=9958"},{"taxonomy":"post_tag","embeddable":true,"href":"https:\/\/www.labrujulaweb.com.ar\/blog\/wp-json\/wp\/v2\/tags?post=9958"}],"curies":[{"name":"wp","href":"https:\/\/api.w.org\/{rel}","templated":true}]}}