{"id":9961,"date":"2024-05-12T22:40:58","date_gmt":"2024-05-13T01:40:58","guid":{"rendered":"https:\/\/www.labrujulaweb.com.ar\/blog\/?p=9961"},"modified":"2024-05-16T15:13:19","modified_gmt":"2024-05-16T18:13:19","slug":"ameghino-con-bajas-temperaturas-se-desarrollo-la-feria-del-predio-con-ganadores-de-la-competencia","status":"publish","type":"post","link":"https:\/\/www.labrujulaweb.com.ar\/blog\/interes-general\/ameghino-con-bajas-temperaturas-se-desarrollo-la-feria-del-predio-con-ganadores-de-la-competencia\/","title":{"rendered":"Ameghino: Con bajas temperaturas se desarroll\u00f3 \u201cLa feria del Predio\u201d con ganadores de la competencia"},"content":{"rendered":"\n<p><strong><em>Por segunda vez, este Domingo, se desarroll\u00f3 la jornada de Feria, con venta de ropa, plantines y atractivos para la familia, incluida la competencia de \u201cTortas Fritas\u201d con importantes premios.<\/em><\/strong><\/p>\n\n\n\n<p class=\"has-black-color has-text-color has-link-color wp-elements-8bc3b33daa0036c422e984ddb32227e9\">Este evento que fue creado por 4 mujeres, tiene como objetivo, ofrecer un espacio en donde se brinda la oportunidad de poder vender en \u00e9poca de crisis econ\u00f3mica, incluyendo el encuentro social, La solidaridad, empat\u00eda y como una peque\u00f1a ayuda para todo el que as\u00ed lo necesite.<\/p>\n\n\n\n<p class=\"has-black-color has-text-color has-link-color wp-elements-e2d3ebab349c6bb497da0befa89b7a61\">En esta edici\u00f3n, no solo de prendas se trat\u00f3, sino que se anexaron venta de plantines, pelotero, carrito de comida, batucada y concurso de tortas fritas.<\/p>\n\n\n\n<p class=\"has-black-color has-text-color has-link-color wp-elements-56c7c2c492cbc0e17a45f02e5b065414\">Si bien las bajas temperaturas hicieron que el numero de stand de ventas y concurrencia de publico no fuera la cantidad que se sumaron en la primera edici\u00f3n, finalmente se pudo llevar a cabo.<\/p>\n\n\n\n<p class=\"has-black-color has-text-color has-link-color wp-elements-a4623080a2fcb055da1fdd5c49be7cec\">\u201cSab\u00edamos que el clima no acompa\u00f1aba por el frio, pero no quisimos suspenderlo una ves mas, ven\u00edamos de varias suspensiones por mal tiempo\u201d- manifest\u00f3 a La Br\u00fajula una de las organizadoras-<\/p>\n\n\n\n<p class=\"has-black-color has-text-color has-link-color wp-elements-ffba1768e12751ab7115474f6a52c853\">lo que nos pide mucha gente es que en esta \u00e9poca invernal tratemos de hacerlo en un lugar cerrado, para eso vamos a trabajar hacia la pr\u00f3xima edici\u00f3n aseguraron &#8211;<\/p>\n\n\n\n<p class=\"has-black-color has-text-color has-link-color wp-elements-94fad4f1fbca42a73942d0d9966a6dd7\">Un jurado conformado por 5 personas fueron quienes dieron su veredicto para: primer premio de <strong>$100.000<\/strong> para la \u201ctorta mas rica\u201d,cuyo ganador fue: <strong>Roberto Mencho Martinez.<\/strong> El segundo de<strong> $ 15.000 <\/strong>a la \u201cmejor presentaci\u00f3n\u201d correspondi\u00f3 a: <strong>Jos\u00e9 Sanchez<\/strong> y tercer premio por <strong>$ 10.000 <\/strong>a la \u201ctorta mas grande\u201d <strong>Milagros Torres<\/strong>, Cabe destacar que el dinero entregado provino de la donaci\u00f3n de comerciantes locales.<\/p>\n\n\n\n<p class=\"has-black-color has-text-color has-link-color wp-elements-119dcb23ca8d3a0bd7cc1129c6cc0614\">La organizaci\u00f3n agradece a <strong>\u201cStaff La Victoria\u201d <\/strong>que brind\u00f3 de manera gratuita el pelotero- <strong>\u201cElsa Maidana\u201d<\/strong> la locuci\u00f3n \u2013 <strong>\u201cNicolas Diaz y Valeria Contreras\u201d<\/strong> por el pochoclero- a <strong>Comparsa \u201cEstruendo Mudo\u201d <\/strong>y a todos los colaboradores para que este evento se haga realidad y siga como lugar de encuentro que una a los vecinos.<\/p>\n\n\n\n<figure class=\"wp-block-gallery has-nested-images columns-default is-cropped wp-block-gallery-1 is-layout-flex wp-block-gallery-is-layout-flex\">\n<figure class=\"wp-block-image size-large\"><img data-recalc-dims=\"1\" loading=\"lazy\" decoding=\"async\" width=\"375\" height=\"500\" data-id=\"9962\" src=\"https:\/\/i0.wp.com\/www.labrujulaweb.com.ar\/blog\/wp-content\/uploads\/2024\/05\/GANADOR-INTERIOR-VALIDA.jpg?resize=375%2C500&#038;ssl=1\" alt=\"\" class=\"wp-image-9962\" srcset=\"https:\/\/i0.wp.com\/www.labrujulaweb.com.ar\/blog\/wp-content\/uploads\/2024\/05\/GANADOR-INTERIOR-VALIDA.jpg?w=375&amp;ssl=1 375w, https:\/\/i0.wp.com\/www.labrujulaweb.com.ar\/blog\/wp-content\/uploads\/2024\/05\/GANADOR-INTERIOR-VALIDA.jpg?resize=225%2C300&amp;ssl=1 225w\" sizes=\"auto, (max-width: 375px) 100vw, 375px\" \/><\/figure>\n\n\n\n<figure class=\"wp-block-image size-large\"><img data-recalc-dims=\"1\" loading=\"lazy\" decoding=\"async\" width=\"375\" height=\"500\" data-id=\"9963\" src=\"https:\/\/i0.wp.com\/www.labrujulaweb.com.ar\/blog\/wp-content\/uploads\/2024\/05\/GANADOR-INTERIOR-VALIIID.jpg?resize=375%2C500&#038;ssl=1\" alt=\"\" class=\"wp-image-9963\" srcset=\"https:\/\/i0.wp.com\/www.labrujulaweb.com.ar\/blog\/wp-content\/uploads\/2024\/05\/GANADOR-INTERIOR-VALIIID.jpg?w=375&amp;ssl=1 375w, https:\/\/i0.wp.com\/www.labrujulaweb.com.ar\/blog\/wp-content\/uploads\/2024\/05\/GANADOR-INTERIOR-VALIIID.jpg?resize=225%2C300&amp;ssl=1 225w\" sizes=\"auto, (max-width: 375px) 100vw, 375px\" \/><\/figure>\n<\/figure>\n\n\n\n<p class=\"has-black-color has-text-color has-link-color wp-elements-43c9e2009b2768d0401699320ce13074\"><strong>Jurado: Ofelia Franco-Rosa Sandoval- Juan Roberto Ull\u00faa- Miriam Holstein- Magal\u00ed Pizzi.<\/strong> <\/p>\n\n\n\n<figure class=\"wp-block-image size-full\"><img data-recalc-dims=\"1\" loading=\"lazy\" decoding=\"async\" width=\"459\" height=\"500\" src=\"https:\/\/i0.wp.com\/www.labrujulaweb.com.ar\/blog\/wp-content\/uploads\/2024\/05\/JURADOVALID.jpg?resize=459%2C500&#038;ssl=1\" alt=\"\" class=\"wp-image-9964\" srcset=\"https:\/\/i0.wp.com\/www.labrujulaweb.com.ar\/blog\/wp-content\/uploads\/2024\/05\/JURADOVALID.jpg?w=459&amp;ssl=1 459w, https:\/\/i0.wp.com\/www.labrujulaweb.com.ar\/blog\/wp-content\/uploads\/2024\/05\/JURADOVALID.jpg?resize=275%2C300&amp;ssl=1 275w\" sizes=\"auto, (max-width: 459px) 100vw, 459px\" \/><\/figure>\n\n\n\n<p><\/p>\n","protected":false},"excerpt":{"rendered":"<p>Por segunda vez, este Domingo, se desarroll\u00f3 la jornada de Feria, con venta de ropa, plantines y atractivos para la familia, incluida la competencia de \u201cTortas Fritas\u201d con importantes premios. Este evento que fue creado por 4 mujeres, tiene como objetivo, ofrecer un espacio en donde se brinda la oportunidad de poder vender en \u00e9poca [&hellip;]<\/p>\n","protected":false},"author":2,"featured_media":9965,"comment_status":"open","ping_status":"open","sticky":false,"template":"","format":"standard","meta":{"footnotes":"","jetpack_publicize_message":"","jetpack_publicize_feature_enabled":true,"jetpack_social_post_already_shared":false,"jetpack_social_options":{"image_generator_settings":{"template":"highway","default_image_id":0,"font":"","enabled":false},"version":2}},"categories":[24,31,6,9,37],"tags":[],"class_list":["post-9961","post","type-post","status-publish","format-standard","has-post-thumbnail","hentry","category-florentino-ameghino","category-importantes","category-interes-general","category-municipios","category-sociedad"],"jetpack_publicize_connections":[],"jetpack_featured_media_url":"https:\/\/i0.wp.com\/www.labrujulaweb.com.ar\/blog\/wp-content\/uploads\/2024\/05\/GANADOR-PORTADAVALIDA.jpg?fit=504%2C500&ssl=1","jetpack_sharing_enabled":true,"_links":{"self":[{"href":"https:\/\/www.labrujulaweb.com.ar\/blog\/wp-json\/wp\/v2\/posts\/9961","targetHints":{"allow":["GET"]}}],"collection":[{"href":"https:\/\/www.labrujulaweb.com.ar\/blog\/wp-json\/wp\/v2\/posts"}],"about":[{"href":"https:\/\/www.labrujulaweb.com.ar\/blog\/wp-json\/wp\/v2\/types\/post"}],"author":[{"embeddable":true,"href":"https:\/\/www.labrujulaweb.com.ar\/blog\/wp-json\/wp\/v2\/users\/2"}],"replies":[{"embeddable":true,"href":"https:\/\/www.labrujulaweb.com.ar\/blog\/wp-json\/wp\/v2\/comments?post=9961"}],"version-history":[{"count":1,"href":"https:\/\/www.labrujulaweb.com.ar\/blog\/wp-json\/wp\/v2\/posts\/9961\/revisions"}],"predecessor-version":[{"id":9966,"href":"https:\/\/www.labrujulaweb.com.ar\/blog\/wp-json\/wp\/v2\/posts\/9961\/revisions\/9966"}],"wp:featuredmedia":[{"embeddable":true,"href":"https:\/\/www.labrujulaweb.com.ar\/blog\/wp-json\/wp\/v2\/media\/9965"}],"wp:attachment":[{"href":"https:\/\/www.labrujulaweb.com.ar\/blog\/wp-json\/wp\/v2\/media?parent=9961"}],"wp:term":[{"taxonomy":"category","embeddable":true,"href":"https:\/\/www.labrujulaweb.com.ar\/blog\/wp-json\/wp\/v2\/categories?post=9961"},{"taxonomy":"post_tag","embeddable":true,"href":"https:\/\/www.labrujulaweb.com.ar\/blog\/wp-json\/wp\/v2\/tags?post=9961"}],"curies":[{"name":"wp","href":"https:\/\/api.w.org\/{rel}","templated":true}]}}